{"id":40889,"date":"2022-06-07T19:00:22","date_gmt":"2022-06-07T19:00:22","guid":{"rendered":"http:\/\/elterritorialweb.com.ar\/web\/?p=40889"},"modified":"2022-06-07T19:13:25","modified_gmt":"2022-06-07T19:13:25","slug":"zamora-y-dominguez-presentaron-el-plan-ganar-en-santiago-del-estero","status":"publish","type":"post","link":"http:\/\/elterritorialweb.com.ar\/web\/zamora-y-dominguez-presentaron-el-plan-ganar-en-santiago-del-estero\/","title":{"rendered":"ZAMORA Y DOMINGUEZ PRESENTARON EL PLAN GANAR EN SANTIAGO DEL ESTERO"},"content":{"rendered":"\n<p><br>Este plan ofrece una bonificaci\u00f3n en la tasa de inter\u00e9s que tiene como finalidad aumentar la productividad y la competitividad en carnes, leches y subproductos, con una tasa muy accesible, que ser\u00e1 subsidiada partes iguales en un 14% por la Naci\u00f3n y la provincia, para la l\u00ednea de cr\u00e9ditos por 100 mil millones de pesos destinados a productores ganaderos, tamberos y cooperativas agropecuarias.<br>Tambi\u00e9n estuvieron en la presentaci\u00f3n el vicegobernador Carlos Silva Neder; el ministro de Producci\u00f3n, Miguel Mandrile; la gerente del Banco Naci\u00f3n Argentina zona Santiago del Estero, Mar\u00eda Nurabraham; el secretario de Agricultura, Ganader\u00eda Y Pesca de Naci\u00f3n, Mat\u00edas Lestani; el secretario de Alimentos, Bioeconom\u00eda y Desarrollo Regional, Luis Contigiani, autoridades locales, agropecuarios y allegados al sector de producci\u00f3n.<\/p>\n\n\n\n<figure class=\"wp-block-image size-large\"><a href=\"https:\/\/i0.wp.com\/elterritorialweb.com.ar\/web\/wp-content\/uploads\/2022\/06\/PLAN.jpeg\"><img data-recalc-dims=\"1\" decoding=\"async\" width=\"640\" height=\"427\" data-src=\"https:\/\/i0.wp.com\/elterritorialweb.com.ar\/web\/wp-content\/uploads\/2022\/06\/PLAN.jpeg?resize=640%2C427\" alt=\"\" class=\"wp-image-40891 lazyload\" data-srcset=\"https:\/\/i0.wp.com\/elterritorialweb.com.ar\/web\/wp-content\/uploads\/2022\/06\/PLAN.jpeg?resize=1024%2C683 1024w, https:\/\/i0.wp.com\/elterritorialweb.com.ar\/web\/wp-content\/uploads\/2022\/06\/PLAN.jpeg?resize=300%2C200 300w, https:\/\/i0.wp.com\/elterritorialweb.com.ar\/web\/wp-content\/uploads\/2022\/06\/PLAN.jpeg?resize=768%2C512 768w, https:\/\/i0.wp.com\/elterritorialweb.com.ar\/web\/wp-content\/uploads\/2022\/06\/PLAN.jpeg?resize=1536%2C1024 1536w, https:\/\/i0.wp.com\/elterritorialweb.com.ar\/web\/wp-content\/uploads\/2022\/06\/PLAN.jpeg?w=1599 1599w, https:\/\/i0.wp.com\/elterritorialweb.com.ar\/web\/wp-content\/uploads\/2022\/06\/PLAN.jpeg?w=1280 1280w\" data-sizes=\"(max-width: 640px) 100vw, 640px\" src=\"data:image\/svg+xml;base64,PHN2ZyB3aWR0aD0iMSIgaGVpZ2h0PSIxIiB4bWxucz0iaHR0cDovL3d3dy53My5vcmcvMjAwMC9zdmciPjwvc3ZnPg==\" style=\"--smush-placeholder-width: 640px; --smush-placeholder-aspect-ratio: 640\/427;\" \/><\/a><\/figure>\n\n\n\n<p>En este contexto, el ministro Mandrile resalt\u00f3 la importancia de esta l\u00ednea de cr\u00e9dito, ya que \u00abdespu\u00e9s del tercer a\u00f1o consecutivo de sequ\u00edas, esto impacta de manera positiva en el territorio\u201d. \u201cEs por eso \u2013agreg\u00f3- que este dinero est\u00e1 enfocado en dos partes: una para los productores bancarizados y otra l\u00ednea para el sector no bancarizado; tomando como referencia a las instituciones formalmente constituidas por peque\u00f1os productores para dar un tipo de fondo rotatorio a todos ellos con la finalidad de lograr una equidad\u00bb<br>A su turno, Juli\u00e1n Dom\u00ednguez resalt\u00f3 el trabajo que se realiza en este espacio desde el lunes, con la presentaci\u00f3n del programa Agro XXI, mediante la articulaci\u00f3n entre el equipo provincial para estos trabajos y la disposici\u00f3n de los productores. \u00abSi al productor y trabajador le van bien, al pa\u00eds le va a ir bien\u00bb, remarc\u00f3.<br>Tras la firma del convenio correspondiente, el gobernador Zamora fue el encargado de cerrar la presentaci\u00f3n, oportunidad en la que resalt\u00f3 que \u201cel objetivo de este programa es usar todo el potencial en reg\u00edmenes como lo hay en esta zona del pa\u00eds, y como se desarrolla esta b\u00fasqueda y planificaci\u00f3n de una alternativa para ejecutar y coordinar pol\u00edticas activas\u00bb.<\/p>\n\n\n\n<figure class=\"wp-block-image size-large\"><a href=\"https:\/\/i0.wp.com\/elterritorialweb.com.ar\/web\/wp-content\/uploads\/2022\/06\/PLANGANAR1.jpeg\"><img data-recalc-dims=\"1\" decoding=\"async\" width=\"640\" height=\"427\" data-src=\"https:\/\/i0.wp.com\/elterritorialweb.com.ar\/web\/wp-content\/uploads\/2022\/06\/PLANGANAR1.jpeg?resize=640%2C427\" alt=\"\" class=\"wp-image-40892 lazyload\" data-srcset=\"https:\/\/i0.wp.com\/elterritorialweb.com.ar\/web\/wp-content\/uploads\/2022\/06\/PLANGANAR1.jpeg?resize=1024%2C683 1024w, https:\/\/i0.wp.com\/elterritorialweb.com.ar\/web\/wp-content\/uploads\/2022\/06\/PLANGANAR1.jpeg?resize=300%2C200 300w, https:\/\/i0.wp.com\/elterritorialweb.com.ar\/web\/wp-content\/uploads\/2022\/06\/PLANGANAR1.jpeg?resize=768%2C512 768w, https:\/\/i0.wp.com\/elterritorialweb.com.ar\/web\/wp-content\/uploads\/2022\/06\/PLANGANAR1.jpeg?resize=1536%2C1024 1536w, https:\/\/i0.wp.com\/elterritorialweb.com.ar\/web\/wp-content\/uploads\/2022\/06\/PLANGANAR1.jpeg?w=1599 1599w, https:\/\/i0.wp.com\/elterritorialweb.com.ar\/web\/wp-content\/uploads\/2022\/06\/PLANGANAR1.jpeg?w=1280 1280w\" data-sizes=\"(max-width: 640px) 100vw, 640px\" src=\"data:image\/svg+xml;base64,PHN2ZyB3aWR0aD0iMSIgaGVpZ2h0PSIxIiB4bWxucz0iaHR0cDovL3d3dy53My5vcmcvMjAwMC9zdmciPjwvc3ZnPg==\" style=\"--smush-placeholder-width: 640px; --smush-placeholder-aspect-ratio: 640\/427;\" \/><\/a><\/figure>\n\n\n\n<p>Cabe resaltar que durante toda la jornada se abarcar\u00e1n en distintas mesas de trabajo las situaciones y contextos nacionales e internacionales en las \u00e1reas de desarrollo, como tambi\u00e9n el an\u00e1lisis de las problem\u00e1ticas productivas, prospectivas 2030 y planteamientos estrat\u00e9gicos con los productores y representantes del sector.<\/p>\n","protected":false},"excerpt":{"rendered":"<p>El gobernador Gerardo Zamora y el ministro de Agricultura, Ganader\u00eda, Pesca y Alimentaci\u00f3n de la Naci\u00f3n, Juli\u00e1n Dom\u00ednguez, realizaron este martes por la ma\u00f1ana el lanzamiento para Santiago del Estero del Plan Ganader\u00eda Argentina 2022-2023 (Plan GanAr), en un acto que se desarroll\u00f3 en el Centro de Convenciones F\u00f3rum.<\/p>\n","protected":false},"author":2,"featured_media":40890,"comment_status":"open","ping_status":"open","sticky":false,"template":"","format":"standard","meta":{"om_disable_all_campaigns":false,"_monsterinsights_skip_tracking":false,"_monsterinsights_sitenote_active":false,"_monsterinsights_sitenote_note":"","_monsterinsights_sitenote_category":0,"_uf_show_specific_survey":0,"_uf_disable_surveys":false,"jetpack_post_was_ever_published":false,"_jetpack_newsletter_access":"","_jetpack_dont_email_post_to_subs":false,"_jetpack_newsletter_tier_id":0,"_jetpack_memberships_contains_paywalled_content":false,"_jetpack_memberships_contains_paid_content":false,"footnotes":"","jetpack_publicize_message":"","jetpack_publicize_feature_enabled":true,"jetpack_social_post_already_shared":false,"jetpack_social_options":{"image_generator_settings":{"template":"highway","default_image_id":0,"font":"","enabled":false},"version":2}},"categories":[21],"tags":[],"class_list":["post-40889","post","type-post","status-publish","format-standard","has-post-thumbnail","hentry","category-locales"],"aioseo_notices":[],"views":10,"jetpack_publicize_connections":[],"jetpack_featured_media_url":"https:\/\/i0.wp.com\/elterritorialweb.com.ar\/web\/wp-content\/uploads\/2022\/06\/PLANGANAR.jpeg?fit=1599%2C1066","jetpack_sharing_enabled":true,"_links":{"self":[{"href":"http:\/\/elterritorialweb.com.ar\/web\/wp-json\/wp\/v2\/posts\/40889","targetHints":{"allow":["GET"]}}],"collection":[{"href":"http:\/\/elterritorialweb.com.ar\/web\/wp-json\/wp\/v2\/posts"}],"about":[{"href":"http:\/\/elterritorialweb.com.ar\/web\/wp-json\/wp\/v2\/types\/post"}],"author":[{"embeddable":true,"href":"http:\/\/elterritorialweb.com.ar\/web\/wp-json\/wp\/v2\/users\/2"}],"replies":[{"embeddable":true,"href":"http:\/\/elterritorialweb.com.ar\/web\/wp-json\/wp\/v2\/comments?post=40889"}],"version-history":[{"count":1,"href":"http:\/\/elterritorialweb.com.ar\/web\/wp-json\/wp\/v2\/posts\/40889\/revisions"}],"predecessor-version":[{"id":40893,"href":"http:\/\/elterritorialweb.com.ar\/web\/wp-json\/wp\/v2\/posts\/40889\/revisions\/40893"}],"wp:featuredmedia":[{"embeddable":true,"href":"http:\/\/elterritorialweb.com.ar\/web\/wp-json\/wp\/v2\/media\/40890"}],"wp:attachment":[{"href":"http:\/\/elterritorialweb.com.ar\/web\/wp-json\/wp\/v2\/media?parent=40889"}],"wp:term":[{"taxonomy":"category","embeddable":true,"href":"http:\/\/elterritorialweb.com.ar\/web\/wp-json\/wp\/v2\/categories?post=40889"},{"taxonomy":"post_tag","embeddable":true,"href":"http:\/\/elterritorialweb.com.ar\/web\/wp-json\/wp\/v2\/tags?post=40889"}],"curies":[{"name":"wp","href":"https:\/\/api.w.org\/{rel}","templated":true}]}}