{"id":40909,"date":"2022-06-07T22:02:20","date_gmt":"2022-06-07T22:02:20","guid":{"rendered":"http:\/\/elterritorialweb.com.ar\/web\/?p=40909"},"modified":"2022-06-07T22:02:21","modified_gmt":"2022-06-07T22:02:21","slug":"el-pago-del-medio-aguinaldo-a-los-empledos-publicos-se-efectura-el-16-de-junio","status":"publish","type":"post","link":"http:\/\/elterritorialweb.com.ar\/web\/el-pago-del-medio-aguinaldo-a-los-empledos-publicos-se-efectura-el-16-de-junio\/","title":{"rendered":"EL PAGO DEL MEDIO AGUINALDO A LOS EMPLEDOS P\u00daBLICOS, SE EFECTUR\u00c1 EL 16 DE JUNIO"},"content":{"rendered":"\n<p>Este martes, el Ministerio de Econom\u00eda de la Provincia de Santiago del Estero comunic\u00f3 a los empleados de la administraci\u00f3n p\u00fablica provincial que el pago del medio Aguinaldo del corriente a\u00f1o se efectuar\u00e1 el d\u00eda<strong>\u00a0jueves 16 de junio, desde las 8 de la ma\u00f1ana.<\/strong><br>En este sentido aclararon que el pago se realizar\u00e1 en un solo d\u00eda por lo que se solicita precauci\u00f3n en los cajeros, y cumplir con el protocolo de distanciamiento social y de seguridad establecidos por la pandemia del Covid \u2013 19, para evitar riesgos.<\/p>\n","protected":false},"excerpt":{"rendered":"<p>As\u00ed lo inform\u00f3 el Ministerio de Econom\u00eda de la provincia de Santiago del Estero.<\/p>\n","protected":false},"author":2,"featured_media":39129,"comment_status":"open","ping_status":"open","sticky":false,"template":"","format":"standard","meta":{"om_disable_all_campaigns":false,"_monsterinsights_skip_tracking":false,"_monsterinsights_sitenote_active":false,"_monsterinsights_sitenote_note":"","_monsterinsights_sitenote_category":0,"_uf_show_specific_survey":0,"_uf_disable_surveys":false,"jetpack_post_was_ever_published":false,"_jetpack_newsletter_access":"","_jetpack_dont_email_post_to_subs":false,"_jetpack_newsletter_tier_id":0,"_jetpack_memberships_contains_paywalled_content":false,"_jetpack_memberships_contains_paid_content":false,"footnotes":"","jetpack_publicize_message":"","jetpack_publicize_feature_enabled":true,"jetpack_social_post_already_shared":false,"jetpack_social_options":{"image_generator_settings":{"template":"highway","default_image_id":0,"font":"","enabled":false},"version":2}},"categories":[4,2],"tags":[],"class_list":["post-40909","post","type-post","status-publish","format-standard","has-post-thumbnail","hentry","category-destacadas","category-economia"],"aioseo_notices":[],"views":18,"jetpack_publicize_connections":[],"jetpack_featured_media_url":"https:\/\/i0.wp.com\/elterritorialweb.com.ar\/web\/wp-content\/uploads\/2022\/04\/PAGO-BONO.jpg?fit=995%2C545","jetpack_sharing_enabled":true,"_links":{"self":[{"href":"http:\/\/elterritorialweb.com.ar\/web\/wp-json\/wp\/v2\/posts\/40909","targetHints":{"allow":["GET"]}}],"collection":[{"href":"http:\/\/elterritorialweb.com.ar\/web\/wp-json\/wp\/v2\/posts"}],"about":[{"href":"http:\/\/elterritorialweb.com.ar\/web\/wp-json\/wp\/v2\/types\/post"}],"author":[{"embeddable":true,"href":"http:\/\/elterritorialweb.com.ar\/web\/wp-json\/wp\/v2\/users\/2"}],"replies":[{"embeddable":true,"href":"http:\/\/elterritorialweb.com.ar\/web\/wp-json\/wp\/v2\/comments?post=40909"}],"version-history":[{"count":1,"href":"http:\/\/elterritorialweb.com.ar\/web\/wp-json\/wp\/v2\/posts\/40909\/revisions"}],"predecessor-version":[{"id":40910,"href":"http:\/\/elterritorialweb.com.ar\/web\/wp-json\/wp\/v2\/posts\/40909\/revisions\/40910"}],"wp:featuredmedia":[{"embeddable":true,"href":"http:\/\/elterritorialweb.com.ar\/web\/wp-json\/wp\/v2\/media\/39129"}],"wp:attachment":[{"href":"http:\/\/elterritorialweb.com.ar\/web\/wp-json\/wp\/v2\/media?parent=40909"}],"wp:term":[{"taxonomy":"category","embeddable":true,"href":"http:\/\/elterritorialweb.com.ar\/web\/wp-json\/wp\/v2\/categories?post=40909"},{"taxonomy":"post_tag","embeddable":true,"href":"http:\/\/elterritorialweb.com.ar\/web\/wp-json\/wp\/v2\/tags?post=40909"}],"curies":[{"name":"wp","href":"https:\/\/api.w.org\/{rel}","templated":true}]}}