{"id":40921,"date":"2022-06-08T23:02:55","date_gmt":"2022-06-08T23:02:55","guid":{"rendered":"http:\/\/elterritorialweb.com.ar\/web\/?p=40921"},"modified":"2022-06-08T23:02:56","modified_gmt":"2022-06-08T23:02:56","slug":"firman-convenio-por-la-posta-sanitaria-de-la-canada","status":"publish","type":"post","link":"http:\/\/elterritorialweb.com.ar\/web\/firman-convenio-por-la-posta-sanitaria-de-la-canada\/","title":{"rendered":"FIRMAN CONVENIO POR LA POSTA SANITARIA DE LA CA\u00d1ADA"},"content":{"rendered":"\n<p>Se celebr\u00f3 una firma de convenio de cesi\u00f3n de infraestructura y operatividad de la Posta Sanitaria de la localidad de La Ca\u00f1ada de las Termas de R\u00edo Hondo. Con el objetivo de brindar a su poblaci\u00f3n los servicios de atenci\u00f3n primaria de la salud y los programas preventivos y de asistencia sanitaria de la provincia.<\/p>\n\n\n\n<p>La reuni\u00f3n fue encabezada por la Ministra de Salud Lic. Natividad Nassif y el Intendente de la municipalidad de Termas de R\u00edo Hondo Dr. Jorge Mukdise. Desde el Ministerio de Salud tambi\u00e9n acompa\u00f1aron la firma, el Subsecretario de Salud Dr. C\u00e9sar Monti, la Directora de Atenci\u00f3n Primaria de la Salud Dra. Martha Tarchini, el Director de Desarrollo Humano y Salud Comunitaria Lic. Ramiro Banco, el Coordinador de la Direcci\u00f3n del Interior Dr. Luis Pablo Sgoifo y el Director del CIS Termas Dr. Luis C\u00e9sar Mart\u00ednez; y desde la Municipalidad de las Termas el Secretario de Gobierno Rodolfo Muzzolon y el Supervisor Intermedio del Dpto. de R\u00edo Hondo el Agente Sanitario Alejandro Acu\u00f1a.<\/p>\n\n\n\n<figure class=\"wp-block-image size-full\"><a href=\"https:\/\/i0.wp.com\/elterritorialweb.com.ar\/web\/wp-content\/uploads\/2022\/06\/covenio-termas-salud.jpeg\"><img data-recalc-dims=\"1\" decoding=\"async\" width=\"640\" height=\"501\" data-src=\"https:\/\/i0.wp.com\/elterritorialweb.com.ar\/web\/wp-content\/uploads\/2022\/06\/covenio-termas-salud.jpeg?resize=640%2C501\" alt=\"\" class=\"wp-image-40923 lazyload\" data-srcset=\"https:\/\/i0.wp.com\/elterritorialweb.com.ar\/web\/wp-content\/uploads\/2022\/06\/covenio-termas-salud.jpeg?w=1024 1024w, https:\/\/i0.wp.com\/elterritorialweb.com.ar\/web\/wp-content\/uploads\/2022\/06\/covenio-termas-salud.jpeg?resize=300%2C235 300w, https:\/\/i0.wp.com\/elterritorialweb.com.ar\/web\/wp-content\/uploads\/2022\/06\/covenio-termas-salud.jpeg?resize=768%2C602 768w\" data-sizes=\"(max-width: 640px) 100vw, 640px\" src=\"data:image\/svg+xml;base64,PHN2ZyB3aWR0aD0iMSIgaGVpZ2h0PSIxIiB4bWxucz0iaHR0cDovL3d3dy53My5vcmcvMjAwMC9zdmciPjwvc3ZnPg==\" style=\"--smush-placeholder-width: 640px; --smush-placeholder-aspect-ratio: 640\/501;\" \/><\/a><\/figure>\n\n\n\n<p>La Ministra de Salud, Lic. Nassif, celebr\u00f3 el convenio firmado. \u201cEste ser\u00e1 un trabajo articulado y comprometido entre la Direcci\u00f3n del Interior y la Direcci\u00f3n de Atenci\u00f3n Primaria de la Salud, como tambi\u00e9n con el Centro Integral de Salud Termas. El municipio de Termas de R\u00edo Hondo ha emprendido en el \u00e1mbito de la salud numerosas acciones que han dado muestras de su capacidad organizativa como tambi\u00e9n su compromiso con la salud de la poblaci\u00f3n\u201d. Asimismo, la ministra, recalc\u00f3 el trabajo del municipio realizado durante los \u00faltimos dos a\u00f1os \u201cAgradezco el compromiso en el sostenimiento de la red de trabajo para hacer frente a los riesgos por los que hemos atravesado. Trabajo que se articul\u00f3 con el municipio, el hospital, la polic\u00eda, los bomberos y dem\u00e1s asociaciones civiles de la ciudad\u201d.<\/p>\n\n\n\n<p>Por su parte, el Intendente de Termas de R\u00edo Hondo, Dr. Mukdise, se refiri\u00f3 a la importancia de las postas sanitarias en las \u00e1reas rurales para mejorar la salud de la poblaci\u00f3n. \u201cDesde el municipio podemos aportar nuestro trabajo en pos de la construcci\u00f3n colectiva de la salud p\u00fablica y desde la Posta Sanitaria de La Ca\u00f1ada la gestionaremos, siempre con el acompa\u00f1amiento del Ministerio de Salud. En dicha posta, adem\u00e1s de contar con los servicios de atenci\u00f3n primaria de la salud, tambi\u00e9n estar\u00e1n presentes los programas de VIH, de detecci\u00f3n de diabetes e hipertensi\u00f3n, y diferentes actividades del municipio como talleres de cultura o de deporte que tambi\u00e9n hacen a la salud\u201d.<\/p>\n\n\n\n<figure class=\"wp-block-image size-full\"><a href=\"https:\/\/i0.wp.com\/elterritorialweb.com.ar\/web\/wp-content\/uploads\/2022\/06\/convenio-termas-salud-1.jpeg\"><img data-recalc-dims=\"1\" decoding=\"async\" width=\"640\" height=\"442\" data-src=\"https:\/\/i0.wp.com\/elterritorialweb.com.ar\/web\/wp-content\/uploads\/2022\/06\/convenio-termas-salud-1.jpeg?resize=640%2C442\" alt=\"\" class=\"wp-image-40924 lazyload\" data-srcset=\"https:\/\/i0.wp.com\/elterritorialweb.com.ar\/web\/wp-content\/uploads\/2022\/06\/convenio-termas-salud-1.jpeg?w=1024 1024w, https:\/\/i0.wp.com\/elterritorialweb.com.ar\/web\/wp-content\/uploads\/2022\/06\/convenio-termas-salud-1.jpeg?resize=300%2C207 300w, https:\/\/i0.wp.com\/elterritorialweb.com.ar\/web\/wp-content\/uploads\/2022\/06\/convenio-termas-salud-1.jpeg?resize=768%2C530 768w\" data-sizes=\"(max-width: 640px) 100vw, 640px\" src=\"data:image\/svg+xml;base64,PHN2ZyB3aWR0aD0iMSIgaGVpZ2h0PSIxIiB4bWxucz0iaHR0cDovL3d3dy53My5vcmcvMjAwMC9zdmciPjwvc3ZnPg==\" style=\"--smush-placeholder-width: 640px; --smush-placeholder-aspect-ratio: 640\/442;\" \/><\/a><\/figure>\n\n\n\n<p>Para finalizar el Dr. Luis Mart\u00ednez, Director del CIS Termas, ratific\u00f3 que esta articulaci\u00f3n entre Municipio y Salud se enmarca un modelo de gesti\u00f3n que tienen como objetivo avanzar en la cobertura sanitaria en territorio, favoreciendo el acceso de la poblaci\u00f3n local con un abordaje interdisciplinario.<\/p>\n","protected":false},"excerpt":{"rendered":"<p>La reuni\u00f3n estuvo encabezada por la Ministra de Salud Lic. Natividad Nassif y el Intendente de la municipalidad de Termas de R\u00edo Hondo Dr. Jorge Mukdise<\/p>\n","protected":false},"author":2,"featured_media":40922,"comment_status":"open","ping_status":"open","sticky":false,"template":"","format":"standard","meta":{"om_disable_all_campaigns":false,"_monsterinsights_skip_tracking":false,"_monsterinsights_sitenote_active":false,"_monsterinsights_sitenote_note":"","_monsterinsights_sitenote_category":0,"_uf_show_specific_survey":0,"_uf_disable_surveys":false,"jetpack_post_was_ever_published":false,"_jetpack_newsletter_access":"","_jetpack_dont_email_post_to_subs":false,"_jetpack_newsletter_tier_id":0,"_jetpack_memberships_contains_paywalled_content":false,"_jetpack_memberships_contains_paid_content":false,"footnotes":"","jetpack_publicize_message":"","jetpack_publicize_feature_enabled":true,"jetpack_social_post_already_shared":false,"jetpack_social_options":{"image_generator_settings":{"template":"highway","default_image_id":0,"font":"","enabled":false},"version":2}},"categories":[1],"tags":[],"class_list":["post-40921","post","type-post","status-publish","format-standard","has-post-thumbnail","hentry","category-sin-categoria"],"aioseo_notices":[],"views":9,"jetpack_publicize_connections":[],"jetpack_featured_media_url":"https:\/\/i0.wp.com\/elterritorialweb.com.ar\/web\/wp-content\/uploads\/2022\/06\/convenio-termas-salud.jpeg?fit=1024%2C768","jetpack_sharing_enabled":true,"_links":{"self":[{"href":"http:\/\/elterritorialweb.com.ar\/web\/wp-json\/wp\/v2\/posts\/40921","targetHints":{"allow":["GET"]}}],"collection":[{"href":"http:\/\/elterritorialweb.com.ar\/web\/wp-json\/wp\/v2\/posts"}],"about":[{"href":"http:\/\/elterritorialweb.com.ar\/web\/wp-json\/wp\/v2\/types\/post"}],"author":[{"embeddable":true,"href":"http:\/\/elterritorialweb.com.ar\/web\/wp-json\/wp\/v2\/users\/2"}],"replies":[{"embeddable":true,"href":"http:\/\/elterritorialweb.com.ar\/web\/wp-json\/wp\/v2\/comments?post=40921"}],"version-history":[{"count":1,"href":"http:\/\/elterritorialweb.com.ar\/web\/wp-json\/wp\/v2\/posts\/40921\/revisions"}],"predecessor-version":[{"id":40925,"href":"http:\/\/elterritorialweb.com.ar\/web\/wp-json\/wp\/v2\/posts\/40921\/revisions\/40925"}],"wp:featuredmedia":[{"embeddable":true,"href":"http:\/\/elterritorialweb.com.ar\/web\/wp-json\/wp\/v2\/media\/40922"}],"wp:attachment":[{"href":"http:\/\/elterritorialweb.com.ar\/web\/wp-json\/wp\/v2\/media?parent=40921"}],"wp:term":[{"taxonomy":"category","embeddable":true,"href":"http:\/\/elterritorialweb.com.ar\/web\/wp-json\/wp\/v2\/categories?post=40921"},{"taxonomy":"post_tag","embeddable":true,"href":"http:\/\/elterritorialweb.com.ar\/web\/wp-json\/wp\/v2\/tags?post=40921"}],"curies":[{"name":"wp","href":"https:\/\/api.w.org\/{rel}","templated":true}]}}