{"id":40926,"date":"2022-06-08T23:17:59","date_gmt":"2022-06-08T23:17:59","guid":{"rendered":"http:\/\/elterritorialweb.com.ar\/web\/?p=40926"},"modified":"2022-06-08T23:24:00","modified_gmt":"2022-06-08T23:24:00","slug":"el-9-10-y-11-de-junio-se-desarrollara-la-feria-internacional-de-la-industria-grafica","status":"publish","type":"post","link":"http:\/\/elterritorialweb.com.ar\/web\/el-9-10-y-11-de-junio-se-desarrollara-la-feria-internacional-de-la-industria-grafica\/","title":{"rendered":"EL 9, 10 Y 11 DE JUNIO SE DESARROLLAR\u00c1 LA FERIA INTERNACIONAL DE LA INDUSTRIA GR\u00c1FICA"},"content":{"rendered":"\n<p>El programa de actividades fue anunciado por el secretario de Ciencia y Tecnolog\u00eda Adri\u00e1n Su\u00e1rez; el gerente de Expogr\u00e1fika, H\u00e9ctor Palermo y el representante de Impfot de Buenos Aires, Marcelo Champagne, junto con otros miembros de la organizaci\u00f3n.<\/p>\n\n\n\n<p>\u201cEs un privilegio de parte de la Secretar\u00eda Ciencia y Tecnolog\u00eda en el \u00e1mbito del Nodo Tecnol\u00f3gico y nuestro predio ferial que vuelve a las grandes muestras de car\u00e1cter regional, nacional y en esta ocasi\u00f3n internacional, porque damos a conocer la segunda edici\u00f3n de la Expogr\u00e1fika, donde estar\u00e1n todas las marcas l\u00edderes de este sector junto con capacitaciones y disertaciones para los innovadores con entrada libre y gratuita invitamos a toda la sociedad\u00bb, dijo Su\u00e1rez.<\/p>\n\n\n\n<figure class=\"wp-block-image size-full\"><a href=\"https:\/\/i0.wp.com\/elterritorialweb.com.ar\/web\/wp-content\/uploads\/2022\/06\/feria-en-el-nodo-1.jpg\"><img data-recalc-dims=\"1\" decoding=\"async\" width=\"640\" height=\"427\" data-src=\"https:\/\/i0.wp.com\/elterritorialweb.com.ar\/web\/wp-content\/uploads\/2022\/06\/feria-en-el-nodo-1.jpg?resize=640%2C427\" alt=\"\" class=\"wp-image-40929 lazyload\" data-srcset=\"https:\/\/i0.wp.com\/elterritorialweb.com.ar\/web\/wp-content\/uploads\/2022\/06\/feria-en-el-nodo-1.jpg?w=853 853w, https:\/\/i0.wp.com\/elterritorialweb.com.ar\/web\/wp-content\/uploads\/2022\/06\/feria-en-el-nodo-1.jpg?resize=300%2C200 300w, https:\/\/i0.wp.com\/elterritorialweb.com.ar\/web\/wp-content\/uploads\/2022\/06\/feria-en-el-nodo-1.jpg?resize=768%2C512 768w\" data-sizes=\"(max-width: 640px) 100vw, 640px\" src=\"data:image\/svg+xml;base64,PHN2ZyB3aWR0aD0iMSIgaGVpZ2h0PSIxIiB4bWxucz0iaHR0cDovL3d3dy53My5vcmcvMjAwMC9zdmciPjwvc3ZnPg==\" style=\"--smush-placeholder-width: 640px; --smush-placeholder-aspect-ratio: 640\/427;\" \/><\/a><\/figure>\n\n\n\n<p>Los interesados en visitar la feria pueden pre acreditarse de manera gratuita en <a rel=\"noreferrer noopener\" href=\"http:\/\/www.expografika.com\/?fbclid=IwAR0wMVbqolIOuNAOrjcIqMDG1-zeXYUBG1OFUm7zlfDOPfEKUWJWi_zKmDU\" target=\"_blank\">http:\/\/www.expografika.com<\/a><\/p>\n","protected":false},"excerpt":{"rendered":"<p>La segunda edici\u00f3n de La Feria Internacional de la Industria Gr\u00e1fica dir\u00e1 presente en el Nodo Tecnol\u00f3gico SDE los d\u00edas jueves 9, viernes 10 y s\u00e1bado 11 de junio, de 16 a 22 hs., con entrada libre y gratuita para todos los asistentes. <\/p>\n","protected":false},"author":2,"featured_media":40927,"comment_status":"open","ping_status":"open","sticky":false,"template":"","format":"standard","meta":{"om_disable_all_campaigns":false,"_monsterinsights_skip_tracking":false,"_monsterinsights_sitenote_active":false,"_monsterinsights_sitenote_note":"","_monsterinsights_sitenote_category":0,"_uf_show_specific_survey":0,"_uf_disable_surveys":false,"jetpack_post_was_ever_published":false,"_jetpack_newsletter_access":"","_jetpack_dont_email_post_to_subs":false,"_jetpack_newsletter_tier_id":0,"_jetpack_memberships_contains_paywalled_content":false,"_jetpack_memberships_contains_paid_content":false,"footnotes":"","jetpack_publicize_message":"","jetpack_publicize_feature_enabled":true,"jetpack_social_post_already_shared":false,"jetpack_social_options":{"image_generator_settings":{"template":"highway","default_image_id":0,"font":"","enabled":false},"version":2}},"categories":[21],"tags":[],"class_list":["post-40926","post","type-post","status-publish","format-standard","has-post-thumbnail","hentry","category-locales"],"aioseo_notices":[],"views":10,"jetpack_publicize_connections":[],"jetpack_featured_media_url":"https:\/\/i0.wp.com\/elterritorialweb.com.ar\/web\/wp-content\/uploads\/2022\/06\/feria-en-el-nodo.jpg?fit=859%2C577","jetpack_sharing_enabled":true,"_links":{"self":[{"href":"http:\/\/elterritorialweb.com.ar\/web\/wp-json\/wp\/v2\/posts\/40926","targetHints":{"allow":["GET"]}}],"collection":[{"href":"http:\/\/elterritorialweb.com.ar\/web\/wp-json\/wp\/v2\/posts"}],"about":[{"href":"http:\/\/elterritorialweb.com.ar\/web\/wp-json\/wp\/v2\/types\/post"}],"author":[{"embeddable":true,"href":"http:\/\/elterritorialweb.com.ar\/web\/wp-json\/wp\/v2\/users\/2"}],"replies":[{"embeddable":true,"href":"http:\/\/elterritorialweb.com.ar\/web\/wp-json\/wp\/v2\/comments?post=40926"}],"version-history":[{"count":2,"href":"http:\/\/elterritorialweb.com.ar\/web\/wp-json\/wp\/v2\/posts\/40926\/revisions"}],"predecessor-version":[{"id":40930,"href":"http:\/\/elterritorialweb.com.ar\/web\/wp-json\/wp\/v2\/posts\/40926\/revisions\/40930"}],"wp:featuredmedia":[{"embeddable":true,"href":"http:\/\/elterritorialweb.com.ar\/web\/wp-json\/wp\/v2\/media\/40927"}],"wp:attachment":[{"href":"http:\/\/elterritorialweb.com.ar\/web\/wp-json\/wp\/v2\/media?parent=40926"}],"wp:term":[{"taxonomy":"category","embeddable":true,"href":"http:\/\/elterritorialweb.com.ar\/web\/wp-json\/wp\/v2\/categories?post=40926"},{"taxonomy":"post_tag","embeddable":true,"href":"http:\/\/elterritorialweb.com.ar\/web\/wp-json\/wp\/v2\/tags?post=40926"}],"curies":[{"name":"wp","href":"https:\/\/api.w.org\/{rel}","templated":true}]}}