{"id":40940,"date":"2022-06-08T23:48:27","date_gmt":"2022-06-08T23:48:27","guid":{"rendered":"http:\/\/elterritorialweb.com.ar\/web\/?p=40940"},"modified":"2022-06-08T23:48:28","modified_gmt":"2022-06-08T23:48:28","slug":"boca-le-gano-a-ferro-y-avanzo-a-octavos-de-la-copa-argentina","status":"publish","type":"post","link":"http:\/\/elterritorialweb.com.ar\/web\/boca-le-gano-a-ferro-y-avanzo-a-octavos-de-la-copa-argentina\/","title":{"rendered":"BOCA LE GAN\u00d3 A FERRO Y AVANZ\u00d3 A OCTAVOS DE LA COPA ARGENTINA"},"content":{"rendered":"\n<p>Boca Juniors, campe\u00f3n vigente, se clasific\u00f3 a los octavos de final de la Copa Argentina, al vencer esta tarde en La Rioja a Ferro Carril Oeste, de la Primera Nacional, por 1 a 0.<\/p>\n\n\n\n<p>El \u00fanico gol del encuentro, jugado ante una multitud en el estadio Carlos Mercado Luna de La Rioja, fue anotado por el delantero colombiano Sebasti\u00e1n Villa a los 33m del segundo tiempo. En la pr\u00f3xima rueda Boca jugar\u00e1 con el ganador del partido de esta noche entre Racing Club y Agropecuario de Carlos Casares.<\/p>\n\n\n\n<p>Los dirigidos por Sebasti\u00e1n Battaglia mostraron dos caras: en el primer tiempo volvieron a ser aquel equipo de hace dos meses que no jugaba bien y que provocaba cuestionamientos al entrenador.<\/p>\n\n\n\n<p>En la segunda etapa, en cambio, y aun sin tener un gran nivel, el equipo mostr\u00f3 otra actitud, domin\u00f3 las acciones y cre\u00f3 las situaciones en ofensiva como para merecer la victoria.<\/p>\n\n\n\n<figure class=\"wp-block-image size-large\"><a href=\"https:\/\/i0.wp.com\/elterritorialweb.com.ar\/web\/wp-content\/uploads\/2022\/06\/BOCA-FERRO-1-scaled.jpg\"><img data-recalc-dims=\"1\" decoding=\"async\" width=\"640\" height=\"459\" data-src=\"https:\/\/i0.wp.com\/elterritorialweb.com.ar\/web\/wp-content\/uploads\/2022\/06\/BOCA-FERRO-1.jpg?resize=640%2C459\" alt=\"\" class=\"wp-image-40942 lazyload\" data-srcset=\"https:\/\/i0.wp.com\/elterritorialweb.com.ar\/web\/wp-content\/uploads\/2022\/06\/BOCA-FERRO-1-scaled.jpg?resize=1024%2C734 1024w, https:\/\/i0.wp.com\/elterritorialweb.com.ar\/web\/wp-content\/uploads\/2022\/06\/BOCA-FERRO-1-scaled.jpg?resize=300%2C215 300w, https:\/\/i0.wp.com\/elterritorialweb.com.ar\/web\/wp-content\/uploads\/2022\/06\/BOCA-FERRO-1-scaled.jpg?resize=768%2C550 768w, https:\/\/i0.wp.com\/elterritorialweb.com.ar\/web\/wp-content\/uploads\/2022\/06\/BOCA-FERRO-1-scaled.jpg?resize=1536%2C1101 1536w, https:\/\/i0.wp.com\/elterritorialweb.com.ar\/web\/wp-content\/uploads\/2022\/06\/BOCA-FERRO-1-scaled.jpg?resize=2048%2C1468 2048w, https:\/\/i0.wp.com\/elterritorialweb.com.ar\/web\/wp-content\/uploads\/2022\/06\/BOCA-FERRO-1-scaled.jpg?w=1280 1280w, https:\/\/i0.wp.com\/elterritorialweb.com.ar\/web\/wp-content\/uploads\/2022\/06\/BOCA-FERRO-1-scaled.jpg?w=1920 1920w\" data-sizes=\"(max-width: 640px) 100vw, 640px\" src=\"data:image\/svg+xml;base64,PHN2ZyB3aWR0aD0iMSIgaGVpZ2h0PSIxIiB4bWxucz0iaHR0cDovL3d3dy53My5vcmcvMjAwMC9zdmciPjwvc3ZnPg==\" style=\"--smush-placeholder-width: 640px; --smush-placeholder-aspect-ratio: 640\/459;\" \/><\/a><\/figure>\n\n\n\n<p>En ese per\u00edodo, aprovech\u00f3 tambi\u00e9n el decaimiento f\u00edsico de su rival y el crecimiento en el medio del juvenil Alan Varela, que sin jugar como en los \u00faltimos encuentros fue uno de los pocos claros en ese sector de la cancha.<\/p>\n\n\n\n<p>Otra vez, como en los \u00faltimos tiempos,\u00a0<strong>la carta de desequilibrio de Boca fue Villa, como si en el campo no sintiera su dif\u00edcil situaci\u00f3n personal con la justicia<\/strong>. El extremo, con sus desbordes, fue peligro permanente en una delantera que sinti\u00f3 la ausencia de Dar\u00edo Benedetto, porque no jug\u00f3 bien su reemplazante, Luis V\u00e1zquez.<\/p>\n\n\n\n<p>El \u00abPipa\u00bb no jugo por decisi\u00f3n del t\u00e9cnico por haber faltado junto a Marcos Rojo a la pr\u00e1ctica del \u00faltimo domingo.<\/p>\n\n\n\n<p>El otro sost\u00e9n del triunfo fue el buen momento de Agust\u00edn Rossi, que sobre el final ataj\u00f3 un remate muy dif\u00edcil a quemarropa de Agust\u00edn Arena que pudo haber sido el empate de Ferro.<\/p>\n\n\n\n<p>En la primera etapa los de Caballito, como si hubiesen querido desempolvar aquellos \u00abviejos pergaminos\u00bb de su \u00e9poca dorada de los comienzos de los ochenta, le jugaron de igual a igual al \u00faltimo campe\u00f3n.<\/p>\n\n\n\n<p>Sus mayores virtudes eran la movilidad de Walter N\u00fa\u00f1ez, la pausa y creaci\u00f3n de Mosca y las subidas por los costados de Ruiz G\u00f3mez por la derecha y Giaccone por la izquierda.<\/p>\n\n\n\n<p>Ah\u00ed desnudaron las falencias de los de Battaglia, especialmente en la mitad de la cancha, que s\u00f3lo contaban con la habilidad y rapidez de Villa m\u00e1s las proyecciones de Frank Fabra como arma ofensiva.<\/p>\n\n\n\n<figure class=\"wp-block-image size-large\"><a href=\"https:\/\/i0.wp.com\/elterritorialweb.com.ar\/web\/wp-content\/uploads\/2022\/06\/BOCA-FERRO-2-scaled.jpg\"><img data-recalc-dims=\"1\" decoding=\"async\" width=\"640\" height=\"451\" data-src=\"https:\/\/i0.wp.com\/elterritorialweb.com.ar\/web\/wp-content\/uploads\/2022\/06\/BOCA-FERRO-2.jpg?resize=640%2C451\" alt=\"\" class=\"wp-image-40943 lazyload\" data-srcset=\"https:\/\/i0.wp.com\/elterritorialweb.com.ar\/web\/wp-content\/uploads\/2022\/06\/BOCA-FERRO-2-scaled.jpg?resize=1024%2C722 1024w, https:\/\/i0.wp.com\/elterritorialweb.com.ar\/web\/wp-content\/uploads\/2022\/06\/BOCA-FERRO-2-scaled.jpg?resize=300%2C211 300w, https:\/\/i0.wp.com\/elterritorialweb.com.ar\/web\/wp-content\/uploads\/2022\/06\/BOCA-FERRO-2-scaled.jpg?resize=768%2C541 768w, https:\/\/i0.wp.com\/elterritorialweb.com.ar\/web\/wp-content\/uploads\/2022\/06\/BOCA-FERRO-2-scaled.jpg?resize=1536%2C1083 1536w, https:\/\/i0.wp.com\/elterritorialweb.com.ar\/web\/wp-content\/uploads\/2022\/06\/BOCA-FERRO-2-scaled.jpg?resize=2048%2C1444 2048w, https:\/\/i0.wp.com\/elterritorialweb.com.ar\/web\/wp-content\/uploads\/2022\/06\/BOCA-FERRO-2-scaled.jpg?w=1280 1280w, https:\/\/i0.wp.com\/elterritorialweb.com.ar\/web\/wp-content\/uploads\/2022\/06\/BOCA-FERRO-2-scaled.jpg?w=1920 1920w\" data-sizes=\"(max-width: 640px) 100vw, 640px\" src=\"data:image\/svg+xml;base64,PHN2ZyB3aWR0aD0iMSIgaGVpZ2h0PSIxIiB4bWxucz0iaHR0cDovL3d3dy53My5vcmcvMjAwMC9zdmciPjwvc3ZnPg==\" style=\"--smush-placeholder-width: 640px; --smush-placeholder-aspect-ratio: 640\/451;\" \/><\/a><\/figure>\n\n\n\n<p>Exequiel Zeballos, que ingres\u00f3 de titular de manera inesperada porque Eduardo Salvio en el calentamiento se resinti\u00f3 de una molestia en el isquiotibial derecho y fue al banco, no gravit\u00f3 en ese primer tiempo.<\/p>\n\n\n\n<p>Giaccone lo tuvo dos veces. A los 18m, lanzado por la izquierda del ataque, ejecut\u00f3 un fuerte remate que Rossi desvi\u00f3 con esfuerzo al corner; y despu\u00e9s sac\u00f3 un remate que peg\u00f3 en el travesa\u00f1o cuando Rossi estaba vencido tras conectar un centro pasado de Ruiz G\u00f3mez bien habilitado por Mosca.<\/p>\n\n\n\n<p>Reci\u00e9n a los 39m Boca tuvo una buena llegada, tras un desborde del colombiano Fabra, que tir\u00f3 un centro, la pelota fue hacia el arco y Mi\u00f1o con los pu\u00f1os la mand\u00f3 al corner.<\/p>\n\n\n\n<p>Pero en la parte final Boca mostr\u00f3 su \u00abchapa\u00bb de equipo de Primera, puso las cosas en orden y consigui\u00f3 una victoria m\u00e1s para seguir su carrera victoriosa de estos \u00faltimos tiempos.<\/p>\n","protected":false},"excerpt":{"rendered":"<p>El \u00abXeneize\u00bb le gan\u00f3 1-0 al \u00abVerde\u00bb del Oeste, en el estadio Carlos Mercado Luna, en uno de los cotejos que se disputaron este mi\u00e9rcoles por el torneo nacional, por la llave de 32avos de final. Sebasti\u00e1n Villa marc\u00f3 para el actual campe\u00f3n.<\/p>\n","protected":false},"author":2,"featured_media":40941,"comment_status":"open","ping_status":"open","sticky":false,"template":"","format":"standard","meta":{"om_disable_all_campaigns":false,"_monsterinsights_skip_tracking":false,"_monsterinsights_sitenote_active":false,"_monsterinsights_sitenote_note":"","_monsterinsights_sitenote_category":0,"_uf_show_specific_survey":0,"_uf_disable_surveys":false,"jetpack_post_was_ever_published":false,"_jetpack_newsletter_access":"","_jetpack_dont_email_post_to_subs":false,"_jetpack_newsletter_tier_id":0,"_jetpack_memberships_contains_paywalled_content":false,"_jetpack_memberships_contains_paid_content":false,"footnotes":"","jetpack_publicize_message":"","jetpack_publicize_feature_enabled":true,"jetpack_social_post_already_shared":false,"jetpack_social_options":{"image_generator_settings":{"template":"highway","default_image_id":0,"font":"","enabled":false},"version":2}},"categories":[6],"tags":[],"class_list":["post-40940","post","type-post","status-publish","format-standard","has-post-thumbnail","hentry","category-deportes"],"aioseo_notices":[],"views":8,"jetpack_publicize_connections":[],"jetpack_featured_media_url":"https:\/\/i0.wp.com\/elterritorialweb.com.ar\/web\/wp-content\/uploads\/2022\/06\/BOCA-FERRO-scaled.jpg?fit=2560%2C1771","jetpack_sharing_enabled":true,"_links":{"self":[{"href":"http:\/\/elterritorialweb.com.ar\/web\/wp-json\/wp\/v2\/posts\/40940","targetHints":{"allow":["GET"]}}],"collection":[{"href":"http:\/\/elterritorialweb.com.ar\/web\/wp-json\/wp\/v2\/posts"}],"about":[{"href":"http:\/\/elterritorialweb.com.ar\/web\/wp-json\/wp\/v2\/types\/post"}],"author":[{"embeddable":true,"href":"http:\/\/elterritorialweb.com.ar\/web\/wp-json\/wp\/v2\/users\/2"}],"replies":[{"embeddable":true,"href":"http:\/\/elterritorialweb.com.ar\/web\/wp-json\/wp\/v2\/comments?post=40940"}],"version-history":[{"count":1,"href":"http:\/\/elterritorialweb.com.ar\/web\/wp-json\/wp\/v2\/posts\/40940\/revisions"}],"predecessor-version":[{"id":40944,"href":"http:\/\/elterritorialweb.com.ar\/web\/wp-json\/wp\/v2\/posts\/40940\/revisions\/40944"}],"wp:featuredmedia":[{"embeddable":true,"href":"http:\/\/elterritorialweb.com.ar\/web\/wp-json\/wp\/v2\/media\/40941"}],"wp:attachment":[{"href":"http:\/\/elterritorialweb.com.ar\/web\/wp-json\/wp\/v2\/media?parent=40940"}],"wp:term":[{"taxonomy":"category","embeddable":true,"href":"http:\/\/elterritorialweb.com.ar\/web\/wp-json\/wp\/v2\/categories?post=40940"},{"taxonomy":"post_tag","embeddable":true,"href":"http:\/\/elterritorialweb.com.ar\/web\/wp-json\/wp\/v2\/tags?post=40940"}],"curies":[{"name":"wp","href":"https:\/\/api.w.org\/{rel}","templated":true}]}}