{"id":40945,"date":"2022-06-09T01:31:26","date_gmt":"2022-06-09T01:31:26","guid":{"rendered":"http:\/\/elterritorialweb.com.ar\/web\/?p=40945"},"modified":"2022-06-09T01:31:27","modified_gmt":"2022-06-09T01:31:27","slug":"el-diputado-jorge-mussetti-presento-un-proyecto-para-recuperar-y-modernizar-plazas-en-la-ciudad-capital","status":"publish","type":"post","link":"http:\/\/elterritorialweb.com.ar\/web\/el-diputado-jorge-mussetti-presento-un-proyecto-para-recuperar-y-modernizar-plazas-en-la-ciudad-capital\/","title":{"rendered":"EL DIPUTADO JORGE MUSSETTI PRESENT\u00d3 UN PROYECTO PARA RECUPERAR Y MODERNIZAR PLAZAS EN LA CIUDAD CAPITAL"},"content":{"rendered":"\n<p>En el marco del programa referido el legislador propone en primera instancia que se asignen los fondos para la reparaci\u00f3n, remodelaci\u00f3n y modernizaci\u00f3n de la Plazoleta Paseo de la Esperanza ubicada en el Parque Oeste de esta Ciudad y la Plaza Juan A. Figueroa ubicada en el Barrio Autonom\u00eda.<\/p>\n\n\n\n<p>Mediante la aprobaci\u00f3n del proyecto de ley se lograr\u00eda poner en valor estos espacios p\u00fablicos, proveyendo el Estado Provincial de los fondos especificos al Municipio que permitan su refacci\u00f3n integral con obras tales como reencarpetado de veredas, realizaci\u00f3n de rampas para discapacitados, iluminaci\u00f3n led, colocaci\u00f3n de c\u00e1maras de seguridad, juegos para ni\u00f1os, gimnasio a cielo abierto para ni\u00f1os y adultos, sistema de riego por aspersi\u00f3n, ba\u00f1os p\u00fablicos, forestaci\u00f3n, colocaci\u00f3n de cestos diferenciados para lograr reciclaje, entre otras mejoras.<\/p>\n\n\n\n<p>El legislador se\u00f1alo que es su intenci\u00f3n que se pongan en valor estos espacios p\u00fablicos para que puedan ser disfrutados en familia por todos los santiague\u00f1os.<\/p>\n","protected":false},"excerpt":{"rendered":"<p>El pasado Martes tomo estado parlamentario el proyecto presentado por el legislador provincial del Frente Renovador y Progresista que prev\u00e9 la creaci\u00f3n de un Programa Provincial de Recuperaci\u00f3n y Modernizaci\u00f3n de Espacios P\u00fablicos en la Ciudad Capital. <\/p>\n","protected":false},"author":2,"featured_media":40946,"comment_status":"open","ping_status":"open","sticky":false,"template":"","format":"standard","meta":{"om_disable_all_campaigns":false,"_monsterinsights_skip_tracking":false,"_monsterinsights_sitenote_active":false,"_monsterinsights_sitenote_note":"","_monsterinsights_sitenote_category":0,"_uf_show_specific_survey":0,"_uf_disable_surveys":false,"jetpack_post_was_ever_published":false,"_jetpack_newsletter_access":"","_jetpack_dont_email_post_to_subs":false,"_jetpack_newsletter_tier_id":0,"_jetpack_memberships_contains_paywalled_content":false,"_jetpack_memberships_contains_paid_content":false,"footnotes":"","jetpack_publicize_message":"","jetpack_publicize_feature_enabled":true,"jetpack_social_post_already_shared":false,"jetpack_social_options":{"image_generator_settings":{"template":"highway","default_image_id":0,"font":"","enabled":false},"version":2}},"categories":[18],"tags":[],"class_list":["post-40945","post","type-post","status-publish","format-standard","has-post-thumbnail","hentry","category-politica"],"aioseo_notices":[],"views":15,"jetpack_publicize_connections":[],"jetpack_featured_media_url":"https:\/\/i0.wp.com\/elterritorialweb.com.ar\/web\/wp-content\/uploads\/2022\/06\/WhatsApp-Image-2022-06-09-at-2.11.11-AM.jpeg?fit=1200%2C1600","jetpack_sharing_enabled":true,"_links":{"self":[{"href":"http:\/\/elterritorialweb.com.ar\/web\/wp-json\/wp\/v2\/posts\/40945","targetHints":{"allow":["GET"]}}],"collection":[{"href":"http:\/\/elterritorialweb.com.ar\/web\/wp-json\/wp\/v2\/posts"}],"about":[{"href":"http:\/\/elterritorialweb.com.ar\/web\/wp-json\/wp\/v2\/types\/post"}],"author":[{"embeddable":true,"href":"http:\/\/elterritorialweb.com.ar\/web\/wp-json\/wp\/v2\/users\/2"}],"replies":[{"embeddable":true,"href":"http:\/\/elterritorialweb.com.ar\/web\/wp-json\/wp\/v2\/comments?post=40945"}],"version-history":[{"count":1,"href":"http:\/\/elterritorialweb.com.ar\/web\/wp-json\/wp\/v2\/posts\/40945\/revisions"}],"predecessor-version":[{"id":40947,"href":"http:\/\/elterritorialweb.com.ar\/web\/wp-json\/wp\/v2\/posts\/40945\/revisions\/40947"}],"wp:featuredmedia":[{"embeddable":true,"href":"http:\/\/elterritorialweb.com.ar\/web\/wp-json\/wp\/v2\/media\/40946"}],"wp:attachment":[{"href":"http:\/\/elterritorialweb.com.ar\/web\/wp-json\/wp\/v2\/media?parent=40945"}],"wp:term":[{"taxonomy":"category","embeddable":true,"href":"http:\/\/elterritorialweb.com.ar\/web\/wp-json\/wp\/v2\/categories?post=40945"},{"taxonomy":"post_tag","embeddable":true,"href":"http:\/\/elterritorialweb.com.ar\/web\/wp-json\/wp\/v2\/tags?post=40945"}],"curies":[{"name":"wp","href":"https:\/\/api.w.org\/{rel}","templated":true}]}}