{"id":40948,"date":"2022-06-09T01:58:58","date_gmt":"2022-06-09T01:58:58","guid":{"rendered":"http:\/\/elterritorialweb.com.ar\/web\/?p=40948"},"modified":"2022-06-09T02:26:12","modified_gmt":"2022-06-09T02:26:12","slug":"intensa-primera-jornada-de-clasificacion-en-el-campeonato-nacional-de-natacion-de-cadetes-y-juveniles","status":"publish","type":"post","link":"http:\/\/elterritorialweb.com.ar\/web\/intensa-primera-jornada-de-clasificacion-en-el-campeonato-nacional-de-natacion-de-cadetes-y-juveniles\/","title":{"rendered":"INTENSA PRIMERA JORNADA DE CLASIFICACI\u00d3N EN EL CAMPEONATO NACIONAL DE NATACI\u00d3N DE CADETES Y JUVENILES\u00a0"},"content":{"rendered":"\n<p>Durante la ma\u00f1ana se realizaron las pruebas de libres, combinado, espalda y pecho y por la tarde las finales en cada uno de estos estilos.\u00a0<br>Competidores, entrenadores y equipos destacaron las bondades que ofrece la provincia de Santiago del Estero para los amantes de esta disciplina al destacar las modernas instalaciones del natatorio.\u00a0<br>Horacio Aguirre, padre de uno de los competidores, expres\u00f3: \u201cVenimos de la provincia de Misiones para acompa\u00f1ar a nuestra hija Makarena que compite en la categor\u00eda de menores de catorce a\u00f1os. La verdad que la pileta est\u00e1 muy linda, la organizaci\u00f3n muy buena, tenemos las mejores expectativas, as\u00ed que vamos viendo, ahora clasific\u00f3 para la final, as\u00ed que estamos felices\u201d.\u00a0<\/p>\n\n\n\n<figure class=\"wp-block-image size-large\"><a href=\"https:\/\/i0.wp.com\/elterritorialweb.com.ar\/web\/wp-content\/uploads\/2022\/06\/WhatsApp-Image-2022-06-09-at-12.59.06-AM.jpeg\"><img data-recalc-dims=\"1\" decoding=\"async\" width=\"640\" height=\"427\" data-src=\"https:\/\/i0.wp.com\/elterritorialweb.com.ar\/web\/wp-content\/uploads\/2022\/06\/WhatsApp-Image-2022-06-09-at-12.59.06-AM.jpeg?resize=640%2C427\" alt=\"\" class=\"wp-image-40950 lazyload\" data-srcset=\"https:\/\/i0.wp.com\/elterritorialweb.com.ar\/web\/wp-content\/uploads\/2022\/06\/WhatsApp-Image-2022-06-09-at-12.59.06-AM.jpeg?resize=1024%2C683 1024w, https:\/\/i0.wp.com\/elterritorialweb.com.ar\/web\/wp-content\/uploads\/2022\/06\/WhatsApp-Image-2022-06-09-at-12.59.06-AM.jpeg?resize=300%2C200 300w, https:\/\/i0.wp.com\/elterritorialweb.com.ar\/web\/wp-content\/uploads\/2022\/06\/WhatsApp-Image-2022-06-09-at-12.59.06-AM.jpeg?resize=768%2C512 768w, https:\/\/i0.wp.com\/elterritorialweb.com.ar\/web\/wp-content\/uploads\/2022\/06\/WhatsApp-Image-2022-06-09-at-12.59.06-AM.jpeg?w=1280 1280w\" data-sizes=\"(max-width: 640px) 100vw, 640px\" src=\"data:image\/svg+xml;base64,PHN2ZyB3aWR0aD0iMSIgaGVpZ2h0PSIxIiB4bWxucz0iaHR0cDovL3d3dy53My5vcmcvMjAwMC9zdmciPjwvc3ZnPg==\" style=\"--smush-placeholder-width: 640px; --smush-placeholder-aspect-ratio: 640\/427;\" \/><\/a><\/figure>\n\n\n\n<p>Por otra parte, la coordinadora del natatorio, Josefina Bandrowsky, cont\u00f3 c\u00f3mo se desarrollar\u00e1 el campeonato a partir de este jueves: \u201cMa\u00f1ana se va desdoblar por la cantidad de personas que han venido, pero van estar los nadadores de la categor\u00eda cadetes y por la tarde los juveniles para desdoblar un poco y no sentirse abrumados. <\/p>\n\n\n\n<p>Algunos muchas veces no se imaginan cu\u00e1nta gente se puede convocar en un natatorio que genera tanta expectativa afuera de la provincia. Este jueves se van a realizar las finales y la Confederaci\u00f3n Argentina ha decidido que se compita con finales directas\u201d.<\/p>\n\n\n\n<figure class=\"wp-block-image size-large\"><a href=\"https:\/\/i0.wp.com\/elterritorialweb.com.ar\/web\/wp-content\/uploads\/2022\/06\/WhatsApp-Image-2022-06-09-at-12.59.06-AM-2.jpeg\"><img data-recalc-dims=\"1\" decoding=\"async\" width=\"640\" height=\"427\" data-src=\"https:\/\/i0.wp.com\/elterritorialweb.com.ar\/web\/wp-content\/uploads\/2022\/06\/WhatsApp-Image-2022-06-09-at-12.59.06-AM-2.jpeg?resize=640%2C427\" alt=\"\" class=\"wp-image-40952 lazyload\" data-srcset=\"https:\/\/i0.wp.com\/elterritorialweb.com.ar\/web\/wp-content\/uploads\/2022\/06\/WhatsApp-Image-2022-06-09-at-12.59.06-AM-2.jpeg?resize=1024%2C683 1024w, https:\/\/i0.wp.com\/elterritorialweb.com.ar\/web\/wp-content\/uploads\/2022\/06\/WhatsApp-Image-2022-06-09-at-12.59.06-AM-2.jpeg?resize=300%2C200 300w, https:\/\/i0.wp.com\/elterritorialweb.com.ar\/web\/wp-content\/uploads\/2022\/06\/WhatsApp-Image-2022-06-09-at-12.59.06-AM-2.jpeg?resize=768%2C512 768w, https:\/\/i0.wp.com\/elterritorialweb.com.ar\/web\/wp-content\/uploads\/2022\/06\/WhatsApp-Image-2022-06-09-at-12.59.06-AM-2.jpeg?w=1280 1280w\" data-sizes=\"(max-width: 640px) 100vw, 640px\" src=\"data:image\/svg+xml;base64,PHN2ZyB3aWR0aD0iMSIgaGVpZ2h0PSIxIiB4bWxucz0iaHR0cDovL3d3dy53My5vcmcvMjAwMC9zdmciPjwvc3ZnPg==\" style=\"--smush-placeholder-width: 640px; --smush-placeholder-aspect-ratio: 640\/427;\" \/><\/a><\/figure>\n\n\n\n<p>Uno de los santiague\u00f1os mejor clasificados este mi\u00e9rcoles fue Mat\u00edas Sosa, quien manifest\u00f3: \u201cLa competencia es muy linda, la pileta est\u00e1 hermosa; ver a los nadadores de otras provincias felices es algo que realmente me emociona. En la competencia me est\u00e1 yendo bastante bien, espero ganar los 100 metros de pecho. Nos estamos preparando para la final con mucha concentraci\u00f3n\u201d.<\/p>\n","protected":false},"excerpt":{"rendered":"<p>Con la participaci\u00f3n de m\u00e1s de 800 competidores de todo el pa\u00eds se desarroll\u00f3 este mi\u00e9rcoles la primera jornada de finales del Campeonato Nacional de Nataci\u00f3n de Cadetes y Juveniles en el Natatorio Ol\u00edmpico \u201cMadre de Ciudades\u201d. \u00a0<\/p>\n","protected":false},"author":2,"featured_media":40949,"comment_status":"open","ping_status":"open","sticky":false,"template":"","format":"standard","meta":{"om_disable_all_campaigns":false,"_monsterinsights_skip_tracking":false,"_monsterinsights_sitenote_active":false,"_monsterinsights_sitenote_note":"","_monsterinsights_sitenote_category":0,"_uf_show_specific_survey":0,"_uf_disable_surveys":false,"jetpack_post_was_ever_published":false,"_jetpack_newsletter_access":"","_jetpack_dont_email_post_to_subs":false,"_jetpack_newsletter_tier_id":0,"_jetpack_memberships_contains_paywalled_content":false,"_jetpack_memberships_contains_paid_content":false,"footnotes":"","jetpack_publicize_message":"","jetpack_publicize_feature_enabled":true,"jetpack_social_post_already_shared":false,"jetpack_social_options":{"image_generator_settings":{"template":"highway","default_image_id":0,"font":"","enabled":false},"version":2}},"categories":[6],"tags":[],"class_list":["post-40948","post","type-post","status-publish","format-standard","has-post-thumbnail","hentry","category-deportes"],"aioseo_notices":[],"views":8,"jetpack_publicize_connections":[],"jetpack_featured_media_url":"https:\/\/i0.wp.com\/elterritorialweb.com.ar\/web\/wp-content\/uploads\/2022\/06\/WhatsApp-Image-2022-06-09-at-12.59.05-AM.jpeg?fit=1280%2C854","jetpack_sharing_enabled":true,"_links":{"self":[{"href":"http:\/\/elterritorialweb.com.ar\/web\/wp-json\/wp\/v2\/posts\/40948","targetHints":{"allow":["GET"]}}],"collection":[{"href":"http:\/\/elterritorialweb.com.ar\/web\/wp-json\/wp\/v2\/posts"}],"about":[{"href":"http:\/\/elterritorialweb.com.ar\/web\/wp-json\/wp\/v2\/types\/post"}],"author":[{"embeddable":true,"href":"http:\/\/elterritorialweb.com.ar\/web\/wp-json\/wp\/v2\/users\/2"}],"replies":[{"embeddable":true,"href":"http:\/\/elterritorialweb.com.ar\/web\/wp-json\/wp\/v2\/comments?post=40948"}],"version-history":[{"count":2,"href":"http:\/\/elterritorialweb.com.ar\/web\/wp-json\/wp\/v2\/posts\/40948\/revisions"}],"predecessor-version":[{"id":40955,"href":"http:\/\/elterritorialweb.com.ar\/web\/wp-json\/wp\/v2\/posts\/40948\/revisions\/40955"}],"wp:featuredmedia":[{"embeddable":true,"href":"http:\/\/elterritorialweb.com.ar\/web\/wp-json\/wp\/v2\/media\/40949"}],"wp:attachment":[{"href":"http:\/\/elterritorialweb.com.ar\/web\/wp-json\/wp\/v2\/media?parent=40948"}],"wp:term":[{"taxonomy":"category","embeddable":true,"href":"http:\/\/elterritorialweb.com.ar\/web\/wp-json\/wp\/v2\/categories?post=40948"},{"taxonomy":"post_tag","embeddable":true,"href":"http:\/\/elterritorialweb.com.ar\/web\/wp-json\/wp\/v2\/tags?post=40948"}],"curies":[{"name":"wp","href":"https:\/\/api.w.org\/{rel}","templated":true}]}}