{"id":40956,"date":"2022-06-09T02:39:59","date_gmt":"2022-06-09T02:39:59","guid":{"rendered":"http:\/\/elterritorialweb.com.ar\/web\/?p=40956"},"modified":"2022-06-09T02:39:59","modified_gmt":"2022-06-09T02:39:59","slug":"el-regreso-de-la-sumampena-el-encuentro-popular-del-sur-provincial","status":"publish","type":"post","link":"http:\/\/elterritorialweb.com.ar\/web\/el-regreso-de-la-sumampena-el-encuentro-popular-del-sur-provincial\/","title":{"rendered":"EL REGRESO DE LA SUMAMPE\u00d1A, EL ENCUENTRO POPULAR DEL SUR PROVINCIAL"},"content":{"rendered":"\n<p>Tambi\u00e9n es la oportunidad de disfrutar de artistas nacionales, tal como suceder\u00e1 en esta fecha con la presentaci\u00f3n de Horacio Banegas. El encargado de dar vida a La Sumampe\u00f1a es el reconocido m\u00fasico, que vuelve a los escenarios del sur provincial con todos los ya cl\u00e1sicos del folclore.<\/p>\n\n\n\n<p>Por otra parte dir\u00e1n presentes el friense Kike Oyola, Jorge y Fer y entre cada n\u00famero la musicalizaci\u00f3n de Julio Monge Dj. Todo suceder\u00e1 en el multiespacio Lolo.<\/p>\n\n\n\n<p>Una noche hist\u00f3rica para vivir y ser recordada. Tras dos a\u00f1os sin haberse realizada, el regreso prometido ya no es deuda e invita a ser del paisaje de la ciudad de aqu\u00ed en adelante.<\/p>\n","protected":false},"excerpt":{"rendered":"<p>El viernes 17 desde las 21 horas la ciudad de Sumampa se paraliza ante la propuesta cultural de \u201cLa Sumampe\u00f1a\u201d. El espacio que naci\u00f3 hace unos a\u00f1os regresa para darle impulso al folclore local.<\/p>\n","protected":false},"author":2,"featured_media":40957,"comment_status":"open","ping_status":"open","sticky":false,"template":"","format":"standard","meta":{"om_disable_all_campaigns":false,"_monsterinsights_skip_tracking":false,"_monsterinsights_sitenote_active":false,"_monsterinsights_sitenote_note":"","_monsterinsights_sitenote_category":0,"_uf_show_specific_survey":0,"_uf_disable_surveys":false,"jetpack_post_was_ever_published":false,"_jetpack_newsletter_access":"","_jetpack_dont_email_post_to_subs":false,"_jetpack_newsletter_tier_id":0,"_jetpack_memberships_contains_paywalled_content":false,"_jetpack_memberships_contains_paid_content":false,"footnotes":"","jetpack_publicize_message":"","jetpack_publicize_feature_enabled":true,"jetpack_social_post_already_shared":false,"jetpack_social_options":{"image_generator_settings":{"template":"highway","default_image_id":0,"font":"","enabled":false},"version":2}},"categories":[20],"tags":[],"class_list":["post-40956","post","type-post","status-publish","format-standard","has-post-thumbnail","hentry","category-especysociales"],"aioseo_notices":[],"views":78,"jetpack_publicize_connections":[],"jetpack_featured_media_url":"https:\/\/i0.wp.com\/elterritorialweb.com.ar\/web\/wp-content\/uploads\/2022\/06\/WhatsApp-Image-2022-06-09-at-1.24.54-AM.jpeg?fit=1024%2C1030","jetpack_sharing_enabled":true,"_links":{"self":[{"href":"http:\/\/elterritorialweb.com.ar\/web\/wp-json\/wp\/v2\/posts\/40956","targetHints":{"allow":["GET"]}}],"collection":[{"href":"http:\/\/elterritorialweb.com.ar\/web\/wp-json\/wp\/v2\/posts"}],"about":[{"href":"http:\/\/elterritorialweb.com.ar\/web\/wp-json\/wp\/v2\/types\/post"}],"author":[{"embeddable":true,"href":"http:\/\/elterritorialweb.com.ar\/web\/wp-json\/wp\/v2\/users\/2"}],"replies":[{"embeddable":true,"href":"http:\/\/elterritorialweb.com.ar\/web\/wp-json\/wp\/v2\/comments?post=40956"}],"version-history":[{"count":1,"href":"http:\/\/elterritorialweb.com.ar\/web\/wp-json\/wp\/v2\/posts\/40956\/revisions"}],"predecessor-version":[{"id":40958,"href":"http:\/\/elterritorialweb.com.ar\/web\/wp-json\/wp\/v2\/posts\/40956\/revisions\/40958"}],"wp:featuredmedia":[{"embeddable":true,"href":"http:\/\/elterritorialweb.com.ar\/web\/wp-json\/wp\/v2\/media\/40957"}],"wp:attachment":[{"href":"http:\/\/elterritorialweb.com.ar\/web\/wp-json\/wp\/v2\/media?parent=40956"}],"wp:term":[{"taxonomy":"category","embeddable":true,"href":"http:\/\/elterritorialweb.com.ar\/web\/wp-json\/wp\/v2\/categories?post=40956"},{"taxonomy":"post_tag","embeddable":true,"href":"http:\/\/elterritorialweb.com.ar\/web\/wp-json\/wp\/v2\/tags?post=40956"}],"curies":[{"name":"wp","href":"https:\/\/api.w.org\/{rel}","templated":true}]}}