{"id":41035,"date":"2022-06-12T00:45:11","date_gmt":"2022-06-12T00:45:11","guid":{"rendered":"http:\/\/elterritorialweb.com.ar\/web\/?p=41035"},"modified":"2022-06-12T00:45:12","modified_gmt":"2022-06-12T00:45:12","slug":"santiago-del-estero-participo-del-encuentro-regional-de-termalismo-y-turismo-de-bienestar-en-la-rioja","status":"publish","type":"post","link":"http:\/\/elterritorialweb.com.ar\/web\/santiago-del-estero-participo-del-encuentro-regional-de-termalismo-y-turismo-de-bienestar-en-la-rioja\/","title":{"rendered":"SANTIAGO DEL ESTERO PARTICIP\u00d3 DEL\u00a0\u201cENCUENTRO REGIONAL DE TERMALISMO Y TURISMO DE BIENESTAR\u201d EN LA RIOJA"},"content":{"rendered":"\n<p>El encuentro adem\u00e1s, cont\u00f3 con la presencia del Gobernador de La Rioja, Ricardo Quintela, la directora de Promoci\u00f3n Estrat\u00e9gica de la Naci\u00f3n, Romina Sorrentino, los representantes de Expourense Espa\u00f1a, el Director de la Feria Termatalia, Rogelio Mart\u00ednez Gonz\u00e1lez,&nbsp; el ministro de Turismo de La Rioja, Prof Gustavo Luna, el ministro de Catamarca, Roberto Brunello, el secretario de Turismo de la Rioja, Jos\u00e9 Rosas, y por Jujuy el secretario de Turismo, Diego Valdecantos, entre otras autoridades y sector privado de la regi\u00f3n norte\u00f1a.<\/p>\n\n\n\n<p>La jornada sobre termalismo, que tuvo exposiciones y mesas panel de sumo inter\u00e9s, abri\u00f3 un espacio para el intercambio y crecimiento de la regi\u00f3n del Norte en la ruta termal, un punto de trabajo en conjunto entre las provincias que tienen un gran potencial tur\u00edstico que los motiva a seguir apostando al crecimiento del recurso termal.<\/p>\n\n\n\n<p>Como parte del programa, la provincia tuvo una participaci\u00f3n activa, ya que fue Termas de R\u00edo Hondo reconocida y tomada como ejemplo por el trabajo que se viene llevando a cabo desde hace a\u00f1os en el Termalismo y Turismo de Bienestar, actividad tur\u00edstica por excelencia y la que le otorg\u00f3 la fama de destino de relajaci\u00f3n. Las Termas de R\u00edo Hondo concentran todos los ingredientes necesarios para llegar al resultado perfecto: infraestructura hotelera, servicios recreativos y lo mejor de las pr\u00e1cticas de wellness.<\/p>\n\n\n\n<p><strong>\u00a0<\/strong><\/p>\n","protected":false},"excerpt":{"rendered":"<p>El Subsecretario de Turismo de Santiago del Estero, Prof. Nelson Bravo, particip\u00f3 del Encuentro Regional de Termalismo y Turismo de Bienestar, que se llev\u00f3 a cabo en el Paseo Cultural Castro Barro de la provincia de La Rioja, Capital, junto al Intendente de Las Termas de R\u00edo Hondo, Jorge Mukdise, la Secretaria de Turismo, Cultura y Deportes de Termas, Vilma D\u00edaz y por el sector privado miembro de FEHGRA, Florencia Landivar.<\/p>\n","protected":false},"author":2,"featured_media":41036,"comment_status":"open","ping_status":"open","sticky":false,"template":"","format":"standard","meta":{"om_disable_all_campaigns":false,"_monsterinsights_skip_tracking":false,"_monsterinsights_sitenote_active":false,"_monsterinsights_sitenote_note":"","_monsterinsights_sitenote_category":0,"_uf_show_specific_survey":0,"_uf_disable_surveys":false,"jetpack_post_was_ever_published":false,"_jetpack_newsletter_access":"","_jetpack_dont_email_post_to_subs":false,"_jetpack_newsletter_tier_id":0,"_jetpack_memberships_contains_paywalled_content":false,"_jetpack_memberships_contains_paid_content":false,"footnotes":"","jetpack_publicize_message":"","jetpack_publicize_feature_enabled":true,"jetpack_social_post_already_shared":false,"jetpack_social_options":{"image_generator_settings":{"template":"highway","default_image_id":0,"font":"","enabled":false},"version":2}},"categories":[29],"tags":[],"class_list":["post-41035","post","type-post","status-publish","format-standard","has-post-thumbnail","hentry","category-turismo"],"aioseo_notices":[],"views":5,"jetpack_publicize_connections":[],"jetpack_featured_media_url":"https:\/\/i0.wp.com\/elterritorialweb.com.ar\/web\/wp-content\/uploads\/2022\/06\/turismo.jpeg?fit=1392%2C928","jetpack_sharing_enabled":true,"_links":{"self":[{"href":"http:\/\/elterritorialweb.com.ar\/web\/wp-json\/wp\/v2\/posts\/41035","targetHints":{"allow":["GET"]}}],"collection":[{"href":"http:\/\/elterritorialweb.com.ar\/web\/wp-json\/wp\/v2\/posts"}],"about":[{"href":"http:\/\/elterritorialweb.com.ar\/web\/wp-json\/wp\/v2\/types\/post"}],"author":[{"embeddable":true,"href":"http:\/\/elterritorialweb.com.ar\/web\/wp-json\/wp\/v2\/users\/2"}],"replies":[{"embeddable":true,"href":"http:\/\/elterritorialweb.com.ar\/web\/wp-json\/wp\/v2\/comments?post=41035"}],"version-history":[{"count":1,"href":"http:\/\/elterritorialweb.com.ar\/web\/wp-json\/wp\/v2\/posts\/41035\/revisions"}],"predecessor-version":[{"id":41037,"href":"http:\/\/elterritorialweb.com.ar\/web\/wp-json\/wp\/v2\/posts\/41035\/revisions\/41037"}],"wp:featuredmedia":[{"embeddable":true,"href":"http:\/\/elterritorialweb.com.ar\/web\/wp-json\/wp\/v2\/media\/41036"}],"wp:attachment":[{"href":"http:\/\/elterritorialweb.com.ar\/web\/wp-json\/wp\/v2\/media?parent=41035"}],"wp:term":[{"taxonomy":"category","embeddable":true,"href":"http:\/\/elterritorialweb.com.ar\/web\/wp-json\/wp\/v2\/categories?post=41035"},{"taxonomy":"post_tag","embeddable":true,"href":"http:\/\/elterritorialweb.com.ar\/web\/wp-json\/wp\/v2\/tags?post=41035"}],"curies":[{"name":"wp","href":"https:\/\/api.w.org\/{rel}","templated":true}]}}