{"id":41041,"date":"2022-06-12T01:07:24","date_gmt":"2022-06-12T01:07:24","guid":{"rendered":"http:\/\/elterritorialweb.com.ar\/web\/?p=41041"},"modified":"2022-06-12T01:07:24","modified_gmt":"2022-06-12T01:07:24","slug":"llamil-abdala-y-lucia-corlli-sera-la-formula-del-frente-civico-a-la-intendencia-de-la-banda","status":"publish","type":"post","link":"http:\/\/elterritorialweb.com.ar\/web\/llamil-abdala-y-lucia-corlli-sera-la-formula-del-frente-civico-a-la-intendencia-de-la-banda\/","title":{"rendered":"LLAMIL ABDALA Y LUC\u00cdA CORLLI SER\u00c1 LA F\u00d3RMULA DEL FRENTE C\u00cdVICO A LA INTENDENCIA DE LA BANDA"},"content":{"rendered":"\n<p>Miles de militantes de todas las fuerzas y sectores que forman parte del Frente C\u00edvico por Santiago colmaron el estadio, donde el gobernador Gerardo Zamora hizo la presentaci\u00f3n de los candidatos en el escenario, donde tambi\u00e9n fueron parte los senadores Claudia Ledesma Abdala de Zamora y Jos\u00e9 Emilio Neder, adem\u00e1s del vicegobernador Carlos Silva Neder.<\/p>\n\n\n\n<p>En su discurso, el m\u00e1ximo referente del Frente C\u00edvico destac\u00f3 las cualidades de los tres postulantes y su compromiso con la ciudad. \u201cSon tres bande\u00f1os de ra\u00edz, que quieren lo mejor para La Banda, porque todos queremos una ciudad m\u00e1s hermosa y con progreso\u201d. \u201cLlamil, Luc\u00eda, Piotti\u2026 cuenten conmigo para construir sobre los cimientos de esta hermosa y rom\u00e1ntica ciudad, que la vamos llevar por el camino del progreso entre todos\u201d.<\/p>\n\n\n\n<p>El candidato a intendente fue el encargado de cerrar el acto, con un fuerte llamado a todos los sectores de la sociedad bande\u00f1a a sumarse a este plan de transformaci\u00f3n y crecimiento, como ya se vive en toda la provincia.<img decoding=\"async\" height=\"16\" width=\"16\" data-src=\"https:\/\/static.xx.fbcdn.net\/images\/emoji.php\/v9\/t39\/1\/16\/1f4e2.png\" alt=\"&#x1f4e2;\" src=\"data:image\/svg+xml;base64,PHN2ZyB3aWR0aD0iMSIgaGVpZ2h0PSIxIiB4bWxucz0iaHR0cDovL3d3dy53My5vcmcvMjAwMC9zdmciPjwvc3ZnPg==\" class=\"lazyload\" style=\"--smush-placeholder-width: 16px; --smush-placeholder-aspect-ratio: 16\/16;\"> \u201cBasta de diferencias entre bande\u00f1os, hagamos entre todos una ciudad mejor. Subamos a este tren del progreso y el 7 de agosto reventemos las urnas con los votos del Frente C\u00edvico\u201d, expres\u00f3.<\/p>\n","protected":false},"excerpt":{"rendered":"<p>El Frente C\u00edvico por Santiago present\u00f3 este s\u00e1bado a sus candidatos de La Banda para las elecciones municipales del pr\u00f3ximo 7 de agosto. Llamil Abdala y Luc\u00eda Corlli integran la f\u00f3rmula para intendente y vice, quienes ser\u00e1n acompa\u00f1ados en la lista por Mario Piotti Su\u00e1rez como postulante para la Defensor\u00eda del Pueblo.<\/p>\n","protected":false},"author":2,"featured_media":41042,"comment_status":"open","ping_status":"open","sticky":false,"template":"","format":"standard","meta":{"om_disable_all_campaigns":false,"_monsterinsights_skip_tracking":false,"_monsterinsights_sitenote_active":false,"_monsterinsights_sitenote_note":"","_monsterinsights_sitenote_category":0,"_uf_show_specific_survey":0,"_uf_disable_surveys":false,"jetpack_post_was_ever_published":false,"_jetpack_newsletter_access":"","_jetpack_dont_email_post_to_subs":false,"_jetpack_newsletter_tier_id":0,"_jetpack_memberships_contains_paywalled_content":false,"_jetpack_memberships_contains_paid_content":false,"footnotes":"","jetpack_publicize_message":"","jetpack_publicize_feature_enabled":true,"jetpack_social_post_already_shared":false,"jetpack_social_options":{"image_generator_settings":{"template":"highway","default_image_id":0,"font":"","enabled":false},"version":2}},"categories":[18],"tags":[],"class_list":["post-41041","post","type-post","status-publish","format-standard","has-post-thumbnail","hentry","category-politica"],"aioseo_notices":[],"views":8,"jetpack_publicize_connections":[],"jetpack_featured_media_url":"https:\/\/i0.wp.com\/elterritorialweb.com.ar\/web\/wp-content\/uploads\/2022\/06\/LLAMIL-ABDALA-CORLLI.jpg?fit=1599%2C1066","jetpack_sharing_enabled":true,"_links":{"self":[{"href":"http:\/\/elterritorialweb.com.ar\/web\/wp-json\/wp\/v2\/posts\/41041","targetHints":{"allow":["GET"]}}],"collection":[{"href":"http:\/\/elterritorialweb.com.ar\/web\/wp-json\/wp\/v2\/posts"}],"about":[{"href":"http:\/\/elterritorialweb.com.ar\/web\/wp-json\/wp\/v2\/types\/post"}],"author":[{"embeddable":true,"href":"http:\/\/elterritorialweb.com.ar\/web\/wp-json\/wp\/v2\/users\/2"}],"replies":[{"embeddable":true,"href":"http:\/\/elterritorialweb.com.ar\/web\/wp-json\/wp\/v2\/comments?post=41041"}],"version-history":[{"count":1,"href":"http:\/\/elterritorialweb.com.ar\/web\/wp-json\/wp\/v2\/posts\/41041\/revisions"}],"predecessor-version":[{"id":41043,"href":"http:\/\/elterritorialweb.com.ar\/web\/wp-json\/wp\/v2\/posts\/41041\/revisions\/41043"}],"wp:featuredmedia":[{"embeddable":true,"href":"http:\/\/elterritorialweb.com.ar\/web\/wp-json\/wp\/v2\/media\/41042"}],"wp:attachment":[{"href":"http:\/\/elterritorialweb.com.ar\/web\/wp-json\/wp\/v2\/media?parent=41041"}],"wp:term":[{"taxonomy":"category","embeddable":true,"href":"http:\/\/elterritorialweb.com.ar\/web\/wp-json\/wp\/v2\/categories?post=41041"},{"taxonomy":"post_tag","embeddable":true,"href":"http:\/\/elterritorialweb.com.ar\/web\/wp-json\/wp\/v2\/tags?post=41041"}],"curies":[{"name":"wp","href":"https:\/\/api.w.org\/{rel}","templated":true}]}}