{"id":41060,"date":"2022-06-12T21:07:50","date_gmt":"2022-06-12T21:07:50","guid":{"rendered":"http:\/\/elterritorialweb.com.ar\/web\/?p=41060"},"modified":"2022-06-12T22:16:22","modified_gmt":"2022-06-12T22:16:22","slug":"leonel-pernia-se-impuso-en-el-tc2000-en-termas-de-rio-hondo","status":"publish","type":"post","link":"http:\/\/elterritorialweb.com.ar\/web\/leonel-pernia-se-impuso-en-el-tc2000-en-termas-de-rio-hondo\/","title":{"rendered":"LEONEL PERN\u00cdA SE IMPUSO EL TC2000 EN TERMAS DE R\u00cdO HONDO"},"content":{"rendered":"\n<p>El TC2000 disput\u00f3 la final en Termas de R\u00edo Hondo, donde Leonel&nbsp;<strong>Pern\u00eda<\/strong>&nbsp;tuvo un ritmo aplastante y conquist\u00f3 la victoria. Adem\u00e1s, se qued\u00f3 con la primera fecha del Challenge Pirelli 150 A\u00f1os. Escoltado por Canapino y Milla.<\/p>\n\n\n\n<p>Se puso en marcha la carrera con&nbsp;<strong>Pern\u00eda<\/strong>&nbsp;en la posici\u00f3n de privilegio, seguido por Canapino, quien pas\u00f3 del cuarto lugar al segundo. Tercero se ubic\u00f3 Milla, cuarto Montenegro y quinto Barrio. Mientras que Ardusso ten\u00eda que abandonar con el Honda.<\/p>\n\n\n\n<figure class=\"wp-block-image size-large\"><a href=\"https:\/\/i0.wp.com\/elterritorialweb.com.ar\/web\/wp-content\/uploads\/2022\/06\/TC2000.jpg\"><img data-recalc-dims=\"1\" decoding=\"async\" width=\"640\" height=\"427\" data-src=\"https:\/\/i0.wp.com\/elterritorialweb.com.ar\/web\/wp-content\/uploads\/2022\/06\/TC2000.jpg?resize=640%2C427\" alt=\"\" class=\"wp-image-41063 lazyload\" data-srcset=\"https:\/\/i0.wp.com\/elterritorialweb.com.ar\/web\/wp-content\/uploads\/2022\/06\/TC2000.jpg?resize=1024%2C683 1024w, https:\/\/i0.wp.com\/elterritorialweb.com.ar\/web\/wp-content\/uploads\/2022\/06\/TC2000.jpg?resize=300%2C200 300w, https:\/\/i0.wp.com\/elterritorialweb.com.ar\/web\/wp-content\/uploads\/2022\/06\/TC2000.jpg?resize=768%2C512 768w, https:\/\/i0.wp.com\/elterritorialweb.com.ar\/web\/wp-content\/uploads\/2022\/06\/TC2000.jpg?resize=1536%2C1024 1536w, https:\/\/i0.wp.com\/elterritorialweb.com.ar\/web\/wp-content\/uploads\/2022\/06\/TC2000.jpg?w=1620 1620w, https:\/\/i0.wp.com\/elterritorialweb.com.ar\/web\/wp-content\/uploads\/2022\/06\/TC2000.jpg?w=1280 1280w\" data-sizes=\"(max-width: 640px) 100vw, 640px\" src=\"data:image\/svg+xml;base64,PHN2ZyB3aWR0aD0iMSIgaGVpZ2h0PSIxIiB4bWxucz0iaHR0cDovL3d3dy53My5vcmcvMjAwMC9zdmciPjwvc3ZnPg==\" style=\"--smush-placeholder-width: 640px; --smush-placeholder-aspect-ratio: 640\/427;\" \/><\/a><\/figure>\n\n\n\n<p>En la cuarta vuelta, Barrio quiso pasar a Montenegro, se tocaron y a esta situaci\u00f3n la aprovech\u00f3 Santero para dejar atr\u00e1s a su compa\u00f1ero y saltar al quinto lugar. Mientras que sexto estaba Yannantuoni, ganador del Sprint del s\u00e1bado.<\/p>\n\n\n\n<p>A 26 minutos para que se baje la bandera a cuadros, Santero pudo quebrar la resistencia de Montenegro y era el flamante cuarto. En la 12\u00b0 vuelta, Barrio pas\u00f3 a Yannantuoni y escal\u00f3 al sexto puesto.<\/p>\n\n\n\n<p>Luego, Barrio intent\u00f3 pasar a Montenegro en una ajustada maniobra y esto fue aprovechado por Yannantuoni para superarlos. Pero el piloto de Pinamar se recuper\u00f3 y pudo quedar delante del piloto de Honda.<\/p>\n\n\n\n<figure class=\"wp-block-image size-full is-resized\"><a href=\"https:\/\/i0.wp.com\/elterritorialweb.com.ar\/web\/wp-content\/uploads\/2022\/06\/TC2000-1.jpg\"><img data-recalc-dims=\"1\" decoding=\"async\" data-src=\"https:\/\/i0.wp.com\/elterritorialweb.com.ar\/web\/wp-content\/uploads\/2022\/06\/TC2000-1.jpg?resize=640%2C426\" alt=\"\" class=\"wp-image-41064 lazyload\" width=\"640\" height=\"426\" data-srcset=\"https:\/\/i0.wp.com\/elterritorialweb.com.ar\/web\/wp-content\/uploads\/2022\/06\/TC2000-1.jpg?w=640 640w, https:\/\/i0.wp.com\/elterritorialweb.com.ar\/web\/wp-content\/uploads\/2022\/06\/TC2000-1.jpg?resize=300%2C200 300w\" data-sizes=\"(max-width: 640px) 100vw, 640px\" src=\"data:image\/svg+xml;base64,PHN2ZyB3aWR0aD0iMSIgaGVpZ2h0PSIxIiB4bWxucz0iaHR0cDovL3d3dy53My5vcmcvMjAwMC9zdmciPjwvc3ZnPg==\" style=\"--smush-placeholder-width: 640px; --smush-placeholder-aspect-ratio: 640\/426;\" \/><\/a><\/figure>\n\n\n\n<p>En el 18\u00b0 giro, Spataro dobleg\u00f3 por afuera a Llaver y escal\u00f3 al noveno lugar. Momentos despu\u00e9s, el piloto de Lan\u00fas se retras\u00f3 por problemas en el Fiat.<\/p>\n\n\n\n<p>En definitiva,&nbsp;<strong>Pern\u00eda<\/strong>&nbsp;cant\u00f3 victoria en Termas de R\u00edo Hondo, seguido por Canapino, Milla, Santero y complet\u00f3 los mejores cinco Jorge Barrio. M\u00e1s atr\u00e1s se ubicaron Yannantuoni, Montenegro, Cravero, Llaver y cerr\u00f3 el top ten Bernardo Llaver.<\/p>\n\n\n\n<p>La pr\u00f3xima fecha del TC2000 se llevar\u00e1 a cabo el 3 de julio en el aut\u00f3dromo Oscar Cabal\u00e9n de Alta Gracia.<\/p>\n","protected":false},"excerpt":{"rendered":"<p>Agust\u00edn Canapino y Mat\u00edas Milla fueron los escoltas.<\/p>\n","protected":false},"author":2,"featured_media":41062,"comment_status":"open","ping_status":"open","sticky":false,"template":"","format":"standard","meta":{"om_disable_all_campaigns":false,"_monsterinsights_skip_tracking":false,"_monsterinsights_sitenote_active":false,"_monsterinsights_sitenote_note":"","_monsterinsights_sitenote_category":0,"_uf_show_specific_survey":0,"_uf_disable_surveys":false,"jetpack_post_was_ever_published":false,"_jetpack_newsletter_access":"","_jetpack_dont_email_post_to_subs":false,"_jetpack_newsletter_tier_id":0,"_jetpack_memberships_contains_paywalled_content":false,"_jetpack_memberships_contains_paid_content":false,"footnotes":"","jetpack_publicize_message":"","jetpack_publicize_feature_enabled":true,"jetpack_social_post_already_shared":false,"jetpack_social_options":{"image_generator_settings":{"template":"highway","default_image_id":0,"font":"","enabled":false},"version":2}},"categories":[6,4],"tags":[],"class_list":["post-41060","post","type-post","status-publish","format-standard","has-post-thumbnail","hentry","category-deportes","category-destacadas"],"aioseo_notices":[],"views":6,"jetpack_publicize_connections":[],"jetpack_featured_media_url":"https:\/\/i0.wp.com\/elterritorialweb.com.ar\/web\/wp-content\/uploads\/2022\/06\/PERNIA.jpg?fit=500%2C500","jetpack_sharing_enabled":true,"_links":{"self":[{"href":"http:\/\/elterritorialweb.com.ar\/web\/wp-json\/wp\/v2\/posts\/41060","targetHints":{"allow":["GET"]}}],"collection":[{"href":"http:\/\/elterritorialweb.com.ar\/web\/wp-json\/wp\/v2\/posts"}],"about":[{"href":"http:\/\/elterritorialweb.com.ar\/web\/wp-json\/wp\/v2\/types\/post"}],"author":[{"embeddable":true,"href":"http:\/\/elterritorialweb.com.ar\/web\/wp-json\/wp\/v2\/users\/2"}],"replies":[{"embeddable":true,"href":"http:\/\/elterritorialweb.com.ar\/web\/wp-json\/wp\/v2\/comments?post=41060"}],"version-history":[{"count":2,"href":"http:\/\/elterritorialweb.com.ar\/web\/wp-json\/wp\/v2\/posts\/41060\/revisions"}],"predecessor-version":[{"id":41066,"href":"http:\/\/elterritorialweb.com.ar\/web\/wp-json\/wp\/v2\/posts\/41060\/revisions\/41066"}],"wp:featuredmedia":[{"embeddable":true,"href":"http:\/\/elterritorialweb.com.ar\/web\/wp-json\/wp\/v2\/media\/41062"}],"wp:attachment":[{"href":"http:\/\/elterritorialweb.com.ar\/web\/wp-json\/wp\/v2\/media?parent=41060"}],"wp:term":[{"taxonomy":"category","embeddable":true,"href":"http:\/\/elterritorialweb.com.ar\/web\/wp-json\/wp\/v2\/categories?post=41060"},{"taxonomy":"post_tag","embeddable":true,"href":"http:\/\/elterritorialweb.com.ar\/web\/wp-json\/wp\/v2\/tags?post=41060"}],"curies":[{"name":"wp","href":"https:\/\/api.w.org\/{rel}","templated":true}]}}