{"id":41080,"date":"2022-06-12T22:46:56","date_gmt":"2022-06-12T22:46:56","guid":{"rendered":"http:\/\/elterritorialweb.com.ar\/web\/?p=41080"},"modified":"2022-06-12T22:46:57","modified_gmt":"2022-06-12T22:46:57","slug":"nediani-dialogo-con-los-vecinos-del-barrio-rio-dulce","status":"publish","type":"post","link":"http:\/\/elterritorialweb.com.ar\/web\/nediani-dialogo-con-los-vecinos-del-barrio-rio-dulce\/","title":{"rendered":"NEDIANI DIALOG\u00d3 CON LOS VECINOS DEL BARRIO RIO DULCE"},"content":{"rendered":"\n<p>Constantemente, el jefe comunal destaca la importancia del di\u00e1logo entre vecinos y autoridades municipales como medio directo de trabajar por el crecimiento de la ciudad, mejorando de esta manera la calidad de vida del bande\u00f1o.<br>En la oportunidad, Nediani acompa\u00f1ado por Miguel Montenegro mencion\u00f3 algunos de los trabajos que se est\u00e1n realizando en la ciudad, en materia de salud, seguridad, infraestructura y educaci\u00f3n, entre otros.<br>Asimismo, se refiri\u00f3 a los proyectos que est\u00e1n pensados y programados: \u00abQueremos seguir trabajando para concretar muchas obras de infraestructura b\u00e1sica como pavimento, desag\u00fces, cord\u00f3n cuneta y reconversi\u00f3n lum\u00ednica en toda la ciudad porque todos nos merecemos vivir bien\u00bb.<br>Para finalizar est\u00e1 productiva reuni\u00f3n, el intendente realiz\u00f3 la entrega de camisetas a los equipos de diferentes categor\u00edas del barrio.<\/p>\n","protected":false},"excerpt":{"rendered":"<p>Vecinos del barrio Rio Dulce recibieron al intendente Roger Nediani, en la cual manifestaron sus inquietudes, necesidades y problem\u00e1ticas que existen en el sector.<\/p>\n","protected":false},"author":2,"featured_media":41081,"comment_status":"open","ping_status":"open","sticky":false,"template":"","format":"standard","meta":{"om_disable_all_campaigns":false,"_monsterinsights_skip_tracking":false,"_monsterinsights_sitenote_active":false,"_monsterinsights_sitenote_note":"","_monsterinsights_sitenote_category":0,"_uf_show_specific_survey":0,"_uf_disable_surveys":false,"jetpack_post_was_ever_published":false,"_jetpack_newsletter_access":"","_jetpack_dont_email_post_to_subs":false,"_jetpack_newsletter_tier_id":0,"_jetpack_memberships_contains_paywalled_content":false,"_jetpack_memberships_contains_paid_content":false,"footnotes":"","jetpack_publicize_message":"","jetpack_publicize_feature_enabled":true,"jetpack_social_post_already_shared":false,"jetpack_social_options":{"image_generator_settings":{"template":"highway","default_image_id":0,"font":"","enabled":false},"version":2}},"categories":[21],"tags":[],"class_list":["post-41080","post","type-post","status-publish","format-standard","has-post-thumbnail","hentry","category-locales"],"aioseo_notices":[],"views":4,"jetpack_publicize_connections":[],"jetpack_featured_media_url":"https:\/\/i0.wp.com\/elterritorialweb.com.ar\/web\/wp-content\/uploads\/2022\/06\/WhatsApp-Image-2022-06-12-at-7.42.35-PM.jpeg?fit=1539%2C984","jetpack_sharing_enabled":true,"_links":{"self":[{"href":"http:\/\/elterritorialweb.com.ar\/web\/wp-json\/wp\/v2\/posts\/41080","targetHints":{"allow":["GET"]}}],"collection":[{"href":"http:\/\/elterritorialweb.com.ar\/web\/wp-json\/wp\/v2\/posts"}],"about":[{"href":"http:\/\/elterritorialweb.com.ar\/web\/wp-json\/wp\/v2\/types\/post"}],"author":[{"embeddable":true,"href":"http:\/\/elterritorialweb.com.ar\/web\/wp-json\/wp\/v2\/users\/2"}],"replies":[{"embeddable":true,"href":"http:\/\/elterritorialweb.com.ar\/web\/wp-json\/wp\/v2\/comments?post=41080"}],"version-history":[{"count":1,"href":"http:\/\/elterritorialweb.com.ar\/web\/wp-json\/wp\/v2\/posts\/41080\/revisions"}],"predecessor-version":[{"id":41082,"href":"http:\/\/elterritorialweb.com.ar\/web\/wp-json\/wp\/v2\/posts\/41080\/revisions\/41082"}],"wp:featuredmedia":[{"embeddable":true,"href":"http:\/\/elterritorialweb.com.ar\/web\/wp-json\/wp\/v2\/media\/41081"}],"wp:attachment":[{"href":"http:\/\/elterritorialweb.com.ar\/web\/wp-json\/wp\/v2\/media?parent=41080"}],"wp:term":[{"taxonomy":"category","embeddable":true,"href":"http:\/\/elterritorialweb.com.ar\/web\/wp-json\/wp\/v2\/categories?post=41080"},{"taxonomy":"post_tag","embeddable":true,"href":"http:\/\/elterritorialweb.com.ar\/web\/wp-json\/wp\/v2\/tags?post=41080"}],"curies":[{"name":"wp","href":"https:\/\/api.w.org\/{rel}","templated":true}]}}