{"id":41083,"date":"2022-06-13T03:18:10","date_gmt":"2022-06-13T03:18:10","guid":{"rendered":"http:\/\/elterritorialweb.com.ar\/web\/?p=41083"},"modified":"2022-06-13T03:55:14","modified_gmt":"2022-06-13T03:55:14","slug":"historico-triunfo-de-central-cordoba-ante-boca-juniors","status":"publish","type":"post","link":"http:\/\/elterritorialweb.com.ar\/web\/historico-triunfo-de-central-cordoba-ante-boca-juniors\/","title":{"rendered":"HIST\u00d3RICO TRIUNFO DE CENTRAL C\u00d3RDOBA ANTE BOCA JUNIORS EN EL ESTADIO \u00daNICO"},"content":{"rendered":"\n<p>Central C\u00f3rdoba arranc\u00f3 bien el partido, presionando bien arriba y tratando de sorprender a Boca que arranc\u00f3 dormido en el inicio, que permiti\u00f3 al local a los 3m. a trav\u00e9s de Kaprof, ingres\u00f3 al \u00e1rea con pelota dominada y cay\u00f3 despu\u00e9s de un cruce de Rojo, todo Central C\u00f3rdoba pidi\u00f3 penal, pero el VAR lo dejo sin efecto.<\/p>\n\n\n\n<figure class=\"wp-block-image size-large\"><a href=\"https:\/\/i0.wp.com\/elterritorialweb.com.ar\/web\/wp-content\/uploads\/2022\/06\/WhatsApp-Image-2022-06-13-at-2.26.58-AM.jpeg\"><img data-recalc-dims=\"1\" decoding=\"async\" width=\"640\" height=\"426\" data-src=\"https:\/\/i0.wp.com\/elterritorialweb.com.ar\/web\/wp-content\/uploads\/2022\/06\/WhatsApp-Image-2022-06-13-at-2.26.58-AM.jpeg?resize=640%2C426\" alt=\"\" class=\"wp-image-41094 lazyload\" data-srcset=\"https:\/\/i0.wp.com\/elterritorialweb.com.ar\/web\/wp-content\/uploads\/2022\/06\/WhatsApp-Image-2022-06-13-at-2.26.58-AM.jpeg?resize=1024%2C682 1024w, https:\/\/i0.wp.com\/elterritorialweb.com.ar\/web\/wp-content\/uploads\/2022\/06\/WhatsApp-Image-2022-06-13-at-2.26.58-AM.jpeg?resize=300%2C200 300w, https:\/\/i0.wp.com\/elterritorialweb.com.ar\/web\/wp-content\/uploads\/2022\/06\/WhatsApp-Image-2022-06-13-at-2.26.58-AM.jpeg?resize=768%2C512 768w, https:\/\/i0.wp.com\/elterritorialweb.com.ar\/web\/wp-content\/uploads\/2022\/06\/WhatsApp-Image-2022-06-13-at-2.26.58-AM.jpeg?w=1280 1280w\" data-sizes=\"(max-width: 640px) 100vw, 640px\" src=\"data:image\/svg+xml;base64,PHN2ZyB3aWR0aD0iMSIgaGVpZ2h0PSIxIiB4bWxucz0iaHR0cDovL3d3dy53My5vcmcvMjAwMC9zdmciPjwvc3ZnPg==\" style=\"--smush-placeholder-width: 640px; --smush-placeholder-aspect-ratio: 640\/426;\" \/><\/a><\/figure>\n\n\n\n<p>El Ferro mejor parado en el campo de juego, continu\u00f3 atacando con sus delanteros, Kaprof y L\u00f3pez que inquietaban la defensa Xeneize que no lograba hacer pie y buscaban parar el avasallante ataque que proponia el equipo de Rondina. <\/p>\n\n\n\n<figure class=\"wp-block-image size-large\"><a href=\"https:\/\/i0.wp.com\/elterritorialweb.com.ar\/web\/wp-content\/uploads\/2022\/06\/WhatsApp-Image-2022-06-13-at-2.26.57-AM.jpeg\"><img data-recalc-dims=\"1\" decoding=\"async\" width=\"640\" height=\"427\" data-src=\"https:\/\/i0.wp.com\/elterritorialweb.com.ar\/web\/wp-content\/uploads\/2022\/06\/WhatsApp-Image-2022-06-13-at-2.26.57-AM.jpeg?resize=640%2C427\" alt=\"\" class=\"wp-image-41095 lazyload\" data-srcset=\"https:\/\/i0.wp.com\/elterritorialweb.com.ar\/web\/wp-content\/uploads\/2022\/06\/WhatsApp-Image-2022-06-13-at-2.26.57-AM.jpeg?resize=1024%2C683 1024w, https:\/\/i0.wp.com\/elterritorialweb.com.ar\/web\/wp-content\/uploads\/2022\/06\/WhatsApp-Image-2022-06-13-at-2.26.57-AM.jpeg?resize=300%2C200 300w, https:\/\/i0.wp.com\/elterritorialweb.com.ar\/web\/wp-content\/uploads\/2022\/06\/WhatsApp-Image-2022-06-13-at-2.26.57-AM.jpeg?resize=768%2C512 768w, https:\/\/i0.wp.com\/elterritorialweb.com.ar\/web\/wp-content\/uploads\/2022\/06\/WhatsApp-Image-2022-06-13-at-2.26.57-AM.jpeg?w=1500 1500w, https:\/\/i0.wp.com\/elterritorialweb.com.ar\/web\/wp-content\/uploads\/2022\/06\/WhatsApp-Image-2022-06-13-at-2.26.57-AM.jpeg?w=1280 1280w\" data-sizes=\"(max-width: 640px) 100vw, 640px\" src=\"data:image\/svg+xml;base64,PHN2ZyB3aWR0aD0iMSIgaGVpZ2h0PSIxIiB4bWxucz0iaHR0cDovL3d3dy53My5vcmcvMjAwMC9zdmciPjwvc3ZnPg==\" style=\"--smush-placeholder-width: 640px; --smush-placeholder-aspect-ratio: 640\/427;\" \/><\/a><\/figure>\n\n\n\n<p>Con el correr de los minutos, Boca comenz\u00f3 a emparejar el partido, Fern\u00e1ndez y Varela comenzaron a manejar la pelota, buscando siempre a Benedetto o habilitar por la derecha a Zeballos haciendo valer su velocidad y encarar a los defensores ferrroviarios y llegar as\u00ed con peligro de gol.<\/p>\n\n\n\n<figure class=\"wp-block-image size-large\"><a href=\"https:\/\/i0.wp.com\/elterritorialweb.com.ar\/web\/wp-content\/uploads\/2022\/06\/central-boca-scaled.jpg\"><img data-recalc-dims=\"1\" decoding=\"async\" width=\"640\" height=\"441\" data-src=\"https:\/\/i0.wp.com\/elterritorialweb.com.ar\/web\/wp-content\/uploads\/2022\/06\/central-boca.jpg?resize=640%2C441\" alt=\"\" class=\"wp-image-41096 lazyload\" data-srcset=\"https:\/\/i0.wp.com\/elterritorialweb.com.ar\/web\/wp-content\/uploads\/2022\/06\/central-boca-scaled.jpg?resize=1024%2C705 1024w, https:\/\/i0.wp.com\/elterritorialweb.com.ar\/web\/wp-content\/uploads\/2022\/06\/central-boca-scaled.jpg?resize=300%2C207 300w, https:\/\/i0.wp.com\/elterritorialweb.com.ar\/web\/wp-content\/uploads\/2022\/06\/central-boca-scaled.jpg?resize=768%2C529 768w, https:\/\/i0.wp.com\/elterritorialweb.com.ar\/web\/wp-content\/uploads\/2022\/06\/central-boca-scaled.jpg?resize=1536%2C1058 1536w, https:\/\/i0.wp.com\/elterritorialweb.com.ar\/web\/wp-content\/uploads\/2022\/06\/central-boca-scaled.jpg?resize=2048%2C1410 2048w, https:\/\/i0.wp.com\/elterritorialweb.com.ar\/web\/wp-content\/uploads\/2022\/06\/central-boca-scaled.jpg?w=1280 1280w, https:\/\/i0.wp.com\/elterritorialweb.com.ar\/web\/wp-content\/uploads\/2022\/06\/central-boca-scaled.jpg?w=1920 1920w\" data-sizes=\"(max-width: 640px) 100vw, 640px\" src=\"data:image\/svg+xml;base64,PHN2ZyB3aWR0aD0iMSIgaGVpZ2h0PSIxIiB4bWxucz0iaHR0cDovL3d3dy53My5vcmcvMjAwMC9zdmciPjwvc3ZnPg==\" style=\"--smush-placeholder-width: 640px; --smush-placeholder-aspect-ratio: 640\/441;\" \/><\/a><\/figure>\n\n\n\n<p>A los 11\u00b4 aviso Boca, el mediocampista Ram\u00edrez estuvo cerca del gol con una jugada personal donde tenia las opciones de hab\u00e9rsela pasado a Orsini o a Benedetto, pero su remate fue neutralizado por la defensa del Ferroviario.<\/p>\n\n\n\n<p>El partido tomo intensidad y la algarab\u00eda inundaba al p\u00fablico de ambas parcialidades que se hac\u00edan sentir con sus canticos, y as\u00ed a los 14\u00b4 de la etapa inicial, Metilli entr\u00f3 al \u00e1rea y se hamac\u00f3 hacia su izquierda, y sac\u00f3 un soberbio remate que fue bien controlado por Rossi en el medio del arco.<\/p>\n\n\n\n<figure class=\"wp-block-image size-large\"><a href=\"https:\/\/i0.wp.com\/elterritorialweb.com.ar\/web\/wp-content\/uploads\/2022\/06\/central-boca-1-scaled.jpg\"><img data-recalc-dims=\"1\" decoding=\"async\" width=\"640\" height=\"469\" data-src=\"https:\/\/i0.wp.com\/elterritorialweb.com.ar\/web\/wp-content\/uploads\/2022\/06\/central-boca-1.jpg?resize=640%2C469\" alt=\"\" class=\"wp-image-41097 lazyload\" data-srcset=\"https:\/\/i0.wp.com\/elterritorialweb.com.ar\/web\/wp-content\/uploads\/2022\/06\/central-boca-1-scaled.jpg?resize=1024%2C751 1024w, https:\/\/i0.wp.com\/elterritorialweb.com.ar\/web\/wp-content\/uploads\/2022\/06\/central-boca-1-scaled.jpg?resize=300%2C220 300w, https:\/\/i0.wp.com\/elterritorialweb.com.ar\/web\/wp-content\/uploads\/2022\/06\/central-boca-1-scaled.jpg?resize=768%2C563 768w, https:\/\/i0.wp.com\/elterritorialweb.com.ar\/web\/wp-content\/uploads\/2022\/06\/central-boca-1-scaled.jpg?resize=1536%2C1126 1536w, https:\/\/i0.wp.com\/elterritorialweb.com.ar\/web\/wp-content\/uploads\/2022\/06\/central-boca-1-scaled.jpg?resize=2048%2C1501 2048w, https:\/\/i0.wp.com\/elterritorialweb.com.ar\/web\/wp-content\/uploads\/2022\/06\/central-boca-1-scaled.jpg?w=1280 1280w, https:\/\/i0.wp.com\/elterritorialweb.com.ar\/web\/wp-content\/uploads\/2022\/06\/central-boca-1-scaled.jpg?w=1920 1920w\" data-sizes=\"(max-width: 640px) 100vw, 640px\" src=\"data:image\/svg+xml;base64,PHN2ZyB3aWR0aD0iMSIgaGVpZ2h0PSIxIiB4bWxucz0iaHR0cDovL3d3dy53My5vcmcvMjAwMC9zdmciPjwvc3ZnPg==\" style=\"--smush-placeholder-width: 640px; --smush-placeholder-aspect-ratio: 640\/469;\" \/><\/a><\/figure>\n\n\n\n<p>El encuentro continu\u00f3 parejo con un Boca buscando la apertura del marcador a trav\u00e9s de Benedetto y Zeballos y Central C\u00f3rdoba recuperando la pelota y saliendo r\u00e1pido de contragolpe buscando sorprender el arco del guardavallas Xeneize Agust\u00edn Rossi, sin lograr ambos equipos llegar al gol. <\/p>\n\n\n\n<p>El segundo tiempo arranc\u00f3 mejor Boca que tuvo dos ocaciones seguidas para abrir el marcador, a los 4\u00b4  con una gran corrida de Fabra concluye con un centro pinchado a Benedetto. El Pipa, en el medio del \u00e1rea, mide su frentazo y la pelota se va apenas besando el poste derecho, y a los 9\u00b4 Zeballos habilita a Pol Fern\u00e1ndez y este estrella en el travesa\u00f1o su remate que hizo levantar al p\u00fablico Xeneize. <\/p>\n\n\n\n<figure class=\"wp-block-image size-large\"><a href=\"https:\/\/i0.wp.com\/elterritorialweb.com.ar\/web\/wp-content\/uploads\/2022\/06\/WhatsApp-Image-2022-06-13-at-3.56.02-AM.jpeg\"><img data-recalc-dims=\"1\" decoding=\"async\" width=\"640\" height=\"427\" data-src=\"https:\/\/i0.wp.com\/elterritorialweb.com.ar\/web\/wp-content\/uploads\/2022\/06\/WhatsApp-Image-2022-06-13-at-3.56.02-AM.jpeg?resize=640%2C427\" alt=\"\" class=\"wp-image-41093 lazyload\" data-srcset=\"https:\/\/i0.wp.com\/elterritorialweb.com.ar\/web\/wp-content\/uploads\/2022\/06\/WhatsApp-Image-2022-06-13-at-3.56.02-AM.jpeg?resize=1024%2C683 1024w, https:\/\/i0.wp.com\/elterritorialweb.com.ar\/web\/wp-content\/uploads\/2022\/06\/WhatsApp-Image-2022-06-13-at-3.56.02-AM.jpeg?resize=300%2C200 300w, https:\/\/i0.wp.com\/elterritorialweb.com.ar\/web\/wp-content\/uploads\/2022\/06\/WhatsApp-Image-2022-06-13-at-3.56.02-AM.jpeg?resize=768%2C512 768w, https:\/\/i0.wp.com\/elterritorialweb.com.ar\/web\/wp-content\/uploads\/2022\/06\/WhatsApp-Image-2022-06-13-at-3.56.02-AM.jpeg?w=1124 1124w\" data-sizes=\"(max-width: 640px) 100vw, 640px\" src=\"data:image\/svg+xml;base64,PHN2ZyB3aWR0aD0iMSIgaGVpZ2h0PSIxIiB4bWxucz0iaHR0cDovL3d3dy53My5vcmcvMjAwMC9zdmciPjwvc3ZnPg==\" style=\"--smush-placeholder-width: 640px; --smush-placeholder-aspect-ratio: 640\/427;\" \/><\/a><\/figure>\n\n\n\n<p>Pero la Apertura del marcador llego a los 11\u00b4 del complemento, cuando el equipo de Rondina, aprovech\u00f3 las fallas defensivas de Boca y. Gonz\u00e1lez Metilli aprovecha un rebote corto de Rossi y manda el bal\u00f3n al fondo de la red para alegr\u00eda del p\u00fablico ferroviario.<\/p>\n\n\n\n<iframe width=\"640\" height=\"360\" data-src=\"http:\/\/www.espn.com.ar\/core\/video\/iframe?id=10506422&#038;endcard=false\" allowfullscreen frameborder=\"0\" src=\"data:image\/svg+xml;base64,PHN2ZyB3aWR0aD0iMSIgaGVpZ2h0PSIxIiB4bWxucz0iaHR0cDovL3d3dy53My5vcmcvMjAwMC9zdmciPjwvc3ZnPg==\" class=\"lazyload\" data-load-mode=\"1\"><\/iframe>\n","protected":false},"excerpt":{"rendered":"<p>En un emotivo partido, el ferroviario le gan\u00f3 al Xeneize por 1-0 en el Estadio \u00danico \u00abMadre de Ciudades\u00bb.<\/p>\n","protected":false},"author":2,"featured_media":41084,"comment_status":"open","ping_status":"open","sticky":false,"template":"","format":"standard","meta":{"om_disable_all_campaigns":false,"_monsterinsights_skip_tracking":false,"_monsterinsights_sitenote_active":false,"_monsterinsights_sitenote_note":"","_monsterinsights_sitenote_category":0,"_uf_show_specific_survey":0,"_uf_disable_surveys":false,"jetpack_post_was_ever_published":false,"_jetpack_newsletter_access":"","_jetpack_dont_email_post_to_subs":false,"_jetpack_newsletter_tier_id":0,"_jetpack_memberships_contains_paywalled_content":false,"_jetpack_memberships_contains_paid_content":false,"footnotes":"","jetpack_publicize_message":"","jetpack_publicize_feature_enabled":true,"jetpack_social_post_already_shared":false,"jetpack_social_options":{"image_generator_settings":{"template":"highway","default_image_id":0,"font":"","enabled":false},"version":2}},"categories":[6],"tags":[],"class_list":["post-41083","post","type-post","status-publish","format-standard","has-post-thumbnail","hentry","category-deportes"],"aioseo_notices":[],"views":8,"jetpack_publicize_connections":[],"jetpack_featured_media_url":"https:\/\/i0.wp.com\/elterritorialweb.com.ar\/web\/wp-content\/uploads\/2022\/06\/central.jpg?fit=1500%2C1000","jetpack_sharing_enabled":true,"_links":{"self":[{"href":"http:\/\/elterritorialweb.com.ar\/web\/wp-json\/wp\/v2\/posts\/41083","targetHints":{"allow":["GET"]}}],"collection":[{"href":"http:\/\/elterritorialweb.com.ar\/web\/wp-json\/wp\/v2\/posts"}],"about":[{"href":"http:\/\/elterritorialweb.com.ar\/web\/wp-json\/wp\/v2\/types\/post"}],"author":[{"embeddable":true,"href":"http:\/\/elterritorialweb.com.ar\/web\/wp-json\/wp\/v2\/users\/2"}],"replies":[{"embeddable":true,"href":"http:\/\/elterritorialweb.com.ar\/web\/wp-json\/wp\/v2\/comments?post=41083"}],"version-history":[{"count":6,"href":"http:\/\/elterritorialweb.com.ar\/web\/wp-json\/wp\/v2\/posts\/41083\/revisions"}],"predecessor-version":[{"id":41100,"href":"http:\/\/elterritorialweb.com.ar\/web\/wp-json\/wp\/v2\/posts\/41083\/revisions\/41100"}],"wp:featuredmedia":[{"embeddable":true,"href":"http:\/\/elterritorialweb.com.ar\/web\/wp-json\/wp\/v2\/media\/41084"}],"wp:attachment":[{"href":"http:\/\/elterritorialweb.com.ar\/web\/wp-json\/wp\/v2\/media?parent=41083"}],"wp:term":[{"taxonomy":"category","embeddable":true,"href":"http:\/\/elterritorialweb.com.ar\/web\/wp-json\/wp\/v2\/categories?post=41083"},{"taxonomy":"post_tag","embeddable":true,"href":"http:\/\/elterritorialweb.com.ar\/web\/wp-json\/wp\/v2\/tags?post=41083"}],"curies":[{"name":"wp","href":"https:\/\/api.w.org\/{rel}","templated":true}]}}