{"id":41101,"date":"2022-06-13T03:58:05","date_gmt":"2022-06-13T03:58:05","guid":{"rendered":"http:\/\/elterritorialweb.com.ar\/web\/?p=41101"},"modified":"2022-06-13T03:58:52","modified_gmt":"2022-06-13T03:58:52","slug":"en-la-ultima-semana-se-reportaron-36-835-contagios-de-coronavirus-en-la-argentina","status":"publish","type":"post","link":"http:\/\/elterritorialweb.com.ar\/web\/en-la-ultima-semana-se-reportaron-36-835-contagios-de-coronavirus-en-la-argentina\/","title":{"rendered":"EN LA \u00daLTIMA SEMANA, SE REPORTARON 36.835 CONTAGIOS DE CORONAVIRUS EN LA ARGENTINA"},"content":{"rendered":"\n<p>El Ministerio de Salud report\u00f3 21 muertes por coronavirus y 36.835 contagios en la \u00faltima semana en la Argentina, lo que representa un 20% menos de casos que el domingo pasado (46.045).<\/p>\n\n\n\n<p>De esta manera,<strong>&nbsp;suman 128.994 los fallecidos registrados oficialmente a nivel nacional<\/strong>&nbsp;y 9.313.453 los contagiados desde el inicio de la pandemia.<\/p>\n\n\n\n<p>De acuerdo a los datos difundidos hoy,&nbsp;<strong>la cantidad de muertes descendi\u00f3 75% en relaci\u00f3n a la semana pasada cuando se hab\u00edan informado 84 fallecimientos.<\/strong><\/p>\n\n\n\n<p>La cartera sanitaria indic\u00f3 que son 375 los internados con coronavirus en unidades de terapia intensiva, con un porcentaje de ocupaci\u00f3n de camas de adultos en el sector p\u00fablico y privado, para todas las patolog\u00edas, de 43,2% en el pa\u00eds.<\/p>\n\n\n\n<p>Durante la \u00faltima semana murieron 11 personas en Buenos Aires, 2 en la Ciudad de Buenos Aires, 3 en C\u00f3rdoba, 1 en Entre R\u00edos, y 4 en La Pampa.<\/p>\n\n\n\n<p>Seg\u00fan el Monitor P\u00fablico de Vacunaci\u00f3n, el total de dosis aplicadas asciende a 104.279.854, de los cuales 40.815.327 recibieron una dosis, 37.535.219 las dos, 3.074.282 una adicional y 22.855.026 una de refuerzo, mientras que las vacunas distribuidas a las jurisdicciones llegan a 111.554.870 y las donadas a 5.083.000.<\/p>\n","protected":false},"excerpt":{"rendered":"<p>Seg\u00fan los datos del reporte semanal, suman 128.994 los fallecidos registrados oficialmente a nivel nacional y 9.313.453 los contagiados desde el inicio de la pandemia.<\/p>\n","protected":false},"author":2,"featured_media":31826,"comment_status":"open","ping_status":"open","sticky":false,"template":"","format":"standard","meta":{"om_disable_all_campaigns":false,"_monsterinsights_skip_tracking":false,"_monsterinsights_sitenote_active":false,"_monsterinsights_sitenote_note":"","_monsterinsights_sitenote_category":0,"_uf_show_specific_survey":0,"_uf_disable_surveys":false,"jetpack_post_was_ever_published":false,"_jetpack_newsletter_access":"","_jetpack_dont_email_post_to_subs":false,"_jetpack_newsletter_tier_id":0,"_jetpack_memberships_contains_paywalled_content":false,"_jetpack_memberships_contains_paid_content":false,"footnotes":"","jetpack_publicize_message":"","jetpack_publicize_feature_enabled":true,"jetpack_social_post_already_shared":false,"jetpack_social_options":{"image_generator_settings":{"template":"highway","default_image_id":0,"font":"","enabled":false},"version":2}},"categories":[4,3],"tags":[],"class_list":["post-41101","post","type-post","status-publish","format-standard","has-post-thumbnail","hentry","category-destacadas","category-salud"],"aioseo_notices":[],"views":8,"jetpack_publicize_connections":[],"jetpack_featured_media_url":"https:\/\/i0.wp.com\/elterritorialweb.com.ar\/web\/wp-content\/uploads\/2021\/12\/NUEVOS-CASOS-23-DE-DICIEMBRE.jpg?fit=767%2C431","jetpack_sharing_enabled":true,"_links":{"self":[{"href":"http:\/\/elterritorialweb.com.ar\/web\/wp-json\/wp\/v2\/posts\/41101","targetHints":{"allow":["GET"]}}],"collection":[{"href":"http:\/\/elterritorialweb.com.ar\/web\/wp-json\/wp\/v2\/posts"}],"about":[{"href":"http:\/\/elterritorialweb.com.ar\/web\/wp-json\/wp\/v2\/types\/post"}],"author":[{"embeddable":true,"href":"http:\/\/elterritorialweb.com.ar\/web\/wp-json\/wp\/v2\/users\/2"}],"replies":[{"embeddable":true,"href":"http:\/\/elterritorialweb.com.ar\/web\/wp-json\/wp\/v2\/comments?post=41101"}],"version-history":[{"count":1,"href":"http:\/\/elterritorialweb.com.ar\/web\/wp-json\/wp\/v2\/posts\/41101\/revisions"}],"predecessor-version":[{"id":41102,"href":"http:\/\/elterritorialweb.com.ar\/web\/wp-json\/wp\/v2\/posts\/41101\/revisions\/41102"}],"wp:featuredmedia":[{"embeddable":true,"href":"http:\/\/elterritorialweb.com.ar\/web\/wp-json\/wp\/v2\/media\/31826"}],"wp:attachment":[{"href":"http:\/\/elterritorialweb.com.ar\/web\/wp-json\/wp\/v2\/media?parent=41101"}],"wp:term":[{"taxonomy":"category","embeddable":true,"href":"http:\/\/elterritorialweb.com.ar\/web\/wp-json\/wp\/v2\/categories?post=41101"},{"taxonomy":"post_tag","embeddable":true,"href":"http:\/\/elterritorialweb.com.ar\/web\/wp-json\/wp\/v2\/tags?post=41101"}],"curies":[{"name":"wp","href":"https:\/\/api.w.org\/{rel}","templated":true}]}}