{"id":41103,"date":"2022-06-13T04:14:35","date_gmt":"2022-06-13T04:14:35","guid":{"rendered":"http:\/\/elterritorialweb.com.ar\/web\/?p=41103"},"modified":"2022-06-13T04:17:34","modified_gmt":"2022-06-13T04:17:34","slug":"coronavirus-en-santiago-confirmaron-25-casos-positivos-en-la-ultima-semana-en-la-provincia","status":"publish","type":"post","link":"http:\/\/elterritorialweb.com.ar\/web\/coronavirus-en-santiago-confirmaron-25-casos-positivos-en-la-ultima-semana-en-la-provincia\/","title":{"rendered":"CORONAVIRUS EN SANTIAGO: CONFIRMARON 25 CASOS POSITIVOS EN LA \u00daLTIMA SEMANA EN LA PROVINCIA"},"content":{"rendered":"\n<p>Como todas las semanas el\u00a0<strong>Ministerio de Salud de Santiago<\/strong>\u00a0dio a conocer el reporte epidemiol\u00f3gico en el marco de la pandemia del coronavirus. En este sentido los datos correspondientes\u00a0<strong>desde el domingo 05\/06 al S\u00e1bado 11\/06 inclusive<\/strong><\/p>\n\n\n\n<p>-El n\u00famero de casos fue de 25 positivos.<\/p>\n\n\n\n<p>-El promedio diario de contagios en estos 7 d\u00edas fue de 3,57 casos<\/p>\n\n\n\n<p>-El porcentaje de ocupaci\u00f3n de camas Covid:<\/p>\n\n\n\n<p>a) UTI -UCI: 0%<\/p>\n\n\n\n<p>b) Camas Covid leves y moderados: 0%.<\/p>\n\n\n\n<p>Importante: SE ENCUENTRA EN VIGENCIA EL PASE SANITARIO EN LA PROVINCIA. Con el objetivo de generar condiciones seguras y cuidadas de acceso a diferentes actividades y eventos masivos tanto p\u00fablico como privados, en espacios abiertos y cerrados, se instrumento el Pase Sanitario, que consiste en la acreditaci\u00f3n del esquema completo de vacunaci\u00f3n contra Covid-19. <\/p>\n\n\n\n<p>Se recuerda:<\/p>\n\n\n\n<p>&#8211; Continua siendo obligatorio el barbijo en lugares cerrados, transporte p\u00fablico y radio taxis, y en lugares abiertos donde exista aglomeraci\u00f3n de personas. <\/p>\n\n\n\n<p>AISLAMIENTO<\/p>\n\n\n\n<p>&#8211; Personas con COVID-19 positivo y convivientes con esquema completo de vacunaci\u00f3n (7 d\u00edas), contacto estrecho no conviviente con esquema completo de vacunaci\u00f3n (5 d\u00edas). <\/p>\n\n\n\n<p>&#8211; Personas con COVID-19 positivo, contacto estrecho conviviente\/no convivientes con esquema incompleto de vacunaci\u00f3n (10 d\u00edas).<\/p>\n\n\n\n<p>POR \u00daLTIMO, el COE informa a toda la poblaci\u00f3n:<\/p>\n\n\n\n<p>a) Que se monitorean semanalmente los resultados de las muestras de hisopados, a los fines de realizar una vigilancia genomica del SARS-COV-2 para identificar las variantes que circulan en nuestra provincia.<\/p>\n\n\n\n<p>b) Es fundamental en este momento, que todos los santiague\u00f1os mayores de 18 a\u00f1os concurran a vacunarse con las 2\u00b0 y 3\u00b0 dosis seg\u00fan corresponda y los ni\u00f1os de 3 a 12 a\u00f1os, adolescentes y j\u00f3venes de 13 a 17 a\u00f1os las primeras o segundas dosis de las vacunas contra el Covid 19; existiendo VACUNATORIOS PERMANENTES en todas las localidades, adem\u00e1s de las convocatorias masivas a trav\u00e9s de calendarios que se vienen realizando. <\/p>\n\n\n\n<p>Se solicita a todas las personas que est\u00e1n en condiciones de hacerlo, se apliquen las dosis de refuerzo; que se encuentran disponibles en los vacunatorios permanentes, para tener la suficiente inmunidad y as\u00ed evitar que se propaguen los contagios y las internaciones con s\u00edntomas graves<\/p>\n","protected":false},"excerpt":{"rendered":"<p>As\u00ed lo inform\u00f3 el Ministerio de Salud de la provincia de Santiago del Estero.<\/p>\n","protected":false},"author":2,"featured_media":41104,"comment_status":"open","ping_status":"open","sticky":false,"template":"","format":"standard","meta":{"om_disable_all_campaigns":false,"_monsterinsights_skip_tracking":false,"_monsterinsights_sitenote_active":false,"_monsterinsights_sitenote_note":"","_monsterinsights_sitenote_category":0,"_uf_show_specific_survey":0,"_uf_disable_surveys":false,"jetpack_post_was_ever_published":false,"_jetpack_newsletter_access":"","_jetpack_dont_email_post_to_subs":false,"_jetpack_newsletter_tier_id":0,"_jetpack_memberships_contains_paywalled_content":false,"_jetpack_memberships_contains_paid_content":false,"footnotes":"","jetpack_publicize_message":"","jetpack_publicize_feature_enabled":true,"jetpack_social_post_already_shared":false,"jetpack_social_options":{"image_generator_settings":{"template":"highway","default_image_id":0,"font":"","enabled":false},"version":2}},"categories":[4,3],"tags":[],"class_list":["post-41103","post","type-post","status-publish","format-standard","has-post-thumbnail","hentry","category-destacadas","category-salud"],"aioseo_notices":[],"views":10,"jetpack_publicize_connections":[],"jetpack_featured_media_url":"https:\/\/i0.wp.com\/elterritorialweb.com.ar\/web\/wp-content\/uploads\/2022\/06\/reporte-diario.jpg?fit=960%2C720","jetpack_sharing_enabled":true,"_links":{"self":[{"href":"http:\/\/elterritorialweb.com.ar\/web\/wp-json\/wp\/v2\/posts\/41103","targetHints":{"allow":["GET"]}}],"collection":[{"href":"http:\/\/elterritorialweb.com.ar\/web\/wp-json\/wp\/v2\/posts"}],"about":[{"href":"http:\/\/elterritorialweb.com.ar\/web\/wp-json\/wp\/v2\/types\/post"}],"author":[{"embeddable":true,"href":"http:\/\/elterritorialweb.com.ar\/web\/wp-json\/wp\/v2\/users\/2"}],"replies":[{"embeddable":true,"href":"http:\/\/elterritorialweb.com.ar\/web\/wp-json\/wp\/v2\/comments?post=41103"}],"version-history":[{"count":1,"href":"http:\/\/elterritorialweb.com.ar\/web\/wp-json\/wp\/v2\/posts\/41103\/revisions"}],"predecessor-version":[{"id":41105,"href":"http:\/\/elterritorialweb.com.ar\/web\/wp-json\/wp\/v2\/posts\/41103\/revisions\/41105"}],"wp:featuredmedia":[{"embeddable":true,"href":"http:\/\/elterritorialweb.com.ar\/web\/wp-json\/wp\/v2\/media\/41104"}],"wp:attachment":[{"href":"http:\/\/elterritorialweb.com.ar\/web\/wp-json\/wp\/v2\/media?parent=41103"}],"wp:term":[{"taxonomy":"category","embeddable":true,"href":"http:\/\/elterritorialweb.com.ar\/web\/wp-json\/wp\/v2\/categories?post=41103"},{"taxonomy":"post_tag","embeddable":true,"href":"http:\/\/elterritorialweb.com.ar\/web\/wp-json\/wp\/v2\/tags?post=41103"}],"curies":[{"name":"wp","href":"https:\/\/api.w.org\/{rel}","templated":true}]}}