{"id":41106,"date":"2022-06-13T04:20:30","date_gmt":"2022-06-13T04:20:30","guid":{"rendered":"http:\/\/elterritorialweb.com.ar\/web\/?p=41106"},"modified":"2022-06-13T04:25:18","modified_gmt":"2022-06-13T04:25:18","slug":"fuentes-participo-de-un-encuentro-organizado-por-el-consejo-profesional-de-la-ingenieria","status":"publish","type":"post","link":"http:\/\/elterritorialweb.com.ar\/web\/fuentes-participo-de-un-encuentro-organizado-por-el-consejo-profesional-de-la-ingenieria\/","title":{"rendered":"FUENTES PARTICIP\u00d3 DE UN ENCUENTRO ORGANIZADO POR EL CONSEJO PROFESIONAL DE LA INGENIER\u00cdA"},"content":{"rendered":"\n<p>La jefa comunal recorri\u00f3 el predio que la entidad ubicado en la Costanera Norte de la ciudad en donde se hicieron nuevas obras como un circuito de caminer\u00eda y se instalaron equipos para realizar actividad f\u00edsica.<\/p>\n\n\n\n<p>La jefa comunal y el titular de la instituci\u00f3n descubrieron un mural alusivo al cuidado del medio habiente y visitaron una feria artesanal en el mismo predio.<\/p>\n\n\n\n<p>Posteriormente, el Consejo Profesional le hizo un reconocimiento a la intendente por su desempe\u00f1o, gesto que la Ing. Fuentes agradeci\u00f3 y record\u00f3 su compromiso por la actividad que el d\u00eda 6 de junio pasado tuvo su fecha alusiva al cumplirse un nuevo aniversario de la graduaci\u00f3n del primer ingeniero argentino.<\/p>\n","protected":false},"excerpt":{"rendered":"<p>La intendente de la Capital, Ing. Norma Fuentes, particip\u00f3 de un encuentro organizado por el Consejo Profesional de la Ingenier\u00eda y Arquitectura de Santiago del Estero (CPIA), en donde fue recibida por su presidente, Ing. Ram\u00f3n E. P\u00e9rez, en el marco de la conmemoraci\u00f3n del D\u00eda de la Ingenier\u00eda.<\/p>\n","protected":false},"author":2,"featured_media":41107,"comment_status":"open","ping_status":"open","sticky":false,"template":"","format":"standard","meta":{"om_disable_all_campaigns":false,"_monsterinsights_skip_tracking":false,"_monsterinsights_sitenote_active":false,"_monsterinsights_sitenote_note":"","_monsterinsights_sitenote_category":0,"_uf_show_specific_survey":0,"_uf_disable_surveys":false,"jetpack_post_was_ever_published":false,"_jetpack_newsletter_access":"","_jetpack_dont_email_post_to_subs":false,"_jetpack_newsletter_tier_id":0,"_jetpack_memberships_contains_paywalled_content":false,"_jetpack_memberships_contains_paid_content":false,"footnotes":"","jetpack_publicize_message":"","jetpack_publicize_feature_enabled":true,"jetpack_social_post_already_shared":false,"jetpack_social_options":{"image_generator_settings":{"template":"highway","default_image_id":0,"font":"","enabled":false},"version":2}},"categories":[21],"tags":[],"class_list":["post-41106","post","type-post","status-publish","format-standard","has-post-thumbnail","hentry","category-locales"],"aioseo_notices":[],"views":8,"jetpack_publicize_connections":[],"jetpack_featured_media_url":"https:\/\/i0.wp.com\/elterritorialweb.com.ar\/web\/wp-content\/uploads\/2022\/06\/fuentes-consejo-de-ingenieros.jpeg?fit=1124%2C750","jetpack_sharing_enabled":true,"_links":{"self":[{"href":"http:\/\/elterritorialweb.com.ar\/web\/wp-json\/wp\/v2\/posts\/41106","targetHints":{"allow":["GET"]}}],"collection":[{"href":"http:\/\/elterritorialweb.com.ar\/web\/wp-json\/wp\/v2\/posts"}],"about":[{"href":"http:\/\/elterritorialweb.com.ar\/web\/wp-json\/wp\/v2\/types\/post"}],"author":[{"embeddable":true,"href":"http:\/\/elterritorialweb.com.ar\/web\/wp-json\/wp\/v2\/users\/2"}],"replies":[{"embeddable":true,"href":"http:\/\/elterritorialweb.com.ar\/web\/wp-json\/wp\/v2\/comments?post=41106"}],"version-history":[{"count":1,"href":"http:\/\/elterritorialweb.com.ar\/web\/wp-json\/wp\/v2\/posts\/41106\/revisions"}],"predecessor-version":[{"id":41108,"href":"http:\/\/elterritorialweb.com.ar\/web\/wp-json\/wp\/v2\/posts\/41106\/revisions\/41108"}],"wp:featuredmedia":[{"embeddable":true,"href":"http:\/\/elterritorialweb.com.ar\/web\/wp-json\/wp\/v2\/media\/41107"}],"wp:attachment":[{"href":"http:\/\/elterritorialweb.com.ar\/web\/wp-json\/wp\/v2\/media?parent=41106"}],"wp:term":[{"taxonomy":"category","embeddable":true,"href":"http:\/\/elterritorialweb.com.ar\/web\/wp-json\/wp\/v2\/categories?post=41106"},{"taxonomy":"post_tag","embeddable":true,"href":"http:\/\/elterritorialweb.com.ar\/web\/wp-json\/wp\/v2\/tags?post=41106"}],"curies":[{"name":"wp","href":"https:\/\/api.w.org\/{rel}","templated":true}]}}