{"id":41198,"date":"2022-06-15T21:48:42","date_gmt":"2022-06-15T21:48:42","guid":{"rendered":"http:\/\/elterritorialweb.com.ar\/web\/?p=41198"},"modified":"2022-06-15T21:48:43","modified_gmt":"2022-06-15T21:48:43","slug":"nediani-firmo-un-convenio-con-el-ministro-de-obras-publicas-de-la-nacion","status":"publish","type":"post","link":"http:\/\/elterritorialweb.com.ar\/web\/nediani-firmo-un-convenio-con-el-ministro-de-obras-publicas-de-la-nacion\/","title":{"rendered":"NEDIANI FIRM\u00d3 UN CONVENIO CON EL MINISTRO DE OBRAS PUBLICAS DE LA NACI\u00d3N"},"content":{"rendered":"\n<p>Por su parte, el intendente Nediani resalt\u00f3 la \u201cdecisi\u00f3n pol\u00edtica de avanzar con las obras de asfalto que se necesitan en la ciudad\u201d. \u201cEs fundamental para los vecinos y vecinas de La Banda poder contar con calles en buenas condiciones que mejoren la accesibilidad y su vida diaria\u201d, dijo.<br>Adem\u00e1s, cont\u00f3 que \u201cdurante la firma del convenio pudieron dialogar de todas las obras que se est\u00e1n realizando en la ciudad, como arreglo de calles, pavimentaci\u00f3n, limpieza y recuperaci\u00f3n de desag\u00fces, entre otras\u201d.<br>Asimismo, Nediani resalt\u00f3 la importancia del compromiso, y dijo que se encuentra \u201cestableciendo v\u00ednculos para conseguir obras de infraestructura para la ciudad y para mejorar la calidad de vida de los bande\u00f1os\u201d, ya que las expectativas de mejoras, son pilares fundamentales a cumplir en su gesti\u00f3n.<br>Cabe destacar, que este convenio reforzar\u00e1 el plan de obras que se lleva adelante en la gesti\u00f3n y que beneficiar\u00e1 a muchos barrios m\u00e1s de La Banda.<\/p>\n","protected":false},"excerpt":{"rendered":"<p>El intendente de la ciudad de La Banda, Roger Nediani y el Ministro de Obras P\u00fablicas, Gabriel Katopodis, firmaron un convenio marco de 100 cuadras m\u00e1s de asfalto en calles de la ciudad, las cuales se sumar\u00e1n al Plan de Mejoramiento y Urbanizaci\u00f3n que el municipio se encuentra realizando.<\/p>\n","protected":false},"author":2,"featured_media":41199,"comment_status":"open","ping_status":"open","sticky":false,"template":"","format":"standard","meta":{"om_disable_all_campaigns":false,"_monsterinsights_skip_tracking":false,"_monsterinsights_sitenote_active":false,"_monsterinsights_sitenote_note":"","_monsterinsights_sitenote_category":0,"_uf_show_specific_survey":0,"_uf_disable_surveys":false,"jetpack_post_was_ever_published":false,"_jetpack_newsletter_access":"","_jetpack_dont_email_post_to_subs":false,"_jetpack_newsletter_tier_id":0,"_jetpack_memberships_contains_paywalled_content":false,"_jetpack_memberships_contains_paid_content":false,"footnotes":"","jetpack_publicize_message":"","jetpack_publicize_feature_enabled":true,"jetpack_social_post_already_shared":false,"jetpack_social_options":{"image_generator_settings":{"template":"highway","default_image_id":0,"font":"","enabled":false},"version":2}},"categories":[21],"tags":[],"class_list":["post-41198","post","type-post","status-publish","format-standard","has-post-thumbnail","hentry","category-locales"],"aioseo_notices":[],"views":11,"jetpack_publicize_connections":[],"jetpack_featured_media_url":"https:\/\/i0.wp.com\/elterritorialweb.com.ar\/web\/wp-content\/uploads\/2022\/06\/IMG-20220615-WA0015.jpg?fit=1600%2C1068","jetpack_sharing_enabled":true,"_links":{"self":[{"href":"http:\/\/elterritorialweb.com.ar\/web\/wp-json\/wp\/v2\/posts\/41198","targetHints":{"allow":["GET"]}}],"collection":[{"href":"http:\/\/elterritorialweb.com.ar\/web\/wp-json\/wp\/v2\/posts"}],"about":[{"href":"http:\/\/elterritorialweb.com.ar\/web\/wp-json\/wp\/v2\/types\/post"}],"author":[{"embeddable":true,"href":"http:\/\/elterritorialweb.com.ar\/web\/wp-json\/wp\/v2\/users\/2"}],"replies":[{"embeddable":true,"href":"http:\/\/elterritorialweb.com.ar\/web\/wp-json\/wp\/v2\/comments?post=41198"}],"version-history":[{"count":1,"href":"http:\/\/elterritorialweb.com.ar\/web\/wp-json\/wp\/v2\/posts\/41198\/revisions"}],"predecessor-version":[{"id":41200,"href":"http:\/\/elterritorialweb.com.ar\/web\/wp-json\/wp\/v2\/posts\/41198\/revisions\/41200"}],"wp:featuredmedia":[{"embeddable":true,"href":"http:\/\/elterritorialweb.com.ar\/web\/wp-json\/wp\/v2\/media\/41199"}],"wp:attachment":[{"href":"http:\/\/elterritorialweb.com.ar\/web\/wp-json\/wp\/v2\/media?parent=41198"}],"wp:term":[{"taxonomy":"category","embeddable":true,"href":"http:\/\/elterritorialweb.com.ar\/web\/wp-json\/wp\/v2\/categories?post=41198"},{"taxonomy":"post_tag","embeddable":true,"href":"http:\/\/elterritorialweb.com.ar\/web\/wp-json\/wp\/v2\/tags?post=41198"}],"curies":[{"name":"wp","href":"https:\/\/api.w.org\/{rel}","templated":true}]}}