{"id":41204,"date":"2022-06-15T22:58:18","date_gmt":"2022-06-15T22:58:18","guid":{"rendered":"http:\/\/elterritorialweb.com.ar\/web\/?p=41204"},"modified":"2022-06-15T23:42:58","modified_gmt":"2022-06-15T23:42:58","slug":"daniel-scioli-asumio-como-ministro-de-desarrollo-productivo","status":"publish","type":"post","link":"http:\/\/elterritorialweb.com.ar\/web\/daniel-scioli-asumio-como-ministro-de-desarrollo-productivo\/","title":{"rendered":"DANIEL SCIOLI ASUMI\u00d3 COMO MINISTRO DE DESARROLLO PRODUCTIVO"},"content":{"rendered":"\n<p>El presidente Alberto Fern\u00e1ndez le tom\u00f3, este mi\u00e9rcoles<strong>, juramento a Daniel Scioli como ministro de Desarrollo Productivo y pidi\u00f3 la \u00abm\u00e1xima unidad\u00bb y el \u00abm\u00e1ximo esfuerzo de cada argentino\u00bb<\/strong>&nbsp;ante un escenario que estar\u00e1 condicionado por la \u00abcoyuntura internacional\u00bb, en referencia a la guerra en Ucrania.<\/p>\n\n\n\n<p>Al encabezar la ceremonia de asunci\u00f3n en el Museo del Bicentenario de la Casa Rosada, el mandatario plante\u00f3 que&nbsp;<strong>\u00abel mundo est\u00e1 viviendo un momento singular en su historia, en un tiempo signado por una enorme desgracia como fue la pandemia y por una gesti\u00f3n que nos precedi\u00f3 y nos dej\u00f3 problemas muy serios\u00bb,&nbsp;<\/strong>dijo, en referencia a la administraci\u00f3n del expresidente Mauricio Macri.<\/p>\n\n\n\n<p>A esos factores, el Presidente sum\u00f3 una \u00abguerra de dimensiones que todav\u00eda no conocemos\u00bb, en alusi\u00f3n al conflicto b\u00e9lico en Ucrania.<\/p>\n\n\n\n<p>Sin embargo, destac\u00f3 la protecci\u00f3n que brind\u00f3 el Estado durante la pandemia y la \u00abrecuperaci\u00f3n\u00bb de la econom\u00eda, dos factores que atribuy\u00f3 a la gesti\u00f3n del exministro de Desarrollo Productivo Mat\u00edas Kulfas.<\/p>\n\n\n\n<p>Fern\u00e1ndez reivindic\u00f3 la figura de Kulfas, a quien le hab\u00eda pedido la renuncia a principios de mes, por \u00abtodo el esfuerzo, la fuerza y lo que hizo en este tiempo\u00bb.<\/p>\n\n\n\n<p>El mandatario se\u00f1al\u00f3 que el Frente de Todos (FdT) \u00abnecesita de la m\u00e1xima unidad\u00bb y afirm\u00f3 que el Gobierno requiere del \u00abm\u00e1ximo esfuerzo de cada argentino\u00bb ante un escenario que estar\u00e1 condicionado por la \u00abcoyuntura internacional\u00bb.<\/p>\n\n\n\n<p>Fern\u00e1ndez llam\u00f3 as\u00ed a \u00abrecuperar el salario, mejorar la distribuci\u00f3n del ingreso y terminar con la avaricia de ganar en poco tiempo lo que la oportunidad nos permite ganar en poco tiempo\u00bb, adem\u00e1s de entender que \u00abninguna sociedad crece si no crecemos todos\u00bb.<\/p>\n\n\n\n<p>Tambi\u00e9n afirm\u00f3 que para cumplir esos objetivos \u00abnadie sobra y todos hacemos falta\u00bb.<\/p>\n\n\n\n<p>\u00abEn esta tarea estamos todos involucrados: los que producen, los que trabajan y el Estado. Lo que necesito ahora es que todos entendamos el riesgo que tenemos cuando el Papa (Francisco) mismo nos dice que estamos en presencia de la tercera guerra mundial\u00bb, advirti\u00f3 el Presidente.<\/p>\n\n\n\n<p>Por su parte,<strong>&nbsp;Scioli le agradeci\u00f3 al Presidente por la \u00abconfianza depositada\u00bb y afirm\u00f3 que \u00abhonrar\u00e1 la tarea con un alto grado de responsabilidad, trabajando incansablemente por una Argentina desarrollada e inclusiva\u00bb<\/strong>.<\/p>\n\n\n\n<p>Fern\u00e1ndez tambi\u00e9n le dedic\u00f3 palabras de reconocimiento al flamante titular de la Agencia Federal de Inteligencia (AFI), Agust\u00edn Rossi, y a la extitular de ese organismo Cristina Caama\u00f1o.<\/p>\n\n\n\n<p>El acto, que se llev\u00f3 a cabo en el Museo del Bicentenario, cont\u00f3 con unos 300 invitados.<\/p>\n","protected":false},"excerpt":{"rendered":"<p>El exembajador en Brasil se hizo cargo al frente de la cartera en reemplazo del saliente Mat\u00edas Kulfas. El acto de jura fue encabezado por el presidente Alberto Fern\u00e1ndez.<\/p>\n","protected":false},"author":2,"featured_media":41205,"comment_status":"open","ping_status":"open","sticky":false,"template":"","format":"standard","meta":{"om_disable_all_campaigns":false,"_monsterinsights_skip_tracking":false,"_monsterinsights_sitenote_active":false,"_monsterinsights_sitenote_note":"","_monsterinsights_sitenote_category":0,"_uf_show_specific_survey":0,"_uf_disable_surveys":false,"jetpack_post_was_ever_published":false,"_jetpack_newsletter_access":"","_jetpack_dont_email_post_to_subs":false,"_jetpack_newsletter_tier_id":0,"_jetpack_memberships_contains_paywalled_content":false,"_jetpack_memberships_contains_paid_content":false,"footnotes":"","jetpack_publicize_message":"","jetpack_publicize_feature_enabled":true,"jetpack_social_post_already_shared":false,"jetpack_social_options":{"image_generator_settings":{"template":"highway","default_image_id":0,"font":"","enabled":false},"version":2}},"categories":[4,18],"tags":[],"class_list":["post-41204","post","type-post","status-publish","format-standard","has-post-thumbnail","hentry","category-destacadas","category-politica"],"aioseo_notices":[],"views":10,"jetpack_publicize_connections":[],"jetpack_featured_media_url":"https:\/\/i0.wp.com\/elterritorialweb.com.ar\/web\/wp-content\/uploads\/2022\/06\/FVU15x8WIAIpiUP.jpeg?fit=733%2C613","jetpack_sharing_enabled":true,"_links":{"self":[{"href":"http:\/\/elterritorialweb.com.ar\/web\/wp-json\/wp\/v2\/posts\/41204","targetHints":{"allow":["GET"]}}],"collection":[{"href":"http:\/\/elterritorialweb.com.ar\/web\/wp-json\/wp\/v2\/posts"}],"about":[{"href":"http:\/\/elterritorialweb.com.ar\/web\/wp-json\/wp\/v2\/types\/post"}],"author":[{"embeddable":true,"href":"http:\/\/elterritorialweb.com.ar\/web\/wp-json\/wp\/v2\/users\/2"}],"replies":[{"embeddable":true,"href":"http:\/\/elterritorialweb.com.ar\/web\/wp-json\/wp\/v2\/comments?post=41204"}],"version-history":[{"count":1,"href":"http:\/\/elterritorialweb.com.ar\/web\/wp-json\/wp\/v2\/posts\/41204\/revisions"}],"predecessor-version":[{"id":41206,"href":"http:\/\/elterritorialweb.com.ar\/web\/wp-json\/wp\/v2\/posts\/41204\/revisions\/41206"}],"wp:featuredmedia":[{"embeddable":true,"href":"http:\/\/elterritorialweb.com.ar\/web\/wp-json\/wp\/v2\/media\/41205"}],"wp:attachment":[{"href":"http:\/\/elterritorialweb.com.ar\/web\/wp-json\/wp\/v2\/media?parent=41204"}],"wp:term":[{"taxonomy":"category","embeddable":true,"href":"http:\/\/elterritorialweb.com.ar\/web\/wp-json\/wp\/v2\/categories?post=41204"},{"taxonomy":"post_tag","embeddable":true,"href":"http:\/\/elterritorialweb.com.ar\/web\/wp-json\/wp\/v2\/tags?post=41204"}],"curies":[{"name":"wp","href":"https:\/\/api.w.org\/{rel}","templated":true}]}}