{"id":41207,"date":"2022-06-15T23:37:48","date_gmt":"2022-06-15T23:37:48","guid":{"rendered":"http:\/\/elterritorialweb.com.ar\/web\/?p=41207"},"modified":"2022-06-15T23:44:04","modified_gmt":"2022-06-15T23:44:04","slug":"central-cordoba-no-pudo-continuar-con-su-racha-y-perdio-con-banfield","status":"publish","type":"post","link":"http:\/\/elterritorialweb.com.ar\/web\/central-cordoba-no-pudo-continuar-con-su-racha-y-perdio-con-banfield\/","title":{"rendered":"CENTRAL C\u00d3RDOBA NO PUDO CONTINUAR CON SU RACHA Y PERDI\u00d3 CON BANFIELD"},"content":{"rendered":"\n<p><strong>Central C\u00f3rdoba<\/strong>&nbsp;cay\u00f3 por 2-1 esta tarde en su visita a&nbsp;<strong>Banfield&nbsp;<\/strong>en el marco de la tercera fecha de la&nbsp;<strong>Liga Profesional.<\/strong><\/p>\n\n\n\n<figure class=\"wp-block-image size-large\"><a href=\"https:\/\/i0.wp.com\/elterritorialweb.com.ar\/web\/wp-content\/uploads\/2022\/06\/IMG-20220615-WA0048.jpg\"><img data-recalc-dims=\"1\" decoding=\"async\" width=\"640\" height=\"477\" data-src=\"https:\/\/i0.wp.com\/elterritorialweb.com.ar\/web\/wp-content\/uploads\/2022\/06\/IMG-20220615-WA0048.jpg?resize=640%2C477\" alt=\"\" class=\"wp-image-41219 lazyload\" data-srcset=\"https:\/\/i0.wp.com\/elterritorialweb.com.ar\/web\/wp-content\/uploads\/2022\/06\/IMG-20220615-WA0048.jpg?resize=1024%2C763 1024w, https:\/\/i0.wp.com\/elterritorialweb.com.ar\/web\/wp-content\/uploads\/2022\/06\/IMG-20220615-WA0048.jpg?resize=300%2C224 300w, https:\/\/i0.wp.com\/elterritorialweb.com.ar\/web\/wp-content\/uploads\/2022\/06\/IMG-20220615-WA0048.jpg?resize=768%2C572 768w, https:\/\/i0.wp.com\/elterritorialweb.com.ar\/web\/wp-content\/uploads\/2022\/06\/IMG-20220615-WA0048.jpg?w=1280 1280w\" data-sizes=\"(max-width: 640px) 100vw, 640px\" src=\"data:image\/svg+xml;base64,PHN2ZyB3aWR0aD0iMSIgaGVpZ2h0PSIxIiB4bWxucz0iaHR0cDovL3d3dy53My5vcmcvMjAwMC9zdmciPjwvc3ZnPg==\" style=\"--smush-placeholder-width: 640px; --smush-placeholder-aspect-ratio: 640\/477;\" \/><\/a><\/figure>\n\n\n\n<p>El&nbsp;<strong>Ferro&nbsp;<\/strong>no pudo volver a sumar luego de su gran victoria ante&nbsp;<strong>Boca&nbsp;<\/strong>y sufri\u00f3 la primera derrota en el torneo con un penal convertido por&nbsp;<strong>Giuliano Galoppo&nbsp;<\/strong>luego de un agarr\u00f3n de&nbsp;<strong>Mat\u00edas Di Benedetto&nbsp;<\/strong>que fue sancionado a instancias del&nbsp;<strong>VAR<\/strong>.<\/p>\n\n\n\n<figure class=\"wp-block-image size-large\"><a href=\"https:\/\/i0.wp.com\/elterritorialweb.com.ar\/web\/wp-content\/uploads\/2022\/06\/IMG-20220615-WA0049.jpg\"><img data-recalc-dims=\"1\" decoding=\"async\" width=\"640\" height=\"454\" data-src=\"https:\/\/i0.wp.com\/elterritorialweb.com.ar\/web\/wp-content\/uploads\/2022\/06\/IMG-20220615-WA0049.jpg?resize=640%2C454\" alt=\"\" class=\"wp-image-41218 lazyload\" data-srcset=\"https:\/\/i0.wp.com\/elterritorialweb.com.ar\/web\/wp-content\/uploads\/2022\/06\/IMG-20220615-WA0049.jpg?resize=1024%2C727 1024w, https:\/\/i0.wp.com\/elterritorialweb.com.ar\/web\/wp-content\/uploads\/2022\/06\/IMG-20220615-WA0049.jpg?resize=300%2C213 300w, https:\/\/i0.wp.com\/elterritorialweb.com.ar\/web\/wp-content\/uploads\/2022\/06\/IMG-20220615-WA0049.jpg?resize=768%2C545 768w, https:\/\/i0.wp.com\/elterritorialweb.com.ar\/web\/wp-content\/uploads\/2022\/06\/IMG-20220615-WA0049.jpg?w=1280 1280w\" data-sizes=\"(max-width: 640px) 100vw, 640px\" src=\"data:image\/svg+xml;base64,PHN2ZyB3aWR0aD0iMSIgaGVpZ2h0PSIxIiB4bWxucz0iaHR0cDovL3d3dy53My5vcmcvMjAwMC9zdmciPjwvc3ZnPg==\" style=\"--smush-placeholder-width: 640px; --smush-placeholder-aspect-ratio: 640\/454;\" \/><\/a><\/figure>\n\n\n\n<p>Apenas los equipos se hab\u00edan acomodado en el campo,&nbsp;<strong>Banfield&nbsp;<\/strong>tuvo un tiro libre en el sector derecho de su ataque,&nbsp;<strong>Mat\u00edas Gonz\u00e1lez<\/strong>&nbsp;lanz\u00f3 un centro pasado al segundo palo, el volante&nbsp;<strong>Cabrera&nbsp;<\/strong>entr\u00f3 a toda velocidad y cabece\u00f3 al gol.<\/p>\n\n\n\n<figure class=\"wp-block-image size-large\"><a href=\"https:\/\/i0.wp.com\/elterritorialweb.com.ar\/web\/wp-content\/uploads\/2022\/06\/IMG-20220615-WA0043.jpg\"><img data-recalc-dims=\"1\" decoding=\"async\" width=\"640\" height=\"477\" data-src=\"https:\/\/i0.wp.com\/elterritorialweb.com.ar\/web\/wp-content\/uploads\/2022\/06\/IMG-20220615-WA0043.jpg?resize=640%2C477\" alt=\"\" class=\"wp-image-41216 lazyload\" data-srcset=\"https:\/\/i0.wp.com\/elterritorialweb.com.ar\/web\/wp-content\/uploads\/2022\/06\/IMG-20220615-WA0043.jpg?resize=1024%2C763 1024w, https:\/\/i0.wp.com\/elterritorialweb.com.ar\/web\/wp-content\/uploads\/2022\/06\/IMG-20220615-WA0043.jpg?resize=300%2C224 300w, https:\/\/i0.wp.com\/elterritorialweb.com.ar\/web\/wp-content\/uploads\/2022\/06\/IMG-20220615-WA0043.jpg?resize=768%2C572 768w, https:\/\/i0.wp.com\/elterritorialweb.com.ar\/web\/wp-content\/uploads\/2022\/06\/IMG-20220615-WA0043.jpg?w=1280 1280w\" data-sizes=\"(max-width: 640px) 100vw, 640px\" src=\"data:image\/svg+xml;base64,PHN2ZyB3aWR0aD0iMSIgaGVpZ2h0PSIxIiB4bWxucz0iaHR0cDovL3d3dy53My5vcmcvMjAwMC9zdmciPjwvc3ZnPg==\" style=\"--smush-placeholder-width: 640px; --smush-placeholder-aspect-ratio: 640\/477;\" \/><\/a><\/figure>\n\n\n\n<p>Minutos despu\u00e9s, el&nbsp;<strong>Taladro&nbsp;<\/strong>contragolpe\u00f3, pero&nbsp;<strong>Urzi&nbsp;<\/strong>volvi\u00f3 a mostrar falencias a la hora de definir porque encar\u00f3 solo a&nbsp;<strong>Christopher Toselli&nbsp;<\/strong>y el chileno con mucha solvencia tom\u00f3 la pelota jug\u00e1ndose todo el cuerpo.<\/p>\n\n\n\n<figure class=\"wp-block-image size-large\"><a href=\"https:\/\/i0.wp.com\/elterritorialweb.com.ar\/web\/wp-content\/uploads\/2022\/06\/IMG-20220615-WA0044.jpg\"><img data-recalc-dims=\"1\" decoding=\"async\" width=\"640\" height=\"427\" data-src=\"https:\/\/i0.wp.com\/elterritorialweb.com.ar\/web\/wp-content\/uploads\/2022\/06\/IMG-20220615-WA0044.jpg?resize=640%2C427\" alt=\"\" class=\"wp-image-41215 lazyload\" data-srcset=\"https:\/\/i0.wp.com\/elterritorialweb.com.ar\/web\/wp-content\/uploads\/2022\/06\/IMG-20220615-WA0044.jpg?resize=1024%2C683 1024w, https:\/\/i0.wp.com\/elterritorialweb.com.ar\/web\/wp-content\/uploads\/2022\/06\/IMG-20220615-WA0044.jpg?resize=300%2C200 300w, https:\/\/i0.wp.com\/elterritorialweb.com.ar\/web\/wp-content\/uploads\/2022\/06\/IMG-20220615-WA0044.jpg?resize=768%2C512 768w, https:\/\/i0.wp.com\/elterritorialweb.com.ar\/web\/wp-content\/uploads\/2022\/06\/IMG-20220615-WA0044.jpg?w=1124 1124w\" data-sizes=\"(max-width: 640px) 100vw, 640px\" src=\"data:image\/svg+xml;base64,PHN2ZyB3aWR0aD0iMSIgaGVpZ2h0PSIxIiB4bWxucz0iaHR0cDovL3d3dy53My5vcmcvMjAwMC9zdmciPjwvc3ZnPg==\" style=\"--smush-placeholder-width: 640px; --smush-placeholder-aspect-ratio: 640\/427;\" \/><\/a><\/figure>\n\n\n\n<p>El equipo de&nbsp;<strong>Vivas&nbsp;<\/strong>se apoder\u00f3 del juego y empez\u00f3 a inclinar la cancha, hasta que&nbsp;<strong>Galoppo&nbsp;<\/strong>culmin\u00f3 una buena jugada colectiva estrellando la pelota en el travesa\u00f1o de&nbsp;<strong>Toselli<\/strong>. Mientras, el&nbsp;<strong>Ferro&nbsp;<\/strong>tambi\u00e9n se mov\u00eda e iba en busca del arco de&nbsp;<strong>Bologna<\/strong>, dando un atractivo espect\u00e1culo.<\/p>\n\n\n\n<figure class=\"wp-block-image size-large\"><a href=\"https:\/\/i0.wp.com\/elterritorialweb.com.ar\/web\/wp-content\/uploads\/2022\/06\/IMG-20220615-WA0040.jpg\"><img data-recalc-dims=\"1\" decoding=\"async\" width=\"640\" height=\"561\" data-src=\"https:\/\/i0.wp.com\/elterritorialweb.com.ar\/web\/wp-content\/uploads\/2022\/06\/IMG-20220615-WA0040.jpg?resize=640%2C561\" alt=\"\" class=\"wp-image-41214 lazyload\" data-srcset=\"https:\/\/i0.wp.com\/elterritorialweb.com.ar\/web\/wp-content\/uploads\/2022\/06\/IMG-20220615-WA0040.jpg?resize=1024%2C897 1024w, https:\/\/i0.wp.com\/elterritorialweb.com.ar\/web\/wp-content\/uploads\/2022\/06\/IMG-20220615-WA0040.jpg?resize=300%2C263 300w, https:\/\/i0.wp.com\/elterritorialweb.com.ar\/web\/wp-content\/uploads\/2022\/06\/IMG-20220615-WA0040.jpg?resize=768%2C673 768w, https:\/\/i0.wp.com\/elterritorialweb.com.ar\/web\/wp-content\/uploads\/2022\/06\/IMG-20220615-WA0040.jpg?w=1080 1080w\" data-sizes=\"(max-width: 640px) 100vw, 640px\" src=\"data:image\/svg+xml;base64,PHN2ZyB3aWR0aD0iMSIgaGVpZ2h0PSIxIiB4bWxucz0iaHR0cDovL3d3dy53My5vcmcvMjAwMC9zdmciPjwvc3ZnPg==\" style=\"--smush-placeholder-width: 640px; --smush-placeholder-aspect-ratio: 640\/561;\" \/><\/a><\/figure>\n\n\n\n<p>Para el segundo tiempo,&nbsp;<strong>Rondina&nbsp;<\/strong>movi\u00f3 el banco en busca de mayor tenencia y profundidad, buscando aprovechar la juventud e inexperiencia de la l\u00ednea de fondo de&nbsp;<strong>Banfield&nbsp;<\/strong>y as\u00ed logr\u00f3 generar riesgo cuando&nbsp;<strong>R\u00edos&nbsp;<\/strong>desbord\u00f3 y meti\u00f3 un centro que&nbsp;<strong>Banegas&nbsp;<\/strong>empuj\u00f3 a la red, la pelota recorri\u00f3 la l\u00ednea y se fue afuera.<\/p>\n\n\n\n<figure class=\"wp-block-image size-large\"><a href=\"https:\/\/i0.wp.com\/elterritorialweb.com.ar\/web\/wp-content\/uploads\/2022\/06\/IMG-20220615-WA0039.jpg\"><img data-recalc-dims=\"1\" decoding=\"async\" width=\"640\" height=\"560\" data-src=\"https:\/\/i0.wp.com\/elterritorialweb.com.ar\/web\/wp-content\/uploads\/2022\/06\/IMG-20220615-WA0039.jpg?resize=640%2C560\" alt=\"\" class=\"wp-image-41212 lazyload\" data-srcset=\"https:\/\/i0.wp.com\/elterritorialweb.com.ar\/web\/wp-content\/uploads\/2022\/06\/IMG-20220615-WA0039.jpg?resize=1024%2C896 1024w, https:\/\/i0.wp.com\/elterritorialweb.com.ar\/web\/wp-content\/uploads\/2022\/06\/IMG-20220615-WA0039.jpg?resize=300%2C263 300w, https:\/\/i0.wp.com\/elterritorialweb.com.ar\/web\/wp-content\/uploads\/2022\/06\/IMG-20220615-WA0039.jpg?resize=768%2C672 768w, https:\/\/i0.wp.com\/elterritorialweb.com.ar\/web\/wp-content\/uploads\/2022\/06\/IMG-20220615-WA0039.jpg?w=1080 1080w\" data-sizes=\"(max-width: 640px) 100vw, 640px\" src=\"data:image\/svg+xml;base64,PHN2ZyB3aWR0aD0iMSIgaGVpZ2h0PSIxIiB4bWxucz0iaHR0cDovL3d3dy53My5vcmcvMjAwMC9zdmciPjwvc3ZnPg==\" style=\"--smush-placeholder-width: 640px; --smush-placeholder-aspect-ratio: 640\/560;\" \/><\/a><\/figure>\n\n\n\n<p>Un minuto despu\u00e9s&nbsp;<strong>Bologna&nbsp;<\/strong>sali\u00f3 muy mal a despejar,&nbsp;<strong>Metilli<\/strong>&nbsp;le gano la pelota y defini\u00f3 pero&nbsp;<strong>Maciel&nbsp;<\/strong>la sac\u00f3 de cabeza en la l\u00ednea y evito el empate santiague\u00f1o.<\/p>\n\n\n\n<figure class=\"wp-block-image size-large\"><a href=\"https:\/\/i0.wp.com\/elterritorialweb.com.ar\/web\/wp-content\/uploads\/2022\/06\/IMG-20220615-WA0036.jpg\"><img data-recalc-dims=\"1\" decoding=\"async\" width=\"640\" height=\"560\" data-src=\"https:\/\/i0.wp.com\/elterritorialweb.com.ar\/web\/wp-content\/uploads\/2022\/06\/IMG-20220615-WA0036.jpg?resize=640%2C560\" alt=\"\" class=\"wp-image-41210 lazyload\" data-srcset=\"https:\/\/i0.wp.com\/elterritorialweb.com.ar\/web\/wp-content\/uploads\/2022\/06\/IMG-20220615-WA0036.jpg?resize=1024%2C896 1024w, https:\/\/i0.wp.com\/elterritorialweb.com.ar\/web\/wp-content\/uploads\/2022\/06\/IMG-20220615-WA0036.jpg?resize=300%2C263 300w, https:\/\/i0.wp.com\/elterritorialweb.com.ar\/web\/wp-content\/uploads\/2022\/06\/IMG-20220615-WA0036.jpg?resize=768%2C672 768w, https:\/\/i0.wp.com\/elterritorialweb.com.ar\/web\/wp-content\/uploads\/2022\/06\/IMG-20220615-WA0036.jpg?w=1080 1080w\" data-sizes=\"(max-width: 640px) 100vw, 640px\" src=\"data:image\/svg+xml;base64,PHN2ZyB3aWR0aD0iMSIgaGVpZ2h0PSIxIiB4bWxucz0iaHR0cDovL3d3dy53My5vcmcvMjAwMC9zdmciPjwvc3ZnPg==\" style=\"--smush-placeholder-width: 640px; --smush-placeholder-aspect-ratio: 640\/560;\" \/><\/a><\/figure>\n\n\n\n<p>Y enseguida&nbsp;<strong>Central C\u00f3rdoba<\/strong>&nbsp;lleg\u00f3 a la igualdad en una gran jugada colectiva.&nbsp;<strong>G\u00f3mez&nbsp;<\/strong>gambete\u00f3 rivales en el \u00e1rea,&nbsp;<strong>Ria\u00f1o<\/strong>&nbsp;remat\u00f3,&nbsp;<strong>Bologna&nbsp;<\/strong>evit\u00f3 la conversi\u00f3n pero dio un rebote que recogi\u00f3&nbsp;<strong>Metilli&nbsp;<\/strong>y convirti\u00f3 con mucho suspenso.<\/p>\n\n\n\n<figure class=\"wp-block-image size-large\"><a href=\"https:\/\/i0.wp.com\/elterritorialweb.com.ar\/web\/wp-content\/uploads\/2022\/06\/IMG-20220615-WA0037.jpg\"><img data-recalc-dims=\"1\" decoding=\"async\" width=\"640\" height=\"460\" data-src=\"https:\/\/i0.wp.com\/elterritorialweb.com.ar\/web\/wp-content\/uploads\/2022\/06\/IMG-20220615-WA0037.jpg?resize=640%2C460\" alt=\"\" class=\"wp-image-41209 lazyload\" data-srcset=\"https:\/\/i0.wp.com\/elterritorialweb.com.ar\/web\/wp-content\/uploads\/2022\/06\/IMG-20220615-WA0037.jpg?resize=1024%2C736 1024w, https:\/\/i0.wp.com\/elterritorialweb.com.ar\/web\/wp-content\/uploads\/2022\/06\/IMG-20220615-WA0037.jpg?resize=300%2C216 300w, https:\/\/i0.wp.com\/elterritorialweb.com.ar\/web\/wp-content\/uploads\/2022\/06\/IMG-20220615-WA0037.jpg?resize=768%2C552 768w, https:\/\/i0.wp.com\/elterritorialweb.com.ar\/web\/wp-content\/uploads\/2022\/06\/IMG-20220615-WA0037.jpg?w=1280 1280w\" data-sizes=\"(max-width: 640px) 100vw, 640px\" src=\"data:image\/svg+xml;base64,PHN2ZyB3aWR0aD0iMSIgaGVpZ2h0PSIxIiB4bWxucz0iaHR0cDovL3d3dy53My5vcmcvMjAwMC9zdmciPjwvc3ZnPg==\" style=\"--smush-placeholder-width: 640px; --smush-placeholder-aspect-ratio: 640\/460;\" \/><\/a><\/figure>\n\n\n\n<p>Los rezongos de&nbsp;<strong>Rondina&nbsp;<\/strong>en el vestuario dieron sus resultados al igual que los cambios y las modificaciones en el planteo y la actitud.<\/p>\n\n\n\n<figure class=\"wp-block-image size-large\"><a href=\"https:\/\/i0.wp.com\/elterritorialweb.com.ar\/web\/wp-content\/uploads\/2022\/06\/IMG-20220615-WA0038.jpg\"><img data-recalc-dims=\"1\" decoding=\"async\" width=\"640\" height=\"427\" data-src=\"https:\/\/i0.wp.com\/elterritorialweb.com.ar\/web\/wp-content\/uploads\/2022\/06\/IMG-20220615-WA0038.jpg?resize=640%2C427\" alt=\"\" class=\"wp-image-41208 lazyload\" data-srcset=\"https:\/\/i0.wp.com\/elterritorialweb.com.ar\/web\/wp-content\/uploads\/2022\/06\/IMG-20220615-WA0038.jpg?resize=1024%2C683 1024w, https:\/\/i0.wp.com\/elterritorialweb.com.ar\/web\/wp-content\/uploads\/2022\/06\/IMG-20220615-WA0038.jpg?resize=300%2C200 300w, https:\/\/i0.wp.com\/elterritorialweb.com.ar\/web\/wp-content\/uploads\/2022\/06\/IMG-20220615-WA0038.jpg?resize=768%2C512 768w, https:\/\/i0.wp.com\/elterritorialweb.com.ar\/web\/wp-content\/uploads\/2022\/06\/IMG-20220615-WA0038.jpg?resize=1536%2C1024 1536w, https:\/\/i0.wp.com\/elterritorialweb.com.ar\/web\/wp-content\/uploads\/2022\/06\/IMG-20220615-WA0038.jpg?w=1600 1600w, https:\/\/i0.wp.com\/elterritorialweb.com.ar\/web\/wp-content\/uploads\/2022\/06\/IMG-20220615-WA0038.jpg?w=1280 1280w\" data-sizes=\"(max-width: 640px) 100vw, 640px\" src=\"data:image\/svg+xml;base64,PHN2ZyB3aWR0aD0iMSIgaGVpZ2h0PSIxIiB4bWxucz0iaHR0cDovL3d3dy53My5vcmcvMjAwMC9zdmciPjwvc3ZnPg==\" style=\"--smush-placeholder-width: 640px; --smush-placeholder-aspect-ratio: 640\/427;\" \/><\/a><\/figure>\n\n\n\n<p>El partido fue atractivo pero todo se quebr\u00f3 en el minuto 32 cuando pas\u00f3 desapercibido un agarr\u00f3n a&nbsp;<strong>Cabrera&nbsp;<\/strong>en el \u00e1rea y en la jugada siguiente&nbsp;<strong>Urzi&nbsp;<\/strong>malogr\u00f3 un gol ante&nbsp;<strong>Toselli<\/strong>.<\/p>\n\n\n\n<figure class=\"wp-block-image size-large\"><a href=\"https:\/\/i0.wp.com\/elterritorialweb.com.ar\/web\/wp-content\/uploads\/2022\/06\/IMG-20220615-WA0046.jpg\"><img data-recalc-dims=\"1\" decoding=\"async\" width=\"640\" height=\"427\" data-src=\"https:\/\/i0.wp.com\/elterritorialweb.com.ar\/web\/wp-content\/uploads\/2022\/06\/IMG-20220615-WA0046.jpg?resize=640%2C427\" alt=\"\" class=\"wp-image-41220 lazyload\" data-srcset=\"https:\/\/i0.wp.com\/elterritorialweb.com.ar\/web\/wp-content\/uploads\/2022\/06\/IMG-20220615-WA0046.jpg?resize=1024%2C683 1024w, https:\/\/i0.wp.com\/elterritorialweb.com.ar\/web\/wp-content\/uploads\/2022\/06\/IMG-20220615-WA0046.jpg?resize=300%2C200 300w, https:\/\/i0.wp.com\/elterritorialweb.com.ar\/web\/wp-content\/uploads\/2022\/06\/IMG-20220615-WA0046.jpg?resize=768%2C512 768w, https:\/\/i0.wp.com\/elterritorialweb.com.ar\/web\/wp-content\/uploads\/2022\/06\/IMG-20220615-WA0046.jpg?resize=1536%2C1024 1536w, https:\/\/i0.wp.com\/elterritorialweb.com.ar\/web\/wp-content\/uploads\/2022\/06\/IMG-20220615-WA0046.jpg?w=1600 1600w, https:\/\/i0.wp.com\/elterritorialweb.com.ar\/web\/wp-content\/uploads\/2022\/06\/IMG-20220615-WA0046.jpg?w=1280 1280w\" data-sizes=\"(max-width: 640px) 100vw, 640px\" src=\"data:image\/svg+xml;base64,PHN2ZyB3aWR0aD0iMSIgaGVpZ2h0PSIxIiB4bWxucz0iaHR0cDovL3d3dy53My5vcmcvMjAwMC9zdmciPjwvc3ZnPg==\" style=\"--smush-placeholder-width: 640px; --smush-placeholder-aspect-ratio: 640\/427;\" \/><\/a><\/figure>\n\n\n\n<p>El&nbsp;<strong>VAR<\/strong>, a cargo de&nbsp;<strong>Hern\u00e1n Mastr\u00e1ngelo<\/strong>&nbsp;en el predio de AFA en Ezeiza, llam\u00f3 al \u00e1rbitro, chequearon la jugada y se pudo ver claramente como&nbsp;<strong>Di Benedetto agarr\u00f3 en un centro a Cabrera. Del penal se hizo cargo Galoppo y marc\u00f3 el segundo del local.<\/strong><\/p>\n","protected":false},"excerpt":{"rendered":"<p>El ferroviario no pudo en su visita al Taladro que le gan\u00f3 por 2-1 por la 3\u00b0 fecha de la Liga Profesional.<\/p>\n","protected":false},"author":2,"featured_media":41221,"comment_status":"open","ping_status":"open","sticky":false,"template":"","format":"standard","meta":{"om_disable_all_campaigns":false,"_monsterinsights_skip_tracking":false,"_monsterinsights_sitenote_active":false,"_monsterinsights_sitenote_note":"","_monsterinsights_sitenote_category":0,"_uf_show_specific_survey":0,"_uf_disable_surveys":false,"jetpack_post_was_ever_published":false,"_jetpack_newsletter_access":"","_jetpack_dont_email_post_to_subs":false,"_jetpack_newsletter_tier_id":0,"_jetpack_memberships_contains_paywalled_content":false,"_jetpack_memberships_contains_paid_content":false,"footnotes":"","jetpack_publicize_message":"","jetpack_publicize_feature_enabled":true,"jetpack_social_post_already_shared":false,"jetpack_social_options":{"image_generator_settings":{"template":"highway","default_image_id":0,"font":"","enabled":false},"version":2}},"categories":[6,4],"tags":[],"class_list":["post-41207","post","type-post","status-publish","format-standard","has-post-thumbnail","hentry","category-deportes","category-destacadas"],"aioseo_notices":[],"views":7,"jetpack_publicize_connections":[],"jetpack_featured_media_url":"https:\/\/i0.wp.com\/elterritorialweb.com.ar\/web\/wp-content\/uploads\/2022\/06\/FVUe-zlXEAA5B-i.jpeg?fit=2048%2C1367","jetpack_sharing_enabled":true,"_links":{"self":[{"href":"http:\/\/elterritorialweb.com.ar\/web\/wp-json\/wp\/v2\/posts\/41207","targetHints":{"allow":["GET"]}}],"collection":[{"href":"http:\/\/elterritorialweb.com.ar\/web\/wp-json\/wp\/v2\/posts"}],"about":[{"href":"http:\/\/elterritorialweb.com.ar\/web\/wp-json\/wp\/v2\/types\/post"}],"author":[{"embeddable":true,"href":"http:\/\/elterritorialweb.com.ar\/web\/wp-json\/wp\/v2\/users\/2"}],"replies":[{"embeddable":true,"href":"http:\/\/elterritorialweb.com.ar\/web\/wp-json\/wp\/v2\/comments?post=41207"}],"version-history":[{"count":1,"href":"http:\/\/elterritorialweb.com.ar\/web\/wp-json\/wp\/v2\/posts\/41207\/revisions"}],"predecessor-version":[{"id":41223,"href":"http:\/\/elterritorialweb.com.ar\/web\/wp-json\/wp\/v2\/posts\/41207\/revisions\/41223"}],"wp:featuredmedia":[{"embeddable":true,"href":"http:\/\/elterritorialweb.com.ar\/web\/wp-json\/wp\/v2\/media\/41221"}],"wp:attachment":[{"href":"http:\/\/elterritorialweb.com.ar\/web\/wp-json\/wp\/v2\/media?parent=41207"}],"wp:term":[{"taxonomy":"category","embeddable":true,"href":"http:\/\/elterritorialweb.com.ar\/web\/wp-json\/wp\/v2\/categories?post=41207"},{"taxonomy":"post_tag","embeddable":true,"href":"http:\/\/elterritorialweb.com.ar\/web\/wp-json\/wp\/v2\/tags?post=41207"}],"curies":[{"name":"wp","href":"https:\/\/api.w.org\/{rel}","templated":true}]}}