{"id":41245,"date":"2022-06-16T19:56:05","date_gmt":"2022-06-16T19:56:05","guid":{"rendered":"http:\/\/elterritorialweb.com.ar\/web\/?p=41245"},"modified":"2022-06-16T20:07:43","modified_gmt":"2022-06-16T20:07:43","slug":"franco-scorzato-quedo-como-unico-libre-del-abierto-de-termas","status":"publish","type":"post","link":"http:\/\/elterritorialweb.com.ar\/web\/franco-scorzato-quedo-como-unico-libre-del-abierto-de-termas\/","title":{"rendered":"FRANCO SCORZATO QUED\u00d3 COMO \u00daNICO L\u00cdDER DEL ABIERTO DE TERMAS"},"content":{"rendered":"\n<p><strong>Franco Scorzato<\/strong>, una de j\u00f3venes promesas del golf argentino es el \u00fanico l\u00edder del X Abierto de Termas de R\u00edo Hondo, luego de anotar 67 golpes (-6) y por primera vez en su corta carrera como profesional qued\u00f3 en lo m\u00e1s alto del tablero en un torneo del Tour de Profesionales de Golf Argentino.<\/p>\n\n\n\n<p>\u00abHaber jugado hace unos meses el torneo del&nbsp;<strong>PGA TOUR<\/strong>&nbsp;Latinoam\u00e9rica me ayud\u00f3 mucho a conocer bien los greens. Es un campo que desde el tee es abierto y uno puede ser agresivo, pero luego hay que saber d\u00f3nde atacar y por suerte me sali\u00f3 bien\u00bb, dijo Scorzato, quien hasta el momento ten\u00eda un 17mo lugar en Mendoza como mejor actuaci\u00f3n de esta temporada.<\/p>\n\n\n\n<figure class=\"wp-block-image size-large\"><a href=\"https:\/\/i0.wp.com\/elterritorialweb.com.ar\/web\/wp-content\/uploads\/2022\/06\/GOLF-1.jpg\"><img data-recalc-dims=\"1\" decoding=\"async\" width=\"640\" height=\"426\" data-src=\"https:\/\/i0.wp.com\/elterritorialweb.com.ar\/web\/wp-content\/uploads\/2022\/06\/GOLF-1.jpg?resize=640%2C426\" alt=\"\" class=\"wp-image-41249 lazyload\" data-srcset=\"https:\/\/i0.wp.com\/elterritorialweb.com.ar\/web\/wp-content\/uploads\/2022\/06\/GOLF-1.jpg?resize=1024%2C682 1024w, https:\/\/i0.wp.com\/elterritorialweb.com.ar\/web\/wp-content\/uploads\/2022\/06\/GOLF-1.jpg?resize=300%2C200 300w, https:\/\/i0.wp.com\/elterritorialweb.com.ar\/web\/wp-content\/uploads\/2022\/06\/GOLF-1.jpg?resize=768%2C512 768w, https:\/\/i0.wp.com\/elterritorialweb.com.ar\/web\/wp-content\/uploads\/2022\/06\/GOLF-1.jpg?w=1066 1066w\" data-sizes=\"(max-width: 640px) 100vw, 640px\" src=\"data:image\/svg+xml;base64,PHN2ZyB3aWR0aD0iMSIgaGVpZ2h0PSIxIiB4bWxucz0iaHR0cDovL3d3dy53My5vcmcvMjAwMC9zdmciPjwvc3ZnPg==\" style=\"--smush-placeholder-width: 640px; --smush-placeholder-aspect-ratio: 640\/426;\" \/><\/a><\/figure>\n\n\n\n<p>\u00abLa verdad que es incre\u00edble estar puntero, uno trabaja para que salgan bien las cosas, pero no me esperaba estar de l\u00edder ya que hay grandes jugadores esta semana\u00bb, se\u00f1al\u00f3 el l\u00edder.<\/p>\n\n\n\n<p>El segundo lugar lo comparten Marcos Medici y Sebasti\u00e1n Bergagna, con 68 (-5). Medici, de 33 a\u00f1os, fue quien abri\u00f3 el juego por la ma\u00f1ana. \u00abEmpezamos a tirar pelotas de noche y hac\u00eda fr\u00edo, fue una ronda especial, pero contento de c\u00f3mo termin\u00f3. Pude salvarme cada vez que fall\u00e9 un green y eso ac\u00e1 es clave\u00bb, dijo el jugador de Concordia, Entre R\u00edos.<\/p>\n\n\n\n<figure class=\"wp-block-image size-large\"><a href=\"https:\/\/i0.wp.com\/elterritorialweb.com.ar\/web\/wp-content\/uploads\/2022\/06\/GOLF-2.jpg\"><img data-recalc-dims=\"1\" decoding=\"async\" width=\"640\" height=\"426\" data-src=\"https:\/\/i0.wp.com\/elterritorialweb.com.ar\/web\/wp-content\/uploads\/2022\/06\/GOLF-2.jpg?resize=640%2C426\" alt=\"\" class=\"wp-image-41250 lazyload\" data-srcset=\"https:\/\/i0.wp.com\/elterritorialweb.com.ar\/web\/wp-content\/uploads\/2022\/06\/GOLF-2.jpg?resize=1024%2C682 1024w, https:\/\/i0.wp.com\/elterritorialweb.com.ar\/web\/wp-content\/uploads\/2022\/06\/GOLF-2.jpg?resize=300%2C200 300w, https:\/\/i0.wp.com\/elterritorialweb.com.ar\/web\/wp-content\/uploads\/2022\/06\/GOLF-2.jpg?resize=768%2C512 768w, https:\/\/i0.wp.com\/elterritorialweb.com.ar\/web\/wp-content\/uploads\/2022\/06\/GOLF-2.jpg?w=1066 1066w\" data-sizes=\"(max-width: 640px) 100vw, 640px\" src=\"data:image\/svg+xml;base64,PHN2ZyB3aWR0aD0iMSIgaGVpZ2h0PSIxIiB4bWxucz0iaHR0cDovL3d3dy53My5vcmcvMjAwMC9zdmciPjwvc3ZnPg==\" style=\"--smush-placeholder-width: 640px; --smush-placeholder-aspect-ratio: 640\/426;\" \/><\/a><\/figure>\n\n\n\n<p>Por su parte, Bergagna tom\u00f3 impulso con un \u00e1guila en el par-4 del hoyo 5 para ponerse en posici\u00f3n de pelear la punta. El cordob\u00e9s, que sali\u00f3 por el hoyo 10, hab\u00eda acertado en el 11,15 y 18.<\/p>\n\n\n\n<p>Por la tarde el mejor jugador fue el cordob\u00e9s Vicente Sequeira, quien finaliz\u00f3 con la \u00faltima luz y anot\u00f3 un 69 (-4) para ubicarse solo en el cuarto lugar.<\/p>\n\n\n\n<figure class=\"wp-block-image size-large\"><a href=\"https:\/\/i0.wp.com\/elterritorialweb.com.ar\/web\/wp-content\/uploads\/2022\/06\/GOLF-3.jpg\"><img data-recalc-dims=\"1\" decoding=\"async\" width=\"640\" height=\"426\" data-src=\"https:\/\/i0.wp.com\/elterritorialweb.com.ar\/web\/wp-content\/uploads\/2022\/06\/GOLF-3.jpg?resize=640%2C426\" alt=\"\" class=\"wp-image-41251 lazyload\" data-srcset=\"https:\/\/i0.wp.com\/elterritorialweb.com.ar\/web\/wp-content\/uploads\/2022\/06\/GOLF-3.jpg?resize=1024%2C682 1024w, https:\/\/i0.wp.com\/elterritorialweb.com.ar\/web\/wp-content\/uploads\/2022\/06\/GOLF-3.jpg?resize=300%2C200 300w, https:\/\/i0.wp.com\/elterritorialweb.com.ar\/web\/wp-content\/uploads\/2022\/06\/GOLF-3.jpg?resize=768%2C512 768w, https:\/\/i0.wp.com\/elterritorialweb.com.ar\/web\/wp-content\/uploads\/2022\/06\/GOLF-3.jpg?w=1066 1066w\" data-sizes=\"(max-width: 640px) 100vw, 640px\" src=\"data:image\/svg+xml;base64,PHN2ZyB3aWR0aD0iMSIgaGVpZ2h0PSIxIiB4bWxucz0iaHR0cDovL3d3dy53My5vcmcvMjAwMC9zdmciPjwvc3ZnPg==\" style=\"--smush-placeholder-width: 640px; --smush-placeholder-aspect-ratio: 640\/426;\" \/><\/a><\/figure>\n\n\n\n<p>Hay cinco jugadores empatando el quinto lugar, con 70 golpes (-3): el defensor del t\u00edtulo Miri Carranza, el l\u00edder del Ranking del TPGA F\u00e9lix C\u00f3rdoba, Jorge Monroy, Mat\u00edas Simaski y Mariano Ben\u00edtez.<\/p>\n\n\n\n<p><strong>Acci\u00f3n<\/strong><\/p>\n\n\n\n<p>La acci\u00f3n proseguir\u00e1 hoy con la segunda jornada del X Abierto de Termas de R\u00edo Hondo, en donde los protagonistas volver\u00e1n a jugar hoy los segundos 18 hoyos para ir ordenando el panorama. Ser\u00e1n parte de esta acci\u00f3n los mejores 35 jugadores clasificados despu\u00e9s de 36 hoyos definir\u00e1n la d\u00e9cima edici\u00f3n del Abierto de Termas de R\u00edo Hondo.<\/p>\n\n\n\n<p>El certamen cuenta con la presencia de las figuras m\u00e1s importantes de golf del continente, lo que habla a las claras de la paridad que hay en la cancha, y en lo disputado que est\u00e1 en cada hoyo. Se espera otra buena jornada.<\/p>\n","protected":false},"excerpt":{"rendered":"<p>El jugador de 21 a\u00f1os y surgido en Las Praderas de Luj\u00e1n complet\u00f3 la primera ronda con siete birdies y un solo bogey en el hoyo 6. Hoy se jugar\u00e1n los segundos 18 hoyos del torneo previsto a 72.<\/p>\n","protected":false},"author":2,"featured_media":41246,"comment_status":"open","ping_status":"open","sticky":false,"template":"","format":"standard","meta":{"om_disable_all_campaigns":false,"_monsterinsights_skip_tracking":false,"_monsterinsights_sitenote_active":false,"_monsterinsights_sitenote_note":"","_monsterinsights_sitenote_category":0,"_uf_show_specific_survey":0,"_uf_disable_surveys":false,"jetpack_post_was_ever_published":false,"_jetpack_newsletter_access":"","_jetpack_dont_email_post_to_subs":false,"_jetpack_newsletter_tier_id":0,"_jetpack_memberships_contains_paywalled_content":false,"_jetpack_memberships_contains_paid_content":false,"footnotes":"","jetpack_publicize_message":"","jetpack_publicize_feature_enabled":true,"jetpack_social_post_already_shared":false,"jetpack_social_options":{"image_generator_settings":{"template":"highway","default_image_id":0,"font":"","enabled":false},"version":2}},"categories":[6],"tags":[],"class_list":["post-41245","post","type-post","status-publish","format-standard","has-post-thumbnail","hentry","category-deportes"],"aioseo_notices":[],"views":9,"jetpack_publicize_connections":[],"jetpack_featured_media_url":"https:\/\/i0.wp.com\/elterritorialweb.com.ar\/web\/wp-content\/uploads\/2022\/06\/GOLF.jpg?fit=937%2C553","jetpack_sharing_enabled":true,"_links":{"self":[{"href":"http:\/\/elterritorialweb.com.ar\/web\/wp-json\/wp\/v2\/posts\/41245","targetHints":{"allow":["GET"]}}],"collection":[{"href":"http:\/\/elterritorialweb.com.ar\/web\/wp-json\/wp\/v2\/posts"}],"about":[{"href":"http:\/\/elterritorialweb.com.ar\/web\/wp-json\/wp\/v2\/types\/post"}],"author":[{"embeddable":true,"href":"http:\/\/elterritorialweb.com.ar\/web\/wp-json\/wp\/v2\/users\/2"}],"replies":[{"embeddable":true,"href":"http:\/\/elterritorialweb.com.ar\/web\/wp-json\/wp\/v2\/comments?post=41245"}],"version-history":[{"count":3,"href":"http:\/\/elterritorialweb.com.ar\/web\/wp-json\/wp\/v2\/posts\/41245\/revisions"}],"predecessor-version":[{"id":41253,"href":"http:\/\/elterritorialweb.com.ar\/web\/wp-json\/wp\/v2\/posts\/41245\/revisions\/41253"}],"wp:featuredmedia":[{"embeddable":true,"href":"http:\/\/elterritorialweb.com.ar\/web\/wp-json\/wp\/v2\/media\/41246"}],"wp:attachment":[{"href":"http:\/\/elterritorialweb.com.ar\/web\/wp-json\/wp\/v2\/media?parent=41245"}],"wp:term":[{"taxonomy":"category","embeddable":true,"href":"http:\/\/elterritorialweb.com.ar\/web\/wp-json\/wp\/v2\/categories?post=41245"},{"taxonomy":"post_tag","embeddable":true,"href":"http:\/\/elterritorialweb.com.ar\/web\/wp-json\/wp\/v2\/tags?post=41245"}],"curies":[{"name":"wp","href":"https:\/\/api.w.org\/{rel}","templated":true}]}}