{"id":41264,"date":"2022-06-17T20:13:57","date_gmt":"2022-06-17T20:13:57","guid":{"rendered":"http:\/\/elterritorialweb.com.ar\/web\/?p=41264"},"modified":"2022-06-17T20:13:57","modified_gmt":"2022-06-17T20:13:57","slug":"sosa-faevyt-y-fehgra-se-reunieron-con-empresarios-santiaguenos","status":"publish","type":"post","link":"http:\/\/elterritorialweb.com.ar\/web\/sosa-faevyt-y-fehgra-se-reunieron-con-empresarios-santiaguenos\/","title":{"rendered":"SOSA, FAEVYT Y FEHGRA SE REUNIERON CON EMPRESARIOS SANTIAGUE\u00d1OS"},"content":{"rendered":"\n<p>Del encuentro participaron el Presidente de la C\u00e1mara de Turismo de Santiago del Estero, Miguel Figueroa; el Presidente de la C\u00e1mara Hotelera Gastron\u00f3mica de Santiago del Estero, Julio Jorge; el presidente de la Asociaci\u00f3n de Agencias de Viajes de Santiago del Estero, Aberlardo Valdez; la representante de la C\u00e1mara Hotelera Gastron\u00f3mica de Termas de R\u00edo Hondo, Teresa Kladko, propietarios de agencias de viajes y hoteles de Santiago del Estero y Termas de R\u00edo Hondo y el propietario de la bodega Finca Mar\u00eda del Pilar, Cristian Luna.<\/p>\n\n\n\n<p>En la reuni\u00f3n, se analizaron inquietudes relacionadas a la mejora de la conectividad aero comercial de Termas de R\u00edo Hondo para la temporada alta de invierno en 2023. Las agencias explicaron sus intenciones de identificar provincias emisoras con potencialidad para lograr estos vuelos, sobre todo desde Mendoza. Sosa relat\u00f3 las metodolog\u00edas de trabajo con las aerol\u00edneas para conseguir estos vuelos.<\/p>\n\n\n\n<p>Por otro lado, las agencias de viajes intercambiaron experiencias referidas a la comercializaci\u00f3n de los paquetes de excursiones y la inquietud relacionada a la regulaci\u00f3n y control de la venta informal, la responsabilidad de los municipios en estos temas, la legislaci\u00f3n vigente y un plan de acci\u00f3n para llevar delante la concreci\u00f3n del control para la comercializaci\u00f3n en la formalidad.<\/p>\n\n\n\n<p>En ese \u00e1mbito, tanto Hani como Desbots, comentaron los diferentes casos que existen en la rep\u00fablica Argentina como modelo a reproducir en ciudades santiague\u00f1as.<\/p>\n\n\n\n<p>Desde la Asociaci\u00f3n de Agencias de Viajes de Santiago del Estero, se present\u00f3 la posibilidad de generar una plataforma de ordenamiento de reservas para los diferentes atractivos y productos tur\u00edsticos que posee la provincia.<\/p>\n\n\n\n<figure class=\"wp-block-image size-large\"><a href=\"https:\/\/i0.wp.com\/elterritorialweb.com.ar\/web\/wp-content\/uploads\/2022\/06\/WhatsApp-Image-2022-06-16-at-7.28.26-PM.jpeg\"><img data-recalc-dims=\"1\" decoding=\"async\" width=\"640\" height=\"305\" data-src=\"https:\/\/i0.wp.com\/elterritorialweb.com.ar\/web\/wp-content\/uploads\/2022\/06\/WhatsApp-Image-2022-06-16-at-7.28.26-PM.jpeg?resize=640%2C305\" alt=\"\" class=\"wp-image-41266 lazyload\" data-srcset=\"https:\/\/i0.wp.com\/elterritorialweb.com.ar\/web\/wp-content\/uploads\/2022\/06\/WhatsApp-Image-2022-06-16-at-7.28.26-PM.jpeg?resize=1024%2C488 1024w, https:\/\/i0.wp.com\/elterritorialweb.com.ar\/web\/wp-content\/uploads\/2022\/06\/WhatsApp-Image-2022-06-16-at-7.28.26-PM.jpeg?resize=300%2C143 300w, https:\/\/i0.wp.com\/elterritorialweb.com.ar\/web\/wp-content\/uploads\/2022\/06\/WhatsApp-Image-2022-06-16-at-7.28.26-PM.jpeg?resize=768%2C366 768w, https:\/\/i0.wp.com\/elterritorialweb.com.ar\/web\/wp-content\/uploads\/2022\/06\/WhatsApp-Image-2022-06-16-at-7.28.26-PM.jpeg?w=1280 1280w\" data-sizes=\"(max-width: 640px) 100vw, 640px\" src=\"data:image\/svg+xml;base64,PHN2ZyB3aWR0aD0iMSIgaGVpZ2h0PSIxIiB4bWxucz0iaHR0cDovL3d3dy53My5vcmcvMjAwMC9zdmciPjwvc3ZnPg==\" style=\"--smush-placeholder-width: 640px; --smush-placeholder-aspect-ratio: 640\/305;\" \/><\/a><\/figure>\n\n\n\n<p>Durante la reuni\u00f3n, Hani, que adem\u00e1s es Presidente de la C\u00e1mara Argentina de Turismo, resalt\u00f3 el trabajo que viene llevando adelante el Gobernador, Gerardo Zamora, para la consolidaci\u00f3n del turismo en la provincia. \u201cNo es una labor reciente, es una decisi\u00f3n y un trabajo que lleva 15 a\u00f1os y los niveles de ingresos de turistas son consecuentes con la gran cantidad de obras relacionadas al turismo que se realizaron, el posicionamiento de la provincia tan destacado en los \u00faltimos a\u00f1os\u201d, a\u00f1adi\u00f3.<\/p>\n\n\n\n<p>Por su parte, Desbots, coincidi\u00f3 en que \u201cSantiago del Estero tiene un gran potencial, el Gobierno ha conseguido posicionar a la Provincia, y entendemos que estas reuniones con el sector privado sirven para colaborar en ese desarrollo\u201d.<\/p>\n\n\n\n<p>Mientras que Sosa manifest\u00f3 el total compromiso del Gobierno Nacional para acompa\u00f1ar a la provincia y al sector privado, \u201cdesde el Inprotur venimos generando una fuerte promoci\u00f3n de la provincia, apenas tuvimos la posibilidad de generar acciones presenciales presentamos Santiago del Estero en ferias y encuentros comerciales de Espa\u00f1a, Colombia, Brasil, Italia y Uruguay, y vamos a continuar trabajando en ese sentido\u201d.<\/p>\n","protected":false},"excerpt":{"rendered":"<p>El Secretario Ejecutivo del Inprotur, Ricardo Sosa, junto al Presidente de la Federaci\u00f3n Argentina de Empresas de Viajes y Turismo (Faevyt), Gustavo Hani y el Presidente de la Federaci\u00f3n Empresaria Gastron\u00f3mica Hotelera de Argentina (Fehgra), Fernando Desbots, se reunieron con empresarios tur\u00edsticos santiague\u00f1os para analizar diferentes tem\u00e1ticas de inter\u00e9s para el sector.<\/p>\n","protected":false},"author":2,"featured_media":41265,"comment_status":"open","ping_status":"open","sticky":false,"template":"","format":"standard","meta":{"om_disable_all_campaigns":false,"_monsterinsights_skip_tracking":false,"_monsterinsights_sitenote_active":false,"_monsterinsights_sitenote_note":"","_monsterinsights_sitenote_category":0,"_uf_show_specific_survey":0,"_uf_disable_surveys":false,"jetpack_post_was_ever_published":false,"_jetpack_newsletter_access":"","_jetpack_dont_email_post_to_subs":false,"_jetpack_newsletter_tier_id":0,"_jetpack_memberships_contains_paywalled_content":false,"_jetpack_memberships_contains_paid_content":false,"footnotes":"","jetpack_publicize_message":"","jetpack_publicize_feature_enabled":true,"jetpack_social_post_already_shared":false,"jetpack_social_options":{"image_generator_settings":{"template":"highway","default_image_id":0,"font":"","enabled":false},"version":2}},"categories":[29],"tags":[],"class_list":["post-41264","post","type-post","status-publish","format-standard","has-post-thumbnail","hentry","category-turismo"],"aioseo_notices":[],"views":8,"jetpack_publicize_connections":[],"jetpack_featured_media_url":"https:\/\/i0.wp.com\/elterritorialweb.com.ar\/web\/wp-content\/uploads\/2022\/06\/WhatsApp-Image-2022-06-16-at-7.28.24-PM.jpeg?fit=1280%2C576","jetpack_sharing_enabled":true,"_links":{"self":[{"href":"http:\/\/elterritorialweb.com.ar\/web\/wp-json\/wp\/v2\/posts\/41264","targetHints":{"allow":["GET"]}}],"collection":[{"href":"http:\/\/elterritorialweb.com.ar\/web\/wp-json\/wp\/v2\/posts"}],"about":[{"href":"http:\/\/elterritorialweb.com.ar\/web\/wp-json\/wp\/v2\/types\/post"}],"author":[{"embeddable":true,"href":"http:\/\/elterritorialweb.com.ar\/web\/wp-json\/wp\/v2\/users\/2"}],"replies":[{"embeddable":true,"href":"http:\/\/elterritorialweb.com.ar\/web\/wp-json\/wp\/v2\/comments?post=41264"}],"version-history":[{"count":1,"href":"http:\/\/elterritorialweb.com.ar\/web\/wp-json\/wp\/v2\/posts\/41264\/revisions"}],"predecessor-version":[{"id":41267,"href":"http:\/\/elterritorialweb.com.ar\/web\/wp-json\/wp\/v2\/posts\/41264\/revisions\/41267"}],"wp:featuredmedia":[{"embeddable":true,"href":"http:\/\/elterritorialweb.com.ar\/web\/wp-json\/wp\/v2\/media\/41265"}],"wp:attachment":[{"href":"http:\/\/elterritorialweb.com.ar\/web\/wp-json\/wp\/v2\/media?parent=41264"}],"wp:term":[{"taxonomy":"category","embeddable":true,"href":"http:\/\/elterritorialweb.com.ar\/web\/wp-json\/wp\/v2\/categories?post=41264"},{"taxonomy":"post_tag","embeddable":true,"href":"http:\/\/elterritorialweb.com.ar\/web\/wp-json\/wp\/v2\/tags?post=41264"}],"curies":[{"name":"wp","href":"https:\/\/api.w.org\/{rel}","templated":true}]}}