{"id":41268,"date":"2022-06-17T20:29:12","date_gmt":"2022-06-17T20:29:12","guid":{"rendered":"http:\/\/elterritorialweb.com.ar\/web\/?p=41268"},"modified":"2022-06-17T20:29:12","modified_gmt":"2022-06-17T20:29:12","slug":"ricardo-sosa-el-embarcadero-y-el-ex-hotel-italia-seran-iconos-turisticos-de-termas","status":"publish","type":"post","link":"http:\/\/elterritorialweb.com.ar\/web\/ricardo-sosa-el-embarcadero-y-el-ex-hotel-italia-seran-iconos-turisticos-de-termas\/","title":{"rendered":"RICARDO SOSA: \u201cEL EMBARCADERO Y EL EX HOTEL ITALIA SER\u00c1N \u00cdCONOS TUR\u00cdSTICOS DE TERMAS\u201d"},"content":{"rendered":"\n<p>En ese contexto, destac\u00f3 que las obras para refuncionalizar el Embarcadero del lago de Termas, posibilitar\u00e1 la recuperaci\u00f3n plena de la actividad n\u00e1utica en ese sector, sumando otro atractivo tur\u00edstico, generando nuevos puestos de trabajo y normalizando una actividad que en los \u00faltimos a\u00f1os se encontraba con una gran necesidad de tener un espacio donde asegurar la permanencia y salida de las embarcaciones.<\/p>\n\n\n\n<p>\u201cCuando hablamos con el Gobernador, Gerardo Zamora, por este tema, en forma inmediata gener\u00f3 el proyecto ejecutivo y en la visita que realizamos pudimos destacar que la obra se encentra casi finalizada y la Provincia tiene proyectado realizar m\u00e1s acciones que beneficiar\u00e1n a todo ese sector, estamos muy contentos porque es una actividad que es muy requerida, tanto por quienes poseen embarcaciones como por los propios turistas que muchas veces quieren navegar por el lago\u201d.<\/p>\n\n\n\n<figure class=\"wp-block-image size-large\"><a href=\"https:\/\/i0.wp.com\/elterritorialweb.com.ar\/web\/wp-content\/uploads\/2022\/06\/2740D9FB-9880-478F-ACD2-69FF7407AB8B-scaled.jpeg\"><img data-recalc-dims=\"1\" decoding=\"async\" width=\"640\" height=\"428\" data-src=\"https:\/\/i0.wp.com\/elterritorialweb.com.ar\/web\/wp-content\/uploads\/2022\/06\/2740D9FB-9880-478F-ACD2-69FF7407AB8B.jpeg?resize=640%2C428\" alt=\"\" class=\"wp-image-41270 lazyload\" data-srcset=\"https:\/\/i0.wp.com\/elterritorialweb.com.ar\/web\/wp-content\/uploads\/2022\/06\/2740D9FB-9880-478F-ACD2-69FF7407AB8B-scaled.jpeg?resize=1024%2C684 1024w, https:\/\/i0.wp.com\/elterritorialweb.com.ar\/web\/wp-content\/uploads\/2022\/06\/2740D9FB-9880-478F-ACD2-69FF7407AB8B-scaled.jpeg?resize=300%2C200 300w, https:\/\/i0.wp.com\/elterritorialweb.com.ar\/web\/wp-content\/uploads\/2022\/06\/2740D9FB-9880-478F-ACD2-69FF7407AB8B-scaled.jpeg?resize=768%2C513 768w, https:\/\/i0.wp.com\/elterritorialweb.com.ar\/web\/wp-content\/uploads\/2022\/06\/2740D9FB-9880-478F-ACD2-69FF7407AB8B-scaled.jpeg?resize=1536%2C1025 1536w, https:\/\/i0.wp.com\/elterritorialweb.com.ar\/web\/wp-content\/uploads\/2022\/06\/2740D9FB-9880-478F-ACD2-69FF7407AB8B-scaled.jpeg?resize=2048%2C1367 2048w, https:\/\/i0.wp.com\/elterritorialweb.com.ar\/web\/wp-content\/uploads\/2022\/06\/2740D9FB-9880-478F-ACD2-69FF7407AB8B-scaled.jpeg?w=1280 1280w, https:\/\/i0.wp.com\/elterritorialweb.com.ar\/web\/wp-content\/uploads\/2022\/06\/2740D9FB-9880-478F-ACD2-69FF7407AB8B-scaled.jpeg?w=1920 1920w\" data-sizes=\"(max-width: 640px) 100vw, 640px\" src=\"data:image\/svg+xml;base64,PHN2ZyB3aWR0aD0iMSIgaGVpZ2h0PSIxIiB4bWxucz0iaHR0cDovL3d3dy53My5vcmcvMjAwMC9zdmciPjwvc3ZnPg==\" style=\"--smush-placeholder-width: 640px; --smush-placeholder-aspect-ratio: 640\/428;\" \/><\/a><\/figure>\n\n\n\n<p>Por otro lado, mencion\u00f3 que durante la visita con el Ministro Lammens a la obra de recuperaci\u00f3n de edificio del ex hotel Italia pudieron observar los avances en esta primera etapa. El proyecto presentado por el Municipio a pedido del Gobierno de la Provincia, incluye la puesta en valor del edificio mencionado, espacios culturales de gran inter\u00e9s, un sector gastron\u00f3mico y algo que es muy importante: La recuperaci\u00f3n urban\u00edstica de ese sector, que ser\u00e1 complementario con el Mercado Municipal.<\/p>\n\n\n\n<p>\u201cEl grupo de arquitectos encargado del proyecto brind\u00f3 detalles de esta obra, sobre un edificio de m\u00e1s de 80 a\u00f1os y que dej\u00f3 de funcionar hace 40 a\u00f1os, por ello es importante felicitarlos, por el dise\u00f1o y la concepci\u00f3n que tiene, sabemos que existe la posibilidad de otorgar un segundo aporte por parte del Ministerio, pero estamos a la espera de la presentaci\u00f3n de algunos detalles solicitados al municipio termense\u201d, explic\u00f3 Sosa, quien colabora con el Ministerio en la gesti\u00f3n de proyectos para la provincia.Dentro de ese marco resalt\u00f3 que \u201cla habilitaci\u00f3n de ambas obras se convertir\u00e1n en \u00edconos para Termas de R\u00edo Hondo, por lo que representa la actividad n\u00e1utica en el lago y el valor hist\u00f3rico, social y tur\u00edstico que tiene el edificio del ex hotel Italia\u201d.<\/p>\n","protected":false},"excerpt":{"rendered":"<p>El Secretario Ejecutivo del Inprotur, Ricardo Sosa, acompa\u00f1\u00f3 al Ministro de Turismo, Mat\u00edas Lammens y al Gobernador, Gerardo Zamora, en la recorrida de obra que realizaron en la ciudad de Termas de R\u00edo Hondo, que incluy\u00f3 una visita a la zona donde se realizan los trabajos de refuncionalizaci\u00f3n de Embarcadero del lago y otra en el sector donde se trabaja para la recuperaci\u00f3n del edificio del ex hotel Italia que ser\u00e1 transformado en un centro cultural-gastron\u00f3mico y que se llevan adelante con fondos aportados por el Ministerio nacional a trav\u00e9s del programa 50 destinos.<\/p>\n","protected":false},"author":2,"featured_media":41269,"comment_status":"open","ping_status":"open","sticky":false,"template":"","format":"standard","meta":{"om_disable_all_campaigns":false,"_monsterinsights_skip_tracking":false,"_monsterinsights_sitenote_active":false,"_monsterinsights_sitenote_note":"","_monsterinsights_sitenote_category":0,"_uf_show_specific_survey":0,"_uf_disable_surveys":false,"jetpack_post_was_ever_published":false,"_jetpack_newsletter_access":"","_jetpack_dont_email_post_to_subs":false,"_jetpack_newsletter_tier_id":0,"_jetpack_memberships_contains_paywalled_content":false,"_jetpack_memberships_contains_paid_content":false,"footnotes":"","jetpack_publicize_message":"","jetpack_publicize_feature_enabled":true,"jetpack_social_post_already_shared":false,"jetpack_social_options":{"image_generator_settings":{"template":"highway","default_image_id":0,"font":"","enabled":false},"version":2}},"categories":[29],"tags":[],"class_list":["post-41268","post","type-post","status-publish","format-standard","has-post-thumbnail","hentry","category-turismo"],"aioseo_notices":[],"views":5,"jetpack_publicize_connections":[],"jetpack_featured_media_url":"https:\/\/i0.wp.com\/elterritorialweb.com.ar\/web\/wp-content\/uploads\/2022\/06\/A512358B-DBEF-47AB-AA15-5580A6B31E4A-scaled.jpeg?fit=2560%2C1709","jetpack_sharing_enabled":true,"_links":{"self":[{"href":"http:\/\/elterritorialweb.com.ar\/web\/wp-json\/wp\/v2\/posts\/41268","targetHints":{"allow":["GET"]}}],"collection":[{"href":"http:\/\/elterritorialweb.com.ar\/web\/wp-json\/wp\/v2\/posts"}],"about":[{"href":"http:\/\/elterritorialweb.com.ar\/web\/wp-json\/wp\/v2\/types\/post"}],"author":[{"embeddable":true,"href":"http:\/\/elterritorialweb.com.ar\/web\/wp-json\/wp\/v2\/users\/2"}],"replies":[{"embeddable":true,"href":"http:\/\/elterritorialweb.com.ar\/web\/wp-json\/wp\/v2\/comments?post=41268"}],"version-history":[{"count":1,"href":"http:\/\/elterritorialweb.com.ar\/web\/wp-json\/wp\/v2\/posts\/41268\/revisions"}],"predecessor-version":[{"id":41271,"href":"http:\/\/elterritorialweb.com.ar\/web\/wp-json\/wp\/v2\/posts\/41268\/revisions\/41271"}],"wp:featuredmedia":[{"embeddable":true,"href":"http:\/\/elterritorialweb.com.ar\/web\/wp-json\/wp\/v2\/media\/41269"}],"wp:attachment":[{"href":"http:\/\/elterritorialweb.com.ar\/web\/wp-json\/wp\/v2\/media?parent=41268"}],"wp:term":[{"taxonomy":"category","embeddable":true,"href":"http:\/\/elterritorialweb.com.ar\/web\/wp-json\/wp\/v2\/categories?post=41268"},{"taxonomy":"post_tag","embeddable":true,"href":"http:\/\/elterritorialweb.com.ar\/web\/wp-json\/wp\/v2\/tags?post=41268"}],"curies":[{"name":"wp","href":"https:\/\/api.w.org\/{rel}","templated":true}]}}