{"id":41283,"date":"2022-06-17T21:03:22","date_gmt":"2022-06-17T21:03:22","guid":{"rendered":"http:\/\/elterritorialweb.com.ar\/web\/?p=41283"},"modified":"2022-06-17T21:03:23","modified_gmt":"2022-06-17T21:03:23","slug":"historico-viva-air-llego-a-la-argentina-por-primera-vez","status":"publish","type":"post","link":"http:\/\/elterritorialweb.com.ar\/web\/historico-viva-air-llego-a-la-argentina-por-primera-vez\/","title":{"rendered":"HIST\u00d3RICO: VIVA AIR LLEG\u00d3 A LA ARGENTINA POR PRIMERA VEZ"},"content":{"rendered":"\n<p>El retorno del turismo receptivo internacional trae consigo el incremento de vuelos hacia nuestro pa\u00eds y se ve reflejado en la llegada a Buenos Aires de los&nbsp;<strong>dos primeros vuelos de la aerol\u00ednea low cost de Colombia, Viva Air.<\/strong>&nbsp;Es un&nbsp;<strong>momento hist\u00f3rico&nbsp;<\/strong>ya que dicha aerol\u00ednea nunca hab\u00eda tenido una ruta hacia la Argentina y tampoco hab\u00eda existido un vuelo que una sin escalas los destinos de Medell\u00edn y Buenos Aires.<\/p>\n\n\n\n<p>De esta manera, Viva Air, realizar\u00e1 la ruta que unir\u00e1&nbsp;<strong>Medell\u00edn con Ezeiza cuatro veces por semana<\/strong>&nbsp;y tendr\u00e1 otras&nbsp;<strong>cuatro frecuencias semanales entre Bogot\u00e1 y Buenos Aires<\/strong>&nbsp;los d\u00edas lunes, jueves, viernes y domingos. Las rutas las operan con un Airbus a320 Neo. Medell\u00edn es la segunda ciudad m\u00e1s poblada de Colombia, con casi tres millones de habitantes, por lo que la ruta, a un bajo costo, podr\u00e1 generar un gran ingreso de turistas provenientes de la ciudad y alrededores, a la Argentina.<\/p>\n\n\n\n<figure class=\"wp-block-image size-large\"><a href=\"https:\/\/i0.wp.com\/elterritorialweb.com.ar\/web\/wp-content\/uploads\/2022\/06\/improtur.jpg\"><img data-recalc-dims=\"1\" decoding=\"async\" width=\"640\" height=\"360\" data-src=\"https:\/\/i0.wp.com\/elterritorialweb.com.ar\/web\/wp-content\/uploads\/2022\/06\/improtur.jpg?resize=640%2C360\" alt=\"\" class=\"wp-image-41285 lazyload\" data-srcset=\"https:\/\/i0.wp.com\/elterritorialweb.com.ar\/web\/wp-content\/uploads\/2022\/06\/improtur.jpg?resize=1024%2C576 1024w, https:\/\/i0.wp.com\/elterritorialweb.com.ar\/web\/wp-content\/uploads\/2022\/06\/improtur.jpg?resize=300%2C169 300w, https:\/\/i0.wp.com\/elterritorialweb.com.ar\/web\/wp-content\/uploads\/2022\/06\/improtur.jpg?resize=768%2C432 768w, https:\/\/i0.wp.com\/elterritorialweb.com.ar\/web\/wp-content\/uploads\/2022\/06\/improtur.jpg?w=1280 1280w\" data-sizes=\"(max-width: 640px) 100vw, 640px\" src=\"data:image\/svg+xml;base64,PHN2ZyB3aWR0aD0iMSIgaGVpZ2h0PSIxIiB4bWxucz0iaHR0cDovL3d3dy53My5vcmcvMjAwMC9zdmciPjwvc3ZnPg==\" style=\"--smush-placeholder-width: 640px; --smush-placeholder-aspect-ratio: 640\/360;\" \/><\/a><\/figure>\n\n\n\n<p>Viva Air y el Instituto Nacional de Promoci\u00f3n Tur\u00edstica iniciaron las conversaciones para el inicio de los vuelos durante la feria Vitrina Tur\u00edstica Anato 2020 y\u00a0<strong>Ricardo Sosa, Secretario Ejecutivo del INPROTUR<\/strong>, declar\u00f3 al respecto: \u201c<em><strong>Es un gran paso para la recuperaci\u00f3n del turismo receptivo.<\/strong>\u00a0Venimos trabajando conjuntamente con Viva Air para que estas rutas se puedan llevar a cabo y gracias al trabajo del Ministro de Turismo y Deportes,\u00a0<strong>Mat\u00edas Lammens<\/strong>\u00a0y a todo el Instituto, estos vuelos ya son una realidad. Colombia y Argentina estar\u00e1n m\u00e1s unidas ahora y queremos que vengan m\u00e1s colombianos a conocer nuestros destinos.<\/em>\u201d<\/p>\n\n\n\n<p>\u201c<em>Hoy estamos celebrando los vuelos inaugurales, fruto de la gesti\u00f3n realizada durante dos a\u00f1os y que inici\u00f3 en una de las ferias a la que el INPROTUR acude. Ya estamos trabajando promocionando Argentina para que esos vuelos se llenen de turistas colombianos<\/em>\u201d, finaliz\u00f3&nbsp;<strong>Sosa.<\/strong><\/p>\n","protected":false},"excerpt":{"rendered":"<p>La aerol\u00ednea low cost colombiana aterriz\u00f3 hoy en Buenos Aires sus dos primeros vuelos provenientes de Bogot\u00e1 y Medell\u00edn.<\/p>\n","protected":false},"author":2,"featured_media":41284,"comment_status":"open","ping_status":"open","sticky":false,"template":"","format":"standard","meta":{"om_disable_all_campaigns":false,"_monsterinsights_skip_tracking":false,"_monsterinsights_sitenote_active":false,"_monsterinsights_sitenote_note":"","_monsterinsights_sitenote_category":0,"_uf_show_specific_survey":0,"_uf_disable_surveys":false,"jetpack_post_was_ever_published":false,"_jetpack_newsletter_access":"","_jetpack_dont_email_post_to_subs":false,"_jetpack_newsletter_tier_id":0,"_jetpack_memberships_contains_paywalled_content":false,"_jetpack_memberships_contains_paid_content":false,"footnotes":"","jetpack_publicize_message":"","jetpack_publicize_feature_enabled":true,"jetpack_social_post_already_shared":false,"jetpack_social_options":{"image_generator_settings":{"template":"highway","default_image_id":0,"font":"","enabled":false},"version":2}},"categories":[29],"tags":[],"class_list":["post-41283","post","type-post","status-publish","format-standard","has-post-thumbnail","hentry","category-turismo"],"aioseo_notices":[],"views":6,"jetpack_publicize_connections":[],"jetpack_featured_media_url":"https:\/\/i0.wp.com\/elterritorialweb.com.ar\/web\/wp-content\/uploads\/2022\/06\/improtur-1.jpg?fit=1600%2C900","jetpack_sharing_enabled":true,"_links":{"self":[{"href":"http:\/\/elterritorialweb.com.ar\/web\/wp-json\/wp\/v2\/posts\/41283","targetHints":{"allow":["GET"]}}],"collection":[{"href":"http:\/\/elterritorialweb.com.ar\/web\/wp-json\/wp\/v2\/posts"}],"about":[{"href":"http:\/\/elterritorialweb.com.ar\/web\/wp-json\/wp\/v2\/types\/post"}],"author":[{"embeddable":true,"href":"http:\/\/elterritorialweb.com.ar\/web\/wp-json\/wp\/v2\/users\/2"}],"replies":[{"embeddable":true,"href":"http:\/\/elterritorialweb.com.ar\/web\/wp-json\/wp\/v2\/comments?post=41283"}],"version-history":[{"count":1,"href":"http:\/\/elterritorialweb.com.ar\/web\/wp-json\/wp\/v2\/posts\/41283\/revisions"}],"predecessor-version":[{"id":41286,"href":"http:\/\/elterritorialweb.com.ar\/web\/wp-json\/wp\/v2\/posts\/41283\/revisions\/41286"}],"wp:featuredmedia":[{"embeddable":true,"href":"http:\/\/elterritorialweb.com.ar\/web\/wp-json\/wp\/v2\/media\/41284"}],"wp:attachment":[{"href":"http:\/\/elterritorialweb.com.ar\/web\/wp-json\/wp\/v2\/media?parent=41283"}],"wp:term":[{"taxonomy":"category","embeddable":true,"href":"http:\/\/elterritorialweb.com.ar\/web\/wp-json\/wp\/v2\/categories?post=41283"},{"taxonomy":"post_tag","embeddable":true,"href":"http:\/\/elterritorialweb.com.ar\/web\/wp-json\/wp\/v2\/tags?post=41283"}],"curies":[{"name":"wp","href":"https:\/\/api.w.org\/{rel}","templated":true}]}}