{"id":41294,"date":"2022-06-17T21:56:31","date_gmt":"2022-06-17T21:56:31","guid":{"rendered":"http:\/\/elterritorialweb.com.ar\/web\/?p=41294"},"modified":"2022-06-17T22:22:43","modified_gmt":"2022-06-17T22:22:43","slug":"el-presidente-participo-en-el-foro-sobre-energia-y-clima-de-las-principales-economias","status":"publish","type":"post","link":"http:\/\/elterritorialweb.com.ar\/web\/el-presidente-participo-en-el-foro-sobre-energia-y-clima-de-las-principales-economias\/","title":{"rendered":"EL PRESIDENTE PARTICIP\u00d3 EN EL FORO SOBRE ENERG\u00cdA Y CLIMA DE LAS PRINCIPALES ECONOM\u00cdAS"},"content":{"rendered":"\n<p>El presidente Alberto Fern\u00e1ndez sostuvo que \u00abla guerra en Ucrania demuestra una vez m\u00e1s la importancia de la seguridad energ\u00e9tica y alimentaria\u00bb, al disertar en forma virtual en&nbsp;<strong>el Foro sobre Energ\u00eda y Clima (MEF) convocado por su par de Estados Unidos, Joe Biden.<\/strong><\/p>\n\n\n\n<p>\u00abEn Argentina tenemos los recursos naturales, las capacidades y el sistema cient\u00edfico y tecnol\u00f3gico necesario para hacer frente a este crisis, a partir de la innovaci\u00f3n\u00bb, apunt\u00f3 Fern\u00e1ndez en su intervenci\u00f3n en este \u00e1mbito,&nbsp;<strong>organizado por el enviado presidencial de los Estados Unidos para el Cambio Clim\u00e1tico, John Kerry.<\/strong><\/p>\n\n\n\n<p>\u00ab<strong>Esta combinaci\u00f3n nos brinda condiciones privilegiadas para producir alimentos, generar energ\u00eda renovables, desarrollar cadena de valor de avanzada para el para litio o para hidr\u00f3geno\u00bb<\/strong>, indic\u00f3 el jefe de Estado en unos de los tramos del discurso que pronunci\u00f3 en este Foro y que public\u00f3 en su cuenta oficial de la red social Twitter.<\/p>\n\n\n\n<figure class=\"wp-block-embed is-type-rich is-provider-twitter wp-block-embed-twitter\"><div class=\"wp-block-embed__wrapper\">\n<div class=\"embed-twitter\"><blockquote class=\"twitter-tweet\" data-width=\"550\" data-dnt=\"true\"><p lang=\"es\" dir=\"ltr\">Particip\u00e9 del Foro sobre Energ\u00eda y Clima (MEF), convocado por el presidente Joe Biden (<a href=\"https:\/\/twitter.com\/POTUS?ref_src=twsrc%5Etfw\">@POTUS<\/a>) y su enviado presidencial especial para Cambio Clim\u00e1tico, <a href=\"https:\/\/twitter.com\/JohnKerry?ref_src=twsrc%5Etfw\">@JohnKerry<\/a>.<br><br>La Argentina fue invitada gracias a nuestro fuerte compromiso con la acci\u00f3n ambiental.<br><br>\ud83d\udc49 <a href=\"https:\/\/t.co\/vGJoqydLIC\">https:\/\/t.co\/vGJoqydLIC<\/a><\/p>&mdash; Alberto Fern\u00e1ndez (@alferdez) <a href=\"https:\/\/twitter.com\/alferdez\/status\/1537855031235452929?ref_src=twsrc%5Etfw\">June 17, 2022<\/a><\/blockquote><script async src=\"https:\/\/platform.twitter.com\/widgets.js\" charset=\"utf-8\"><\/script><\/div>\n<\/div><\/figure>\n\n\n\n<p>Fern\u00e1ndez admiti\u00f3 que, \u00absin embargo, desplegar&nbsp;<strong>estas capacidades demanda tiempo y recursos&nbsp;<\/strong>que no est\u00e1n siempre disponibles, debido a la crisis y a la deuda\u00bb.<\/p>\n\n\n\n<p>\u00abPor este motivo&nbsp;<strong>llamamos a promover inversiones y financiamiento<\/strong>&nbsp;que permitan&nbsp;<strong>implementar la acci\u00f3n clim\u00e1tica.<\/strong>&nbsp;Por eso resulta necesario mas que nunca un nuevo dise\u00f1o de la arquitectura financiera internacional\u00bb, remarc\u00f3 el mandatario.<\/p>\n\n\n\n<p>Fern\u00e1ndez refiri\u00f3 que \u00abla Rep\u00fablica Argentina ha puesto la&nbsp;<strong>acci\u00f3n clim\u00e1tica y ambiental en centro de sus convicciones<\/strong>&nbsp;y prioridades, construyendo acuerdos para avanzar hacia un desarrollo integral y sostenible, en un firme camino de transici\u00f3n justa\u00bb.<\/p>\n\n\n\n<p>\u00abNuestro compromiso para con el acuerdo de Par\u00eds se refleja en el incremento de nuestra ambici\u00f3n clim\u00e1tica y nuestra determinaci\u00f3n en el desarrollo de medios innovadores para producirla\u00bb, aport\u00f3 el Presidente.<\/p>\n\n\n\n<p>\u00abPara ello&nbsp;<strong>impulsamos el trabajo desde el Gabinete Nacional de cambio clim\u00e1tico<\/strong>, que nos permite cristalizar el compromisos en todas nuestra acciones de gobierno e incluir a todos los sectores y a la ciudadan\u00eda en su conjunto en la definici\u00f3n de nuestros objetivos, estrategias y planes\u00bb, remarc\u00f3.<\/p>\n\n\n\n<p>Y ampli\u00f3: A pesar de la situaci\u00f3n econ\u00f3mica y social derivada de un endeudamiento insostenible, a pesar de la pandemia del Covid 19, actualizamos nuestra contribuci\u00f3n determinada a nivel nacional, la aumentamos en un 27,7% respecto de la misi\u00f3n anterior, alineados con la misi\u00f3n de Par\u00eds\u00bb.<\/p>\n\n\n\n<p>\u00abAdem\u00e1s,&nbsp;<strong>hemos adherido e impulsado iniciativas globales,<\/strong>&nbsp;como el<strong>&nbsp;compromiso global de metano y la Declaraci\u00f3n de L\u00edderes Sobre bosques y uso de la tierra\u00bb<\/strong>, compromisos \u00abque representan en un enorme desaf\u00edo para la Argentina, un esfuerzo considerado en estas circunstancias, y tambi\u00e9n matrices productivas nacionales\u00bb.<\/p>\n\n\n\n<figure class=\"wp-block-embed is-type-video is-provider-youtube wp-block-embed-youtube wp-embed-aspect-16-9 wp-has-aspect-ratio\"><div class=\"wp-block-embed__wrapper\">\n<iframe title=\"Participaci\u00f3n en el Foro sobre Energ\u00eda y Clima de las Principales Econom\u00edas\" width=\"640\" height=\"360\" data-src=\"https:\/\/www.youtube.com\/embed\/HmlFOgR0gQU?feature=oembed\" frameborder=\"0\" allow=\"accelerometer; autoplay; clipboard-write; encrypted-media; gyroscope; picture-in-picture; web-share\" referrerpolicy=\"strict-origin-when-cross-origin\" allowfullscreen src=\"data:image\/svg+xml;base64,PHN2ZyB3aWR0aD0iMSIgaGVpZ2h0PSIxIiB4bWxucz0iaHR0cDovL3d3dy53My5vcmcvMjAwMC9zdmciPjwvc3ZnPg==\" class=\"lazyload\" data-load-mode=\"1\"><\/iframe>\n<\/div><\/figure>\n\n\n\n<p>Para Fern\u00e1ndez, \u00abla transici\u00f3n debe ser justa y&nbsp;<strong>de ning\u00fan modo puede agravar las inequidades\u00bb.<\/strong><\/p>\n\n\n\n<p>\u00abEn conjunto debemos generar las condiciones habilitantes para transicionar hacia&nbsp;<strong>matrices productivas limpias, diversas y sostenibles\u00bb,&nbsp;<\/strong>puntualiz\u00f3.<\/p>\n\n\n\n<p>Y en ese sentido, agreg\u00f3: \u00abLa innovaci\u00f3n tecnol\u00f3gica y de procesos, las buenas pr\u00e1cticas y el conocimiento puesto a disposici\u00f3n de este desaf\u00edo nos va a permitir alcanzar la transici\u00f3n justa que estamos buscando\u00bb.<\/p>\n\n\n\n<p>\u00abLas hojas de ruta que estamos dise\u00f1ando sobre c\u00f3mo cumpliremos nuestros compromisos permitir\u00e1n que otros puedan sumarse a nuestros esfuerzos y complementarlo, en estrecha relaci\u00f3n con las provincias y actores de toda sociedad, pero tambi\u00e9n en articulaci\u00f3n con iniciativas regionales y globales\u00bb, se\u00f1al\u00f3 el mandatario.<\/p>\n\n\n\n<p>En ese sentido se explay\u00f3: \u00abJuntos estamos trabajando en el&nbsp;<strong>Plan Nacional de Cambio Clim\u00e1tico&nbsp;<\/strong>que&nbsp;<strong>presentaremos en la pr\u00f3xima Cumbre de la partes en Egipto, en noviembre pr\u00f3ximo\u00bb.<\/strong><\/p>\n\n\n\n<p>Este plan \u00abincluir\u00e1 medidas sectoriales y transversales, con objetivos espec\u00edficos para la concreci\u00f3n de los compromisos asumidos, pensando en el 2030\u00bb, y que incluye entre otros, \u00abun plan de transici\u00f3n energ\u00e9tica que contemple la&nbsp;<strong>incorporaci\u00f3n de un 30% de energ\u00eda renovable en la matriz de generaci\u00f3n el\u00e9ctrica y un 20% de veh\u00edculos con combustibles bajos en emisiones\u00bb<\/strong>, report\u00f3 Fern\u00e1ndez.<\/p>\n\n\n\n<p>Todo eso se har\u00e1 \u00abde la mano de una gesti\u00f3n sostenible de los sistemas alimentarios,&nbsp;<strong>optimizando la utilizaci\u00f3n de insumos y fertilizantes y la conservaci\u00f3n de la biodiversidad y bienes comunes<\/strong>\u00ab, que permitir\u00e1n \u00abseguir aportando de modo creciente m\u00e1s alimentos y servicios ambientales que el mundo necesita\u00bb, y que \u00absintetiza all\u00ed tambi\u00e9n el conjunto de medidas que limitar\u00e1n las emisiones\u00bb, consider\u00f3.<\/p>\n\n\n\n<p><strong>En el sector ganadero<\/strong>&nbsp;\u00abse apuesta a la eficiencia y diversificaci\u00f3n de la producci\u00f3n, en particular el aumento de la productividad del rodeo, y el incremento del volumen de carne producido por el animal faenado, para garantizar la provisi\u00f3n necesaria de prote\u00edna animal\u00bb, aport\u00f3.<\/p>\n\n\n\n<p>Mientras que para el&nbsp;<strong>sector de gesti\u00f3n de residuos y efluentes<\/strong>&nbsp;\u00abse llevan adelante acciones que permiten evitar la disposici\u00f3n final, fomenta la reutilizaci\u00f3n y la valorizaci\u00f3n de distintas corrientes, y el aprovechamiento energ\u00e9tico con la captura de metano y producci\u00f3n de biog\u00e1s\u00bb, indic\u00f3 el Presidente.<\/p>\n\n\n\n<p>\u00abEn el sector del petr\u00f3leo y el gas, ya hoy los venteos son reportados y controlados, y se est\u00e1n desarrollando planes de reducci\u00f3n de emisiones espec\u00edficos para cada empresa como parte de la normativa vigente\u00bb, complet\u00f3.<\/p>\n\n\n\n<p>Para Fern\u00e1ndez, \u00abel gran desaf\u00edo es pasar r\u00e1pidamente pasar a la acci\u00f3n, a la implementaci\u00f3n de estas medidas y transformar la realidad\u00bb.<\/p>\n\n\n\n<p>\u00abEn su invitaci\u00f3n a este evento, el presidente Joe Biden nos propone a todos redoblar nuestra ambici\u00f3n y responder a la crisis clim\u00e1tica\u00bb, apunt\u00f3, y consider\u00f3 que \u00abno hay mayor ambici\u00f3n en este momento que avanzar en paso firma medidas concretas frente al cambio clim\u00e1tico\u00bb, concluy\u00f3.<\/p>\n","protected":false},"excerpt":{"rendered":"<p>\u00abEn Argentina tenemos los recursos naturales, las capacidades y el sistema cient\u00edfico y tecnol\u00f3gico necesario para hacer frente a este crisis, a partir de la innovaci\u00f3n\u00bb, apunt\u00f3 el Presidente al disertar en forma virtual en el Foro sobre Energ\u00eda y Clima.<\/p>\n","protected":false},"author":2,"featured_media":41295,"comment_status":"open","ping_status":"open","sticky":false,"template":"","format":"standard","meta":{"om_disable_all_campaigns":false,"_monsterinsights_skip_tracking":false,"_monsterinsights_sitenote_active":false,"_monsterinsights_sitenote_note":"","_monsterinsights_sitenote_category":0,"_uf_show_specific_survey":0,"_uf_disable_surveys":false,"jetpack_post_was_ever_published":false,"_jetpack_newsletter_access":"","_jetpack_dont_email_post_to_subs":false,"_jetpack_newsletter_tier_id":0,"_jetpack_memberships_contains_paywalled_content":false,"_jetpack_memberships_contains_paid_content":false,"footnotes":"","jetpack_publicize_message":"","jetpack_publicize_feature_enabled":true,"jetpack_social_post_already_shared":false,"jetpack_social_options":{"image_generator_settings":{"template":"highway","default_image_id":0,"font":"","enabled":false},"version":2}},"categories":[4,18],"tags":[],"class_list":["post-41294","post","type-post","status-publish","format-standard","has-post-thumbnail","hentry","category-destacadas","category-politica"],"aioseo_notices":[],"views":7,"jetpack_publicize_connections":[],"jetpack_featured_media_url":"https:\/\/i0.wp.com\/elterritorialweb.com.ar\/web\/wp-content\/uploads\/2022\/06\/WhatsApp-Image-2022-06-17-at-11.52.42-PM.jpeg?fit=1241%2C630","jetpack_sharing_enabled":true,"_links":{"self":[{"href":"http:\/\/elterritorialweb.com.ar\/web\/wp-json\/wp\/v2\/posts\/41294","targetHints":{"allow":["GET"]}}],"collection":[{"href":"http:\/\/elterritorialweb.com.ar\/web\/wp-json\/wp\/v2\/posts"}],"about":[{"href":"http:\/\/elterritorialweb.com.ar\/web\/wp-json\/wp\/v2\/types\/post"}],"author":[{"embeddable":true,"href":"http:\/\/elterritorialweb.com.ar\/web\/wp-json\/wp\/v2\/users\/2"}],"replies":[{"embeddable":true,"href":"http:\/\/elterritorialweb.com.ar\/web\/wp-json\/wp\/v2\/comments?post=41294"}],"version-history":[{"count":1,"href":"http:\/\/elterritorialweb.com.ar\/web\/wp-json\/wp\/v2\/posts\/41294\/revisions"}],"predecessor-version":[{"id":41296,"href":"http:\/\/elterritorialweb.com.ar\/web\/wp-json\/wp\/v2\/posts\/41294\/revisions\/41296"}],"wp:featuredmedia":[{"embeddable":true,"href":"http:\/\/elterritorialweb.com.ar\/web\/wp-json\/wp\/v2\/media\/41295"}],"wp:attachment":[{"href":"http:\/\/elterritorialweb.com.ar\/web\/wp-json\/wp\/v2\/media?parent=41294"}],"wp:term":[{"taxonomy":"category","embeddable":true,"href":"http:\/\/elterritorialweb.com.ar\/web\/wp-json\/wp\/v2\/categories?post=41294"},{"taxonomy":"post_tag","embeddable":true,"href":"http:\/\/elterritorialweb.com.ar\/web\/wp-json\/wp\/v2\/tags?post=41294"}],"curies":[{"name":"wp","href":"https:\/\/api.w.org\/{rel}","templated":true}]}}