{"id":41303,"date":"2022-06-17T22:48:00","date_gmt":"2022-06-17T22:48:00","guid":{"rendered":"http:\/\/elterritorialweb.com.ar\/web\/?p=41303"},"modified":"2022-06-17T22:48:01","modified_gmt":"2022-06-17T22:48:01","slug":"fatima-flores-es-camaleonica-en-el-teatro-25-de-mayo","status":"publish","type":"post","link":"http:\/\/elterritorialweb.com.ar\/web\/fatima-flores-es-camaleonica-en-el-teatro-25-de-mayo\/","title":{"rendered":"FATIMA FLORES ES \u00abCAMALE\u00d3NICA\u00bb EN EL TEATRO 25 DE MAYO"},"content":{"rendered":"\n<p>La mujer m\u00e1s premiada y convocante del teatro nacional nuevamente en Santiago del Estero. Luego de arrasar en entradas y aplausos en Miami, Estados Unidos, llega con la obra \u201cCamale\u00f3nicas\u201d el 1\u00b0 de julio a las 21.30 horas en el Teatro 25 de Mayo.<\/p>\n\n\n\n<p>Las personificaciones de Cher, Madonna, Lady Gaga, Liza Minelli, Isabel Pantoja, sumado a la de Yanina La Torre, Mirtha Legrand, Carmen Barbieri, Nacha Guevara, Vicky Xipolitakis, Susana Gim\u00e9nez, Moria Casan y mujeres de la pol\u00edtica; forman parte del nuevo proyecto de F\u00e1tima Florez, que adem\u00e1s tiene bailarines, orquesta en vivo, despliegue de efectos especiales y luces de \u00faltima generaci\u00f3n.<\/p>\n\n\n\n<figure class=\"wp-block-image size-full\"><a href=\"https:\/\/i0.wp.com\/elterritorialweb.com.ar\/web\/wp-content\/uploads\/2022\/06\/WhatsApp-Image-2022-06-17-at-6.13.59-PM-1.jpeg\"><img data-recalc-dims=\"1\" decoding=\"async\" width=\"640\" height=\"427\" data-src=\"https:\/\/i0.wp.com\/elterritorialweb.com.ar\/web\/wp-content\/uploads\/2022\/06\/WhatsApp-Image-2022-06-17-at-6.13.59-PM-1.jpeg?resize=640%2C427\" alt=\"\" class=\"wp-image-41305 lazyload\" data-srcset=\"https:\/\/i0.wp.com\/elterritorialweb.com.ar\/web\/wp-content\/uploads\/2022\/06\/WhatsApp-Image-2022-06-17-at-6.13.59-PM-1.jpeg?w=1023 1023w, https:\/\/i0.wp.com\/elterritorialweb.com.ar\/web\/wp-content\/uploads\/2022\/06\/WhatsApp-Image-2022-06-17-at-6.13.59-PM-1.jpeg?resize=300%2C200 300w, https:\/\/i0.wp.com\/elterritorialweb.com.ar\/web\/wp-content\/uploads\/2022\/06\/WhatsApp-Image-2022-06-17-at-6.13.59-PM-1.jpeg?resize=768%2C512 768w\" data-sizes=\"(max-width: 640px) 100vw, 640px\" src=\"data:image\/svg+xml;base64,PHN2ZyB3aWR0aD0iMSIgaGVpZ2h0PSIxIiB4bWxucz0iaHR0cDovL3d3dy53My5vcmcvMjAwMC9zdmciPjwvc3ZnPg==\" style=\"--smush-placeholder-width: 640px; --smush-placeholder-aspect-ratio: 640\/427;\" \/><\/a><\/figure>\n\n\n\n<p>Como broche final las voces de Valeria Lynch y Patricia Sosa, como tambi\u00e9n la de Karina \u201cLa princesita\u201d, \u00c1ngela Leiva, Roci\u00f3 Quir\u00f3z, Damas Gratis, y el sensacional debut de Tini Stoessel; hacen del espect\u00e1culo uno de las m\u00e1s recomendados para disfrutar en familia, que cosech\u00f3 \u00e9xito en Miami y en el verano Marplatense, donde gan\u00f3 un premio Estrella de Mar.<\/p>\n\n\n\n<p>Las entradas se encuentran en venta en Boleter\u00eda del Teatro 25 de Mayo y en www.norteticket.com.ar.<\/p>\n","protected":false},"excerpt":{"rendered":"<p>Se presentar\u00e1 1 de Julio a las 21:30 horas en el coliseo mayor. <\/p>\n","protected":false},"author":2,"featured_media":41304,"comment_status":"open","ping_status":"open","sticky":false,"template":"","format":"standard","meta":{"om_disable_all_campaigns":false,"_monsterinsights_skip_tracking":false,"_monsterinsights_sitenote_active":false,"_monsterinsights_sitenote_note":"","_monsterinsights_sitenote_category":0,"_uf_show_specific_survey":0,"_uf_disable_surveys":false,"jetpack_post_was_ever_published":false,"_jetpack_newsletter_access":"","_jetpack_dont_email_post_to_subs":false,"_jetpack_newsletter_tier_id":0,"_jetpack_memberships_contains_paywalled_content":false,"_jetpack_memberships_contains_paid_content":false,"footnotes":"","jetpack_publicize_message":"","jetpack_publicize_feature_enabled":true,"jetpack_social_post_already_shared":false,"jetpack_social_options":{"image_generator_settings":{"template":"highway","default_image_id":0,"font":"","enabled":false},"version":2}},"categories":[20],"tags":[],"class_list":["post-41303","post","type-post","status-publish","format-standard","has-post-thumbnail","hentry","category-especysociales"],"aioseo_notices":[],"views":29,"jetpack_publicize_connections":[],"jetpack_featured_media_url":"https:\/\/i0.wp.com\/elterritorialweb.com.ar\/web\/wp-content\/uploads\/2022\/06\/WhatsApp-Image-2022-06-17-at-6.13.58-PM.jpeg?fit=660%2C467","jetpack_sharing_enabled":true,"_links":{"self":[{"href":"http:\/\/elterritorialweb.com.ar\/web\/wp-json\/wp\/v2\/posts\/41303","targetHints":{"allow":["GET"]}}],"collection":[{"href":"http:\/\/elterritorialweb.com.ar\/web\/wp-json\/wp\/v2\/posts"}],"about":[{"href":"http:\/\/elterritorialweb.com.ar\/web\/wp-json\/wp\/v2\/types\/post"}],"author":[{"embeddable":true,"href":"http:\/\/elterritorialweb.com.ar\/web\/wp-json\/wp\/v2\/users\/2"}],"replies":[{"embeddable":true,"href":"http:\/\/elterritorialweb.com.ar\/web\/wp-json\/wp\/v2\/comments?post=41303"}],"version-history":[{"count":1,"href":"http:\/\/elterritorialweb.com.ar\/web\/wp-json\/wp\/v2\/posts\/41303\/revisions"}],"predecessor-version":[{"id":41306,"href":"http:\/\/elterritorialweb.com.ar\/web\/wp-json\/wp\/v2\/posts\/41303\/revisions\/41306"}],"wp:featuredmedia":[{"embeddable":true,"href":"http:\/\/elterritorialweb.com.ar\/web\/wp-json\/wp\/v2\/media\/41304"}],"wp:attachment":[{"href":"http:\/\/elterritorialweb.com.ar\/web\/wp-json\/wp\/v2\/media?parent=41303"}],"wp:term":[{"taxonomy":"category","embeddable":true,"href":"http:\/\/elterritorialweb.com.ar\/web\/wp-json\/wp\/v2\/categories?post=41303"},{"taxonomy":"post_tag","embeddable":true,"href":"http:\/\/elterritorialweb.com.ar\/web\/wp-json\/wp\/v2\/tags?post=41303"}],"curies":[{"name":"wp","href":"https:\/\/api.w.org\/{rel}","templated":true}]}}