{"id":41307,"date":"2022-06-18T00:07:39","date_gmt":"2022-06-18T00:07:39","guid":{"rendered":"http:\/\/elterritorialweb.com.ar\/web\/?p=41307"},"modified":"2022-06-18T00:10:56","modified_gmt":"2022-06-18T00:10:56","slug":"nito-mestre-llega-a-santiago-con-mi-vida-en-canciones","status":"publish","type":"post","link":"http:\/\/elterritorialweb.com.ar\/web\/nito-mestre-llega-a-santiago-con-mi-vida-en-canciones\/","title":{"rendered":"NITO MESTRE LLEGA A SANTIAGO CON \u00abMI VIDA EN CANCIONES\u00bb"},"content":{"rendered":"\n<p>Despu\u00e9s de muchos a\u00f1os de ausencia de los escenarios tras la pandemia,&nbsp;<strong>Nito Mestre<\/strong>&nbsp;retorna a las actuaciones por el pa\u00eds, y esta vez ser\u00e1 el turno de Santiago del Estero, donde presentar\u00e1 su nuevo show titulado&nbsp;<em>\u201cMi vida en canciones\u201d<\/em>.<\/p>\n\n\n\n<p>\u201cTener una conversaci\u00f3n musical y contarnos la historia de cada uno y con el p\u00fablico de cada pa\u00eds de Latinoam\u00e9rica, es profundamente gratificante y tengo una expectativa inmensa\u201d, comenta Nito sobre esta actuaci\u00f3n a brindar en tierra santiague\u00f1a, el pr\u00f3ximo 22 de julio a partir de las 21:30 en el Teatro 25 de mayo, de calle Avellaneda 387.<\/p>\n\n\n\n<p>Con la interpretaci\u00f3n de sus m\u00e1s reconocidas y esperadas canciones en sus hist\u00f3ricas bandas, el artista tendr\u00e1 como valor agregado de poder contar con una banda sinf\u00f3nica y talentos art\u00edsticos locales, quienes lo acompa\u00f1ar\u00e1n con el repertorio a presentar en Santiago, en un formato \u00fanico e inolvidable.<\/p>\n\n\n\n<p>En el coliseo santiague\u00f1o sonar\u00e1n los temas m\u00e1s destacados de Sui Generis, de Los Desconocidos de Siempre y de Nito como solista, lo que convertir\u00e1 al evento en un privilegio art\u00edstico insuperable.<\/p>\n\n\n\n<p>\u201cMi vida en canciones\u201d, tal como lo llama Nito, ser\u00e1 para los espectadores una oferta irresistible y una experiencia emotiva, en especial para un p\u00fablico senior, contempor\u00e1neo al artista.<\/p>\n\n\n\n<p>Las entradas anticipadas estar\u00e1n disponibles en la boleter\u00eda del Teatro 25 de mayo y online en\u00a0<a rel=\"noreferrer noopener\" href=\"https:\/\/norteticket.com\/\" target=\"_blank\">https:\/\/norteticket.com\/<\/a><\/p>\n\n\n\n<figure class=\"wp-block-image size-large\"><a href=\"https:\/\/i0.wp.com\/elterritorialweb.com.ar\/web\/wp-content\/uploads\/2022\/06\/Nito-Mestre-4-scaled.jpg\"><img data-recalc-dims=\"1\" decoding=\"async\" width=\"640\" height=\"962\" data-src=\"https:\/\/i0.wp.com\/elterritorialweb.com.ar\/web\/wp-content\/uploads\/2022\/06\/Nito-Mestre-4.jpg?resize=640%2C962\" alt=\"\" class=\"wp-image-41309 lazyload\" data-srcset=\"https:\/\/i0.wp.com\/elterritorialweb.com.ar\/web\/wp-content\/uploads\/2022\/06\/Nito-Mestre-4-scaled.jpg?resize=681%2C1024 681w, https:\/\/i0.wp.com\/elterritorialweb.com.ar\/web\/wp-content\/uploads\/2022\/06\/Nito-Mestre-4-scaled.jpg?resize=200%2C300 200w, https:\/\/i0.wp.com\/elterritorialweb.com.ar\/web\/wp-content\/uploads\/2022\/06\/Nito-Mestre-4-scaled.jpg?resize=768%2C1154 768w, https:\/\/i0.wp.com\/elterritorialweb.com.ar\/web\/wp-content\/uploads\/2022\/06\/Nito-Mestre-4-scaled.jpg?resize=1022%2C1536 1022w, https:\/\/i0.wp.com\/elterritorialweb.com.ar\/web\/wp-content\/uploads\/2022\/06\/Nito-Mestre-4-scaled.jpg?resize=1363%2C2048 1363w, https:\/\/i0.wp.com\/elterritorialweb.com.ar\/web\/wp-content\/uploads\/2022\/06\/Nito-Mestre-4-scaled.jpg?resize=1024%2C1539 1024w, https:\/\/i0.wp.com\/elterritorialweb.com.ar\/web\/wp-content\/uploads\/2022\/06\/Nito-Mestre-4-scaled.jpg?w=1703 1703w, https:\/\/i0.wp.com\/elterritorialweb.com.ar\/web\/wp-content\/uploads\/2022\/06\/Nito-Mestre-4-scaled.jpg?w=1280 1280w\" data-sizes=\"(max-width: 640px) 100vw, 640px\" src=\"data:image\/svg+xml;base64,PHN2ZyB3aWR0aD0iMSIgaGVpZ2h0PSIxIiB4bWxucz0iaHR0cDovL3d3dy53My5vcmcvMjAwMC9zdmciPjwvc3ZnPg==\" style=\"--smush-placeholder-width: 640px; --smush-placeholder-aspect-ratio: 640\/962;\" \/><\/a><\/figure>\n\n\n\n<p><strong>Una vida en canciones<\/strong><\/p>\n\n\n\n<p>NITO MESTRE se inici\u00f3 en la m\u00fasica en los \u00faltimos a\u00f1os de sus estudios secundarios cuando junto a Charly Garc\u00eda decidieron formar el d\u00fao&nbsp;<strong><em>Sui Generis<\/em><\/strong>, que sin dudas marc\u00f3 un hito en la m\u00fasica popular de habla hispana.<\/p>\n\n\n\n<p>Con 8 (ocho) discos editados (4 en estudio y 4 en vivo) e infinidad de shows en vivo, Nito se convirti\u00f3 en una estrella y en referencia musical y de identificaci\u00f3n de la utop\u00eda perseguida y deseada por los j\u00f3venes de toda Latinoam\u00e9rica a mediados de los a\u00f1os 70, mostr\u00e1ndoles que pod\u00edan so\u00f1ar lo que quisieran hacer y ser y que todo era posible.<\/p>\n\n\n\n<p>Disuelto Sui Generis, y habiendo editado un \u00e1lbum con el grupo&nbsp;<strong><em>Porsuigieco<\/em><\/strong>&nbsp;(integrado junto a Charly Garc\u00eda, Ra\u00fal Porchetto y Le\u00f3n Gieco, donde NITO aporta su composici\u00f3n titulada \u201cFusia\u201d) con dos m\u00edticos conciertos ante m\u00e1s de 24.000 personas en una sola noche (del cual se grabaron 3 discos en vivo y se film\u00f3 una pel\u00edcula) NITO lider\u00f3 una banda que dio en llamar&nbsp;<strong><em>Nito Mestre y los Desconocidos de Siempre<\/em><\/strong>&nbsp;con el cual grab\u00f3, durante 4 a\u00f1os, 3 discos convirtiendo en rotundos \u00e9xitos canciones de su autor\u00eda como \u201cY Las Aves Vuelan\u201d, \u201cAlgo me Aleja, Algo Me Acerca\u201d, \u201cFabricante de Mentiras\u201d y \u201cUn Saludo al Mar\u201d entre muchos otros.<\/p>\n\n\n\n<p>A partir de 1981 comienza Nito su carrera solista, donde se concentra en la composici\u00f3n y escritura, simplemente rasgueando su guitarra o tocando el piano, a la b\u00fasqueda de esa melod\u00eda, enfoc\u00e1ndose en recorrer el misterio de la inspiraci\u00f3n y volcando la misma en canciones argumentales que provengan de la vida y de lo que experimenta y observa.<\/p>\n\n\n\n<p>Mestre tiene once discos como solista en los cuales registra 2 (dos) \u00e1lbumes en vivo y una colecci\u00f3n inmensa de \u00e9xitos tales como \u201cHoy Tire Viejas Hojas\u201d, \u201cDistinto Tiempo\u201d, \u201cComo Aliento de Mi Vida\u201d, \u201cTocando el Cielo\u201d, \u201cBallenas\u201d, El Juego de los vivos y los tontos\u201d, \u201cTe Adoro Desesperaci\u00f3n\u201d, \u201cHay formas de llegar\u201d, \u201cFlores en el mar\u201d y \u201cTrip de Agosto\u201d, entre otros.<\/p>\n","protected":false},"excerpt":{"rendered":"<p>Por primera vez en su carrera, el artista clave del rock argentino recorrer\u00e1 su historia musical a trav\u00e9s de sus \u00e9xitos de toda su vida.<\/p>\n","protected":false},"author":2,"featured_media":41308,"comment_status":"open","ping_status":"open","sticky":false,"template":"","format":"standard","meta":{"om_disable_all_campaigns":false,"_monsterinsights_skip_tracking":false,"_monsterinsights_sitenote_active":false,"_monsterinsights_sitenote_note":"","_monsterinsights_sitenote_category":0,"_uf_show_specific_survey":0,"_uf_disable_surveys":false,"jetpack_post_was_ever_published":false,"_jetpack_newsletter_access":"","_jetpack_dont_email_post_to_subs":false,"_jetpack_newsletter_tier_id":0,"_jetpack_memberships_contains_paywalled_content":false,"_jetpack_memberships_contains_paid_content":false,"footnotes":"","jetpack_publicize_message":"","jetpack_publicize_feature_enabled":true,"jetpack_social_post_already_shared":false,"jetpack_social_options":{"image_generator_settings":{"template":"highway","default_image_id":0,"font":"","enabled":false},"version":2}},"categories":[20],"tags":[],"class_list":["post-41307","post","type-post","status-publish","format-standard","has-post-thumbnail","hentry","category-especysociales"],"aioseo_notices":[],"views":11,"jetpack_publicize_connections":[],"jetpack_featured_media_url":"https:\/\/i0.wp.com\/elterritorialweb.com.ar\/web\/wp-content\/uploads\/2022\/06\/Nito-Mestre-2-scaled.jpg?fit=2560%2C1703","jetpack_sharing_enabled":true,"_links":{"self":[{"href":"http:\/\/elterritorialweb.com.ar\/web\/wp-json\/wp\/v2\/posts\/41307","targetHints":{"allow":["GET"]}}],"collection":[{"href":"http:\/\/elterritorialweb.com.ar\/web\/wp-json\/wp\/v2\/posts"}],"about":[{"href":"http:\/\/elterritorialweb.com.ar\/web\/wp-json\/wp\/v2\/types\/post"}],"author":[{"embeddable":true,"href":"http:\/\/elterritorialweb.com.ar\/web\/wp-json\/wp\/v2\/users\/2"}],"replies":[{"embeddable":true,"href":"http:\/\/elterritorialweb.com.ar\/web\/wp-json\/wp\/v2\/comments?post=41307"}],"version-history":[{"count":2,"href":"http:\/\/elterritorialweb.com.ar\/web\/wp-json\/wp\/v2\/posts\/41307\/revisions"}],"predecessor-version":[{"id":41312,"href":"http:\/\/elterritorialweb.com.ar\/web\/wp-json\/wp\/v2\/posts\/41307\/revisions\/41312"}],"wp:featuredmedia":[{"embeddable":true,"href":"http:\/\/elterritorialweb.com.ar\/web\/wp-json\/wp\/v2\/media\/41308"}],"wp:attachment":[{"href":"http:\/\/elterritorialweb.com.ar\/web\/wp-json\/wp\/v2\/media?parent=41307"}],"wp:term":[{"taxonomy":"category","embeddable":true,"href":"http:\/\/elterritorialweb.com.ar\/web\/wp-json\/wp\/v2\/categories?post=41307"},{"taxonomy":"post_tag","embeddable":true,"href":"http:\/\/elterritorialweb.com.ar\/web\/wp-json\/wp\/v2\/tags?post=41307"}],"curies":[{"name":"wp","href":"https:\/\/api.w.org\/{rel}","templated":true}]}}