{"id":41339,"date":"2022-06-19T01:28:37","date_gmt":"2022-06-19T01:28:37","guid":{"rendered":"http:\/\/elterritorialweb.com.ar\/web\/?p=41339"},"modified":"2022-06-19T23:42:14","modified_gmt":"2022-06-19T23:42:14","slug":"las-termas-de-rio-hondo-se-consolido-este-fin-de-semana-como-el-destino-turistico-mas-elegido-del-pais","status":"publish","type":"post","link":"http:\/\/elterritorialweb.com.ar\/web\/las-termas-de-rio-hondo-se-consolido-este-fin-de-semana-como-el-destino-turistico-mas-elegido-del-pais\/","title":{"rendered":"TERMAS DE R\u00cdO HONDO, LA ELEGIDA POR LOS TURISTAS"},"content":{"rendered":"\n<p>En coincidencia con la posici\u00f3n del Norte Argentino, que es l\u00edder en la intenci\u00f3n de viaje para quienes se proponen recorrer el pa\u00eds en lo que resta del 2022, Las Termas de R\u00edo Hondo se trep\u00f3 a la cima del top nacional de destinos elegidos durante este fin de semana largo,&nbsp; de acuerdo a las proyecciones que arrojan los relevamientos de reservas y alojamientos.<\/p>\n\n\n\n<p>La regi\u00f3n Norte (Jujuy, Salta, La Rioja, Catamarca, Santiago del Estero y Tucum\u00e1n) se ubic\u00f3 como el destino tur\u00edstico preferido de los argentinos para lo que resta del a\u00f1o, seg\u00fan los resultados de una encuesta difundida por el Observatorio Argentino de Turismo.<\/p>\n\n\n\n<p>La Patagonia, Cuyo, C\u00f3rdoba y el Litoral se posicionaron a continuaci\u00f3n entre las regiones m\u00e1s elegidas.&nbsp;&nbsp;<\/p>\n\n\n\n<p>Al respecto, el subsecretario de Turismo de Santiago del Estero y vicepresidente del Ente Norte, Prof. Nelson Bravo, destac\u00f3: \u201cLos \u00edndices de ocupaci\u00f3n que venimos sosteniendo desde principio de a\u00f1o y se confirman con estos \u00faltimos. No son suerte ni casualidad, es fruto de un trabajo sostenido, constante y comprometido desde hace tiempo. Un trabajo mancomunado entre el sector p\u00fablico, privado y acad\u00e9mico. Los buenos n\u00fameros de hoy son el resultado de mucho trabajo\u201d.<\/p>\n\n\n\n<p>Resalt\u00f3 tambi\u00e9n que \u201cen Santiago del Estero el turismo es pol\u00edtica de estado desde la primera gesti\u00f3n del gobernador Gerardo Zamora, eso significa que el rol del Estado est\u00e1 muy presente incentivando al sector privado, para que desarrolle la actividad y genere ganancias y beneficios. No solo para los empresarios, tambi\u00e9n para los trabajadores en relaci\u00f3n de dependencia, los independientes, emprendedores, artistas, etc\u201d.<\/p>\n\n\n\n<figure class=\"wp-block-image size-full\"><a href=\"https:\/\/i0.wp.com\/elterritorialweb.com.ar\/web\/wp-content\/uploads\/2022\/06\/TERMAS.jpeg\"><img data-recalc-dims=\"1\" decoding=\"async\" width=\"640\" height=\"474\" data-src=\"https:\/\/i0.wp.com\/elterritorialweb.com.ar\/web\/wp-content\/uploads\/2022\/06\/TERMAS.jpeg?resize=640%2C474\" alt=\"\" class=\"wp-image-41341 lazyload\" data-srcset=\"https:\/\/i0.wp.com\/elterritorialweb.com.ar\/web\/wp-content\/uploads\/2022\/06\/TERMAS.jpeg?w=965 965w, https:\/\/i0.wp.com\/elterritorialweb.com.ar\/web\/wp-content\/uploads\/2022\/06\/TERMAS.jpeg?resize=300%2C222 300w, https:\/\/i0.wp.com\/elterritorialweb.com.ar\/web\/wp-content\/uploads\/2022\/06\/TERMAS.jpeg?resize=768%2C568 768w\" data-sizes=\"(max-width: 640px) 100vw, 640px\" src=\"data:image\/svg+xml;base64,PHN2ZyB3aWR0aD0iMSIgaGVpZ2h0PSIxIiB4bWxucz0iaHR0cDovL3d3dy53My5vcmcvMjAwMC9zdmciPjwvc3ZnPg==\" style=\"--smush-placeholder-width: 640px; --smush-placeholder-aspect-ratio: 640\/474;\" \/><\/a><\/figure>\n\n\n\n<p>\u201cSe puede decir que con el turismo nos beneficiamos todos y esa fue siempre la visi\u00f3n del Gobierno de la provincia\u201d, agreg\u00f3.<\/p>\n\n\n\n<p>Por otro lado, se refiri\u00f3 a la situaci\u00f3n de la Regi\u00f3n Norte. \u201cEn la regi\u00f3n tambi\u00e9n estamos haciendo algo parecido, tenemos mucha coacci\u00f3n y trabajo mancomunado, nos estamos presentando como una regi\u00f3n multidestino en los mercados internacionales, fuimos la primera regi\u00f3n que trabaj\u00f3 duro para abrir el turismo cuando la pandemia manten\u00eda cerrado todos los destinos. La verdad que estamos c\u00f3modos trabajando\u201d, dijo.<\/p>\n\n\n\n<p>Finalmente, record\u00f3 que \u201cel trabajo en equipo donde las diferentes provincias trabajan para su beneficio propio y acompa\u00f1ando al destino vecino es realmente muy gratificante. Que el Norte Argentino se posicione como la regi\u00f3n m\u00e1s elegida del pa\u00eds es el resultado de mucho trabajo en equipo\u201d.<\/p>\n\n\n\n<p><\/p>\n","protected":false},"excerpt":{"rendered":"<p>Los datos recabados indican que Las Termas lidera este ranking con algo m\u00e1s del 95%  de ocupaci\u00f3n.<\/p>\n","protected":false},"author":2,"featured_media":41340,"comment_status":"open","ping_status":"open","sticky":false,"template":"","format":"standard","meta":{"om_disable_all_campaigns":false,"_monsterinsights_skip_tracking":false,"_monsterinsights_sitenote_active":false,"_monsterinsights_sitenote_note":"","_monsterinsights_sitenote_category":0,"_uf_show_specific_survey":0,"_uf_disable_surveys":false,"jetpack_post_was_ever_published":false,"_jetpack_newsletter_access":"","_jetpack_dont_email_post_to_subs":false,"_jetpack_newsletter_tier_id":0,"_jetpack_memberships_contains_paywalled_content":false,"_jetpack_memberships_contains_paid_content":false,"footnotes":"","jetpack_publicize_message":"","jetpack_publicize_feature_enabled":true,"jetpack_social_post_already_shared":false,"jetpack_social_options":{"image_generator_settings":{"template":"highway","default_image_id":0,"font":"","enabled":false},"version":2}},"categories":[4,29],"tags":[],"class_list":["post-41339","post","type-post","status-publish","format-standard","has-post-thumbnail","hentry","category-destacadas","category-turismo"],"aioseo_notices":[],"views":10,"jetpack_publicize_connections":[],"jetpack_featured_media_url":"https:\/\/i0.wp.com\/elterritorialweb.com.ar\/web\/wp-content\/uploads\/2022\/06\/TERMS.jpeg?fit=1030%2C619","jetpack_sharing_enabled":true,"_links":{"self":[{"href":"http:\/\/elterritorialweb.com.ar\/web\/wp-json\/wp\/v2\/posts\/41339","targetHints":{"allow":["GET"]}}],"collection":[{"href":"http:\/\/elterritorialweb.com.ar\/web\/wp-json\/wp\/v2\/posts"}],"about":[{"href":"http:\/\/elterritorialweb.com.ar\/web\/wp-json\/wp\/v2\/types\/post"}],"author":[{"embeddable":true,"href":"http:\/\/elterritorialweb.com.ar\/web\/wp-json\/wp\/v2\/users\/2"}],"replies":[{"embeddable":true,"href":"http:\/\/elterritorialweb.com.ar\/web\/wp-json\/wp\/v2\/comments?post=41339"}],"version-history":[{"count":3,"href":"http:\/\/elterritorialweb.com.ar\/web\/wp-json\/wp\/v2\/posts\/41339\/revisions"}],"predecessor-version":[{"id":41346,"href":"http:\/\/elterritorialweb.com.ar\/web\/wp-json\/wp\/v2\/posts\/41339\/revisions\/41346"}],"wp:featuredmedia":[{"embeddable":true,"href":"http:\/\/elterritorialweb.com.ar\/web\/wp-json\/wp\/v2\/media\/41340"}],"wp:attachment":[{"href":"http:\/\/elterritorialweb.com.ar\/web\/wp-json\/wp\/v2\/media?parent=41339"}],"wp:term":[{"taxonomy":"category","embeddable":true,"href":"http:\/\/elterritorialweb.com.ar\/web\/wp-json\/wp\/v2\/categories?post=41339"},{"taxonomy":"post_tag","embeddable":true,"href":"http:\/\/elterritorialweb.com.ar\/web\/wp-json\/wp\/v2\/tags?post=41339"}],"curies":[{"name":"wp","href":"https:\/\/api.w.org\/{rel}","templated":true}]}}