{"id":41347,"date":"2022-06-19T23:05:03","date_gmt":"2022-06-19T23:05:03","guid":{"rendered":"http:\/\/elterritorialweb.com.ar\/web\/?p=41347"},"modified":"2022-06-19T23:41:57","modified_gmt":"2022-06-19T23:41:57","slug":"se-reportaron-28-039-nuevos-casos-de-coronavirus-en-la-ultima-semana-en-argentina","status":"publish","type":"post","link":"http:\/\/elterritorialweb.com.ar\/web\/se-reportaron-28-039-nuevos-casos-de-coronavirus-en-la-ultima-semana-en-argentina\/","title":{"rendered":"SE REPORTARON 28.039 NUEVOS CASOS DE CORONAVIRUS EN LA \u00daLTIMA SEMANA EN ARGENTINA"},"content":{"rendered":"\n<p>El Ministerio de Salud report\u00f3 este domingo&nbsp;<strong>22 muertes por coronavirus y 28.039 contagios en la \u00faltima semana<\/strong>&nbsp;en la Argentina, lo que representa un 23,8% menos de casos que el domingo pasado (36.835).<\/p>\n\n\n\n<p>De esta manera, suman 129.016 los fallecidos registrados oficialmente a nivel nacional y 9.341.492 los contagiados desde el inicio de la pandemia.<\/p>\n\n\n\n<p>Durante la \u00faltima semana murieron 11 personas en Buenos Aires, 3 en C\u00f3rdoba, 3 en Entre R\u00edos, 2 en La Pampa, 1 en San Luis, y 2 en Tierra del Fuego.<\/p>\n\n\n\n<p>Seg\u00fan el Monitor P\u00fablico de Vacunaci\u00f3n, el total de dosis aplicadas asciende a 104.915.359, de los cuales 40.825.589 recibieron una dosis, 37.561.037 las dos, 3.084.739 una adicional y 23.474.567 una de refuerzo, mientras que las vacunas distribuidas a las jurisdicciones llegan a 112.369.242 y las donadas a 5.083.000.<\/p>\n","protected":false},"excerpt":{"rendered":"<p>La cartera sanitaria indic\u00f3 que son 367 los internados con Covid-19 en unidades de terapia intensiva, con un porcentaje de ocupaci\u00f3n de camas de adultos en el sector p\u00fablico y privado, para todas las patolog\u00edas, de 43,4% en el pa\u00eds.<\/p>\n","protected":false},"author":2,"featured_media":41348,"comment_status":"open","ping_status":"open","sticky":false,"template":"","format":"standard","meta":{"om_disable_all_campaigns":false,"_monsterinsights_skip_tracking":false,"_monsterinsights_sitenote_active":false,"_monsterinsights_sitenote_note":"","_monsterinsights_sitenote_category":0,"_uf_show_specific_survey":0,"_uf_disable_surveys":false,"jetpack_post_was_ever_published":false,"_jetpack_newsletter_access":"","_jetpack_dont_email_post_to_subs":false,"_jetpack_newsletter_tier_id":0,"_jetpack_memberships_contains_paywalled_content":false,"_jetpack_memberships_contains_paid_content":false,"footnotes":"","jetpack_publicize_message":"","jetpack_publicize_feature_enabled":true,"jetpack_social_post_already_shared":false,"jetpack_social_options":{"image_generator_settings":{"template":"highway","default_image_id":0,"font":"","enabled":false},"version":2}},"categories":[4,3],"tags":[],"class_list":["post-41347","post","type-post","status-publish","format-standard","has-post-thumbnail","hentry","category-destacadas","category-salud"],"aioseo_notices":[],"views":7,"jetpack_publicize_connections":[],"jetpack_featured_media_url":"https:\/\/i0.wp.com\/elterritorialweb.com.ar\/web\/wp-content\/uploads\/2022\/06\/REPORTE-DIARIO-20-DE-JUNIO.jpg?fit=1040%2C780","jetpack_sharing_enabled":true,"_links":{"self":[{"href":"http:\/\/elterritorialweb.com.ar\/web\/wp-json\/wp\/v2\/posts\/41347","targetHints":{"allow":["GET"]}}],"collection":[{"href":"http:\/\/elterritorialweb.com.ar\/web\/wp-json\/wp\/v2\/posts"}],"about":[{"href":"http:\/\/elterritorialweb.com.ar\/web\/wp-json\/wp\/v2\/types\/post"}],"author":[{"embeddable":true,"href":"http:\/\/elterritorialweb.com.ar\/web\/wp-json\/wp\/v2\/users\/2"}],"replies":[{"embeddable":true,"href":"http:\/\/elterritorialweb.com.ar\/web\/wp-json\/wp\/v2\/comments?post=41347"}],"version-history":[{"count":1,"href":"http:\/\/elterritorialweb.com.ar\/web\/wp-json\/wp\/v2\/posts\/41347\/revisions"}],"predecessor-version":[{"id":41349,"href":"http:\/\/elterritorialweb.com.ar\/web\/wp-json\/wp\/v2\/posts\/41347\/revisions\/41349"}],"wp:featuredmedia":[{"embeddable":true,"href":"http:\/\/elterritorialweb.com.ar\/web\/wp-json\/wp\/v2\/media\/41348"}],"wp:attachment":[{"href":"http:\/\/elterritorialweb.com.ar\/web\/wp-json\/wp\/v2\/media?parent=41347"}],"wp:term":[{"taxonomy":"category","embeddable":true,"href":"http:\/\/elterritorialweb.com.ar\/web\/wp-json\/wp\/v2\/categories?post=41347"},{"taxonomy":"post_tag","embeddable":true,"href":"http:\/\/elterritorialweb.com.ar\/web\/wp-json\/wp\/v2\/tags?post=41347"}],"curies":[{"name":"wp","href":"https:\/\/api.w.org\/{rel}","templated":true}]}}