{"id":41375,"date":"2022-06-20T01:49:37","date_gmt":"2022-06-20T01:49:37","guid":{"rendered":"http:\/\/elterritorialweb.com.ar\/web\/?p=41375"},"modified":"2022-06-20T01:49:37","modified_gmt":"2022-06-20T01:49:37","slug":"funcionarios-de-la-capital-participaron-de-una-misa-por-el-dia-del-padre","status":"publish","type":"post","link":"http:\/\/elterritorialweb.com.ar\/web\/funcionarios-de-la-capital-participaron-de-una-misa-por-el-dia-del-padre\/","title":{"rendered":"FUNCIONARIOS DE LA CAPITAL PARTICIPARON DE UNA MISA POR EL D\u00cdA DEL PADRE"},"content":{"rendered":"\n<p>Luego, los secretarios de Gobierno y de Planeamiento, Obras y Servicios P\u00fablicos, N\u00e9stor Machado y Jorge Vila, respectivamente, acompa\u00f1ados por directores de distintas \u00e1reas se trasladaron hasta la imagen del Cristo en el pasillo central de la necr\u00f3polis, donde colocaron una ofrenda floral por los padres fallecidos.<\/p>\n\n\n\n<p>La misa fue celebrada por el p\u00e1rroco Alejandro Gordillo, quien en su oraci\u00f3n pidi\u00f3: \u201cHagamos memoria de los padres con gratitud y bendici\u00f3n por los que a\u00fan peregrinan por esta tierra junto a sus familias e hijos\u00bb.<\/p>\n\n\n\n<p>Asimismo, durante la jornada del domingo la Municipalidad despleg\u00f3 un importante operativo en los alrededores y en el interior del cementerio para organizar el desplazamiento de las personas y de los automovilistas. Adem\u00e1s se instal\u00f3 un puesto de sanitizaci\u00f3n, se hizo un mantenimiento de la limpieza, entre otros trabajos.<\/p>\n","protected":false},"excerpt":{"rendered":"<p>Funcionarios de la Capital participaron de la ceremonia religiosa que se realiz\u00f3 en la capilla del Cementerio \u201cLa Piedad\u201d para homenajear a los padres en su d\u00eda.<\/p>\n","protected":false},"author":2,"featured_media":41376,"comment_status":"open","ping_status":"open","sticky":false,"template":"","format":"standard","meta":{"om_disable_all_campaigns":false,"_monsterinsights_skip_tracking":false,"_monsterinsights_sitenote_active":false,"_monsterinsights_sitenote_note":"","_monsterinsights_sitenote_category":0,"_uf_show_specific_survey":0,"_uf_disable_surveys":false,"jetpack_post_was_ever_published":false,"_jetpack_newsletter_access":"","_jetpack_dont_email_post_to_subs":false,"_jetpack_newsletter_tier_id":0,"_jetpack_memberships_contains_paywalled_content":false,"_jetpack_memberships_contains_paid_content":false,"footnotes":"","jetpack_publicize_message":"","jetpack_publicize_feature_enabled":true,"jetpack_social_post_already_shared":false,"jetpack_social_options":{"image_generator_settings":{"template":"highway","default_image_id":0,"font":"","enabled":false},"version":2}},"categories":[21],"tags":[],"class_list":["post-41375","post","type-post","status-publish","format-standard","has-post-thumbnail","hentry","category-locales"],"aioseo_notices":[],"views":8,"jetpack_publicize_connections":[],"jetpack_featured_media_url":"https:\/\/i0.wp.com\/elterritorialweb.com.ar\/web\/wp-content\/uploads\/2022\/06\/misa-dia-del-padre.jpeg?fit=1280%2C804","jetpack_sharing_enabled":true,"_links":{"self":[{"href":"http:\/\/elterritorialweb.com.ar\/web\/wp-json\/wp\/v2\/posts\/41375","targetHints":{"allow":["GET"]}}],"collection":[{"href":"http:\/\/elterritorialweb.com.ar\/web\/wp-json\/wp\/v2\/posts"}],"about":[{"href":"http:\/\/elterritorialweb.com.ar\/web\/wp-json\/wp\/v2\/types\/post"}],"author":[{"embeddable":true,"href":"http:\/\/elterritorialweb.com.ar\/web\/wp-json\/wp\/v2\/users\/2"}],"replies":[{"embeddable":true,"href":"http:\/\/elterritorialweb.com.ar\/web\/wp-json\/wp\/v2\/comments?post=41375"}],"version-history":[{"count":1,"href":"http:\/\/elterritorialweb.com.ar\/web\/wp-json\/wp\/v2\/posts\/41375\/revisions"}],"predecessor-version":[{"id":41377,"href":"http:\/\/elterritorialweb.com.ar\/web\/wp-json\/wp\/v2\/posts\/41375\/revisions\/41377"}],"wp:featuredmedia":[{"embeddable":true,"href":"http:\/\/elterritorialweb.com.ar\/web\/wp-json\/wp\/v2\/media\/41376"}],"wp:attachment":[{"href":"http:\/\/elterritorialweb.com.ar\/web\/wp-json\/wp\/v2\/media?parent=41375"}],"wp:term":[{"taxonomy":"category","embeddable":true,"href":"http:\/\/elterritorialweb.com.ar\/web\/wp-json\/wp\/v2\/categories?post=41375"},{"taxonomy":"post_tag","embeddable":true,"href":"http:\/\/elterritorialweb.com.ar\/web\/wp-json\/wp\/v2\/tags?post=41375"}],"curies":[{"name":"wp","href":"https:\/\/api.w.org\/{rel}","templated":true}]}}