{"id":41378,"date":"2022-06-20T02:42:03","date_gmt":"2022-06-20T02:42:03","guid":{"rendered":"http:\/\/elterritorialweb.com.ar\/web\/?p=41378"},"modified":"2022-06-20T02:42:04","modified_gmt":"2022-06-20T02:42:04","slug":"boca-le-gano-a-barracas-y-es-lider-de-la-liga-profesional","status":"publish","type":"post","link":"http:\/\/elterritorialweb.com.ar\/web\/boca-le-gano-a-barracas-y-es-lider-de-la-liga-profesional\/","title":{"rendered":"BOCA LE GAN\u00d3 A BARRACAS Y ES LIDER DE LA LIGA PROFESIONAL"},"content":{"rendered":"\n<p><strong>Boca<\/strong>\u00a0sigue su senda ganadora. El Xeneize fue de menor a mayor y consigui\u00f3 una valiosa victoria por 3-1 ante\u00a0<strong>Barracas Central<\/strong>\u00a0en condici\u00f3n de visitante, en un duelo correspondiente a la fecha 4 de la\u00a0<strong>Liga Profesional<\/strong>. As\u00ed, se coloc\u00f3 de manera transitoria como l\u00edder de la tabla de posiciones.<\/p>\n\n\n\n<figure class=\"wp-block-image size-large\"><a href=\"https:\/\/i0.wp.com\/elterritorialweb.com.ar\/web\/wp-content\/uploads\/2022\/06\/BOCA-scaled.jpg\"><img data-recalc-dims=\"1\" decoding=\"async\" width=\"640\" height=\"441\" data-src=\"https:\/\/i0.wp.com\/elterritorialweb.com.ar\/web\/wp-content\/uploads\/2022\/06\/BOCA.jpg?resize=640%2C441\" alt=\"\" class=\"wp-image-41379 lazyload\" data-srcset=\"https:\/\/i0.wp.com\/elterritorialweb.com.ar\/web\/wp-content\/uploads\/2022\/06\/BOCA-scaled.jpg?resize=1024%2C705 1024w, https:\/\/i0.wp.com\/elterritorialweb.com.ar\/web\/wp-content\/uploads\/2022\/06\/BOCA-scaled.jpg?resize=300%2C207 300w, https:\/\/i0.wp.com\/elterritorialweb.com.ar\/web\/wp-content\/uploads\/2022\/06\/BOCA-scaled.jpg?resize=768%2C529 768w, https:\/\/i0.wp.com\/elterritorialweb.com.ar\/web\/wp-content\/uploads\/2022\/06\/BOCA-scaled.jpg?resize=1536%2C1058 1536w, https:\/\/i0.wp.com\/elterritorialweb.com.ar\/web\/wp-content\/uploads\/2022\/06\/BOCA-scaled.jpg?resize=2048%2C1411 2048w, https:\/\/i0.wp.com\/elterritorialweb.com.ar\/web\/wp-content\/uploads\/2022\/06\/BOCA-scaled.jpg?w=1280 1280w, https:\/\/i0.wp.com\/elterritorialweb.com.ar\/web\/wp-content\/uploads\/2022\/06\/BOCA-scaled.jpg?w=1920 1920w\" data-sizes=\"(max-width: 640px) 100vw, 640px\" src=\"data:image\/svg+xml;base64,PHN2ZyB3aWR0aD0iMSIgaGVpZ2h0PSIxIiB4bWxucz0iaHR0cDovL3d3dy53My5vcmcvMjAwMC9zdmciPjwvc3ZnPg==\" style=\"--smush-placeholder-width: 640px; --smush-placeholder-aspect-ratio: 640\/441;\" \/><\/a><\/figure>\n\n\n\n<p>El primer tiempo fue muy trabado y a Boca se le hizo dif\u00edcil encontrar los caminos para lastimar al rival. Fue all\u00ed, cuando entr\u00f3 en escena<strong>\u00a0Sebasti\u00e1n Villa<\/strong>\u00a0y abri\u00f3 el marcador con\u00a0un gran gol desde fuera del \u00e1rea. Sin embargo, el local logr\u00f3 igualar antes de irse al descanso gracias a un tanto de cabeza de Neri Bandiera.<\/p>\n\n\n\n<figure class=\"wp-block-image size-large\"><a href=\"https:\/\/i0.wp.com\/elterritorialweb.com.ar\/web\/wp-content\/uploads\/2022\/06\/VILLA-scaled.jpg\"><img data-recalc-dims=\"1\" decoding=\"async\" width=\"640\" height=\"434\" data-src=\"https:\/\/i0.wp.com\/elterritorialweb.com.ar\/web\/wp-content\/uploads\/2022\/06\/VILLA.jpg?resize=640%2C434\" alt=\"\" class=\"wp-image-41381 lazyload\" data-srcset=\"https:\/\/i0.wp.com\/elterritorialweb.com.ar\/web\/wp-content\/uploads\/2022\/06\/VILLA-scaled.jpg?resize=1024%2C695 1024w, https:\/\/i0.wp.com\/elterritorialweb.com.ar\/web\/wp-content\/uploads\/2022\/06\/VILLA-scaled.jpg?resize=300%2C204 300w, https:\/\/i0.wp.com\/elterritorialweb.com.ar\/web\/wp-content\/uploads\/2022\/06\/VILLA-scaled.jpg?resize=768%2C521 768w, https:\/\/i0.wp.com\/elterritorialweb.com.ar\/web\/wp-content\/uploads\/2022\/06\/VILLA-scaled.jpg?resize=1536%2C1042 1536w, https:\/\/i0.wp.com\/elterritorialweb.com.ar\/web\/wp-content\/uploads\/2022\/06\/VILLA-scaled.jpg?resize=2048%2C1390 2048w, https:\/\/i0.wp.com\/elterritorialweb.com.ar\/web\/wp-content\/uploads\/2022\/06\/VILLA-scaled.jpg?w=1280 1280w, https:\/\/i0.wp.com\/elterritorialweb.com.ar\/web\/wp-content\/uploads\/2022\/06\/VILLA-scaled.jpg?w=1920 1920w\" data-sizes=\"(max-width: 640px) 100vw, 640px\" src=\"data:image\/svg+xml;base64,PHN2ZyB3aWR0aD0iMSIgaGVpZ2h0PSIxIiB4bWxucz0iaHR0cDovL3d3dy53My5vcmcvMjAwMC9zdmciPjwvc3ZnPg==\" style=\"--smush-placeholder-width: 640px; --smush-placeholder-aspect-ratio: 640\/434;\" \/><\/a><\/figure>\n\n\n\n<p>Ya en la segunda etapa, Boca logr\u00f3 imponer su juego y plasmar esa diferencia en el marcador. Pol Fern\u00e1ndez, luego de una buena jugada entre Villa y Frank Fabra, marc\u00f3 el segundo y el Changuito Zeballos sentenci\u00f3 el 3-1 final.<\/p>\n\n\n\n<figure class=\"wp-block-image size-large\"><a href=\"https:\/\/i0.wp.com\/elterritorialweb.com.ar\/web\/wp-content\/uploads\/2022\/06\/BOCA-2.jpg\"><img data-recalc-dims=\"1\" decoding=\"async\" width=\"640\" height=\"502\" data-src=\"https:\/\/i0.wp.com\/elterritorialweb.com.ar\/web\/wp-content\/uploads\/2022\/06\/BOCA-2.jpg?resize=640%2C502\" alt=\"\" class=\"wp-image-41382 lazyload\" data-srcset=\"https:\/\/i0.wp.com\/elterritorialweb.com.ar\/web\/wp-content\/uploads\/2022\/06\/BOCA-2.jpg?resize=1024%2C803 1024w, https:\/\/i0.wp.com\/elterritorialweb.com.ar\/web\/wp-content\/uploads\/2022\/06\/BOCA-2.jpg?resize=300%2C235 300w, https:\/\/i0.wp.com\/elterritorialweb.com.ar\/web\/wp-content\/uploads\/2022\/06\/BOCA-2.jpg?resize=768%2C602 768w, https:\/\/i0.wp.com\/elterritorialweb.com.ar\/web\/wp-content\/uploads\/2022\/06\/BOCA-2.jpg?resize=1536%2C1204 1536w, https:\/\/i0.wp.com\/elterritorialweb.com.ar\/web\/wp-content\/uploads\/2022\/06\/BOCA-2.jpg?resize=2048%2C1606 2048w, https:\/\/i0.wp.com\/elterritorialweb.com.ar\/web\/wp-content\/uploads\/2022\/06\/BOCA-2.jpg?w=1280 1280w, https:\/\/i0.wp.com\/elterritorialweb.com.ar\/web\/wp-content\/uploads\/2022\/06\/BOCA-2.jpg?w=1920 1920w\" data-sizes=\"(max-width: 640px) 100vw, 640px\" src=\"data:image\/svg+xml;base64,PHN2ZyB3aWR0aD0iMSIgaGVpZ2h0PSIxIiB4bWxucz0iaHR0cDovL3d3dy53My5vcmcvMjAwMC9zdmciPjwvc3ZnPg==\" style=\"--smush-placeholder-width: 640px; --smush-placeholder-aspect-ratio: 640\/502;\" \/><\/a><\/figure>\n\n\n\n<p>Con este resultado,\u00a0<strong>Boca lleg\u00f3 a los nueve puntos<\/strong>\u00a0y se ubica en la cima de la Liga Profesional. Sin embargo, el lunes podr\u00eda ser superado por Estudiantes, Newell\u2019s o Platense, todos con 7 unidades y un duelo pendiente.<\/p>\n\n\n\n<figure class=\"wp-block-image size-large\"><a href=\"https:\/\/i0.wp.com\/elterritorialweb.com.ar\/web\/wp-content\/uploads\/2022\/06\/BOCA-3-scaled.jpg\"><img data-recalc-dims=\"1\" decoding=\"async\" width=\"640\" height=\"429\" data-src=\"https:\/\/i0.wp.com\/elterritorialweb.com.ar\/web\/wp-content\/uploads\/2022\/06\/BOCA-3.jpg?resize=640%2C429\" alt=\"\" class=\"wp-image-41383 lazyload\" data-srcset=\"https:\/\/i0.wp.com\/elterritorialweb.com.ar\/web\/wp-content\/uploads\/2022\/06\/BOCA-3-scaled.jpg?resize=1024%2C687 1024w, https:\/\/i0.wp.com\/elterritorialweb.com.ar\/web\/wp-content\/uploads\/2022\/06\/BOCA-3-scaled.jpg?resize=300%2C201 300w, https:\/\/i0.wp.com\/elterritorialweb.com.ar\/web\/wp-content\/uploads\/2022\/06\/BOCA-3-scaled.jpg?resize=768%2C516 768w, https:\/\/i0.wp.com\/elterritorialweb.com.ar\/web\/wp-content\/uploads\/2022\/06\/BOCA-3-scaled.jpg?resize=1536%2C1031 1536w, https:\/\/i0.wp.com\/elterritorialweb.com.ar\/web\/wp-content\/uploads\/2022\/06\/BOCA-3-scaled.jpg?resize=2048%2C1375 2048w, https:\/\/i0.wp.com\/elterritorialweb.com.ar\/web\/wp-content\/uploads\/2022\/06\/BOCA-3-scaled.jpg?w=1280 1280w, https:\/\/i0.wp.com\/elterritorialweb.com.ar\/web\/wp-content\/uploads\/2022\/06\/BOCA-3-scaled.jpg?w=1920 1920w\" data-sizes=\"(max-width: 640px) 100vw, 640px\" src=\"data:image\/svg+xml;base64,PHN2ZyB3aWR0aD0iMSIgaGVpZ2h0PSIxIiB4bWxucz0iaHR0cDovL3d3dy53My5vcmcvMjAwMC9zdmciPjwvc3ZnPg==\" style=\"--smush-placeholder-width: 640px; --smush-placeholder-aspect-ratio: 640\/429;\" \/><\/a><\/figure>\n\n\n\n<p>El juego estaba muy trabado y Boca no encontraba los caminos para anotar frente a Barracas Central. Hasta que apareci\u00f3 Sebasti\u00e1n Villa y con un golazo desde fuera del \u00e1rea puso en ventaja al conjunto de la ribera.<\/p>\n","protected":false},"excerpt":{"rendered":"<p>El Xenieze derrot\u00f3 como visitante al Guapo por 3 a 1, con tantos de Sebasti\u00e1n Villa (41m PT), Guillermo Fern\u00e1ndez (13m ST) y Exequiel Zeballos (23m ST). Mientras que Neri Bandiera (47m PT) hab\u00eda empatado transitoriamente el encuentro. <\/p>\n","protected":false},"author":2,"featured_media":41380,"comment_status":"open","ping_status":"open","sticky":false,"template":"","format":"standard","meta":{"om_disable_all_campaigns":false,"_monsterinsights_skip_tracking":false,"_monsterinsights_sitenote_active":false,"_monsterinsights_sitenote_note":"","_monsterinsights_sitenote_category":0,"_uf_show_specific_survey":0,"_uf_disable_surveys":false,"jetpack_post_was_ever_published":false,"_jetpack_newsletter_access":"","_jetpack_dont_email_post_to_subs":false,"_jetpack_newsletter_tier_id":0,"_jetpack_memberships_contains_paywalled_content":false,"_jetpack_memberships_contains_paid_content":false,"footnotes":"","jetpack_publicize_message":"","jetpack_publicize_feature_enabled":true,"jetpack_social_post_already_shared":false,"jetpack_social_options":{"image_generator_settings":{"template":"highway","default_image_id":0,"font":"","enabled":false},"version":2}},"categories":[6],"tags":[],"class_list":["post-41378","post","type-post","status-publish","format-standard","has-post-thumbnail","hentry","category-deportes"],"aioseo_notices":[],"views":9,"jetpack_publicize_connections":[],"jetpack_featured_media_url":"https:\/\/i0.wp.com\/elterritorialweb.com.ar\/web\/wp-content\/uploads\/2022\/06\/BOCA-1-scaled.jpg?fit=2560%2C1792","jetpack_sharing_enabled":true,"_links":{"self":[{"href":"http:\/\/elterritorialweb.com.ar\/web\/wp-json\/wp\/v2\/posts\/41378","targetHints":{"allow":["GET"]}}],"collection":[{"href":"http:\/\/elterritorialweb.com.ar\/web\/wp-json\/wp\/v2\/posts"}],"about":[{"href":"http:\/\/elterritorialweb.com.ar\/web\/wp-json\/wp\/v2\/types\/post"}],"author":[{"embeddable":true,"href":"http:\/\/elterritorialweb.com.ar\/web\/wp-json\/wp\/v2\/users\/2"}],"replies":[{"embeddable":true,"href":"http:\/\/elterritorialweb.com.ar\/web\/wp-json\/wp\/v2\/comments?post=41378"}],"version-history":[{"count":1,"href":"http:\/\/elterritorialweb.com.ar\/web\/wp-json\/wp\/v2\/posts\/41378\/revisions"}],"predecessor-version":[{"id":41384,"href":"http:\/\/elterritorialweb.com.ar\/web\/wp-json\/wp\/v2\/posts\/41378\/revisions\/41384"}],"wp:featuredmedia":[{"embeddable":true,"href":"http:\/\/elterritorialweb.com.ar\/web\/wp-json\/wp\/v2\/media\/41380"}],"wp:attachment":[{"href":"http:\/\/elterritorialweb.com.ar\/web\/wp-json\/wp\/v2\/media?parent=41378"}],"wp:term":[{"taxonomy":"category","embeddable":true,"href":"http:\/\/elterritorialweb.com.ar\/web\/wp-json\/wp\/v2\/categories?post=41378"},{"taxonomy":"post_tag","embeddable":true,"href":"http:\/\/elterritorialweb.com.ar\/web\/wp-json\/wp\/v2\/tags?post=41378"}],"curies":[{"name":"wp","href":"https:\/\/api.w.org\/{rel}","templated":true}]}}