{"id":41385,"date":"2022-06-20T02:48:50","date_gmt":"2022-06-20T02:48:50","guid":{"rendered":"http:\/\/elterritorialweb.com.ar\/web\/?p=41385"},"modified":"2022-06-20T02:48:50","modified_gmt":"2022-06-20T02:48:50","slug":"este-lunes-feriado-habra-recoleccion-de-residuos-domiciliarios-en-la-capital","status":"publish","type":"post","link":"http:\/\/elterritorialweb.com.ar\/web\/este-lunes-feriado-habra-recoleccion-de-residuos-domiciliarios-en-la-capital\/","title":{"rendered":"ESTE LUNES FERIADO, HABR\u00c1 RECOLECCI\u00d3N DE RESIDUOS DOMICILIARIOS EN LA CAPITAL"},"content":{"rendered":"\n<p>La Municipalidad record\u00f3 a los vecinos que durante el feriado del lunes 20, Por el D\u00eda de la Bandera, la recolecci\u00f3n de residuos domiciliaria se cumplir\u00e1 de manera normal, es decir, cumpliendo con el cronograma de trabajo de los d\u00edas lunes, mi\u00e9rcoles y viernes.<\/p>\n\n\n\n<p>De esta manera, la Municipalidad a trav\u00e9s de su personal del \u00e1rea de Servicios Urbanos, prest\u00f3 el servicio durante el fin de semana extra largo para mantener la higiene de la ciudad, tal como lo hizo el viernes feriado en honor al General Don Mart\u00edn Miguel de G\u00fcemes.<\/p>\n\n\n\n<p>Por lo tanto, este lunes a partir de las 7 horas, en el turno ma\u00f1ana, y desde las 16, en el turno tarde, comenzar\u00e1n los recorridos de los operarios del municipio en todos los barrios de la ciudad para retirar los desechos domiciliarios.<\/p>\n","protected":false},"excerpt":{"rendered":"<p>As\u00ed lo informaron desde la Comuna Capitalina.<\/p>\n","protected":false},"author":2,"featured_media":41386,"comment_status":"open","ping_status":"open","sticky":false,"template":"","format":"standard","meta":{"om_disable_all_campaigns":false,"_monsterinsights_skip_tracking":false,"_monsterinsights_sitenote_active":false,"_monsterinsights_sitenote_note":"","_monsterinsights_sitenote_category":0,"_uf_show_specific_survey":0,"_uf_disable_surveys":false,"jetpack_post_was_ever_published":false,"_jetpack_newsletter_access":"","_jetpack_dont_email_post_to_subs":false,"_jetpack_newsletter_tier_id":0,"_jetpack_memberships_contains_paywalled_content":false,"_jetpack_memberships_contains_paid_content":false,"footnotes":"","jetpack_publicize_message":"","jetpack_publicize_feature_enabled":true,"jetpack_social_post_already_shared":false,"jetpack_social_options":{"image_generator_settings":{"template":"highway","default_image_id":0,"font":"","enabled":false},"version":2}},"categories":[21],"tags":[],"class_list":["post-41385","post","type-post","status-publish","format-standard","has-post-thumbnail","hentry","category-locales"],"aioseo_notices":[],"views":8,"jetpack_publicize_connections":[],"jetpack_featured_media_url":"https:\/\/i0.wp.com\/elterritorialweb.com.ar\/web\/wp-content\/uploads\/2022\/06\/recoleccion-dia-de-la-bandera.jpeg?fit=1280%2C701","jetpack_sharing_enabled":true,"_links":{"self":[{"href":"http:\/\/elterritorialweb.com.ar\/web\/wp-json\/wp\/v2\/posts\/41385","targetHints":{"allow":["GET"]}}],"collection":[{"href":"http:\/\/elterritorialweb.com.ar\/web\/wp-json\/wp\/v2\/posts"}],"about":[{"href":"http:\/\/elterritorialweb.com.ar\/web\/wp-json\/wp\/v2\/types\/post"}],"author":[{"embeddable":true,"href":"http:\/\/elterritorialweb.com.ar\/web\/wp-json\/wp\/v2\/users\/2"}],"replies":[{"embeddable":true,"href":"http:\/\/elterritorialweb.com.ar\/web\/wp-json\/wp\/v2\/comments?post=41385"}],"version-history":[{"count":1,"href":"http:\/\/elterritorialweb.com.ar\/web\/wp-json\/wp\/v2\/posts\/41385\/revisions"}],"predecessor-version":[{"id":41387,"href":"http:\/\/elterritorialweb.com.ar\/web\/wp-json\/wp\/v2\/posts\/41385\/revisions\/41387"}],"wp:featuredmedia":[{"embeddable":true,"href":"http:\/\/elterritorialweb.com.ar\/web\/wp-json\/wp\/v2\/media\/41386"}],"wp:attachment":[{"href":"http:\/\/elterritorialweb.com.ar\/web\/wp-json\/wp\/v2\/media?parent=41385"}],"wp:term":[{"taxonomy":"category","embeddable":true,"href":"http:\/\/elterritorialweb.com.ar\/web\/wp-json\/wp\/v2\/categories?post=41385"},{"taxonomy":"post_tag","embeddable":true,"href":"http:\/\/elterritorialweb.com.ar\/web\/wp-json\/wp\/v2\/tags?post=41385"}],"curies":[{"name":"wp","href":"https:\/\/api.w.org\/{rel}","templated":true}]}}