{"id":41388,"date":"2022-06-20T15:23:40","date_gmt":"2022-06-20T15:23:40","guid":{"rendered":"http:\/\/elterritorialweb.com.ar\/web\/?p=41388"},"modified":"2022-06-20T15:25:16","modified_gmt":"2022-06-20T15:25:16","slug":"nediani-encabezo-el-inicio-de-las-actividades-por-el-dia-de-la-bandera","status":"publish","type":"post","link":"http:\/\/elterritorialweb.com.ar\/web\/nediani-encabezo-el-inicio-de-las-actividades-por-el-dia-de-la-bandera\/","title":{"rendered":"NEDIANI ENCABEZO EL INICIO DE LAS ACTIVIDADES POR EL \u00abD\u00cdA DE LA BANDERA\u00bb"},"content":{"rendered":"\n<p>En el d\u00eda de conmemoraci\u00f3n de los 202 a\u00f1os del fallecimiento del General Manuel Belgrano, la Municipalidad de La Banda a trav\u00e9s de la Subsecretar\u00eda de Educaci\u00f3n y Cultura inici\u00f3 las actividades de homenaje con el tradicional izamiento de la ense\u00f1a nacional en la plaza que lleva el nombre del pr\u00f3cer.<br>A continuaci\u00f3n, autoridades del Departamento Ejecutivo Municipal, del Honorable Concejo Deliberante y de instituciones hist\u00f3ricas de la ciudad procedieron a colocar ofrendas florales en el busto de Belgrano y acompa\u00f1aron al intendente Nediani en el encendido de la llama votiva en homenaje a Monse\u00f1or Gerardo Sueldo.<\/p>\n\n\n\n<figure class=\"wp-block-image size-large\"><a href=\"https:\/\/i0.wp.com\/elterritorialweb.com.ar\/web\/wp-content\/uploads\/2022\/06\/IMG-20220620-WA0006.jpg\"><img data-recalc-dims=\"1\" decoding=\"async\" width=\"640\" height=\"429\" data-src=\"https:\/\/i0.wp.com\/elterritorialweb.com.ar\/web\/wp-content\/uploads\/2022\/06\/IMG-20220620-WA0006.jpg?resize=640%2C429\" alt=\"\" class=\"wp-image-41391 lazyload\" data-srcset=\"https:\/\/i0.wp.com\/elterritorialweb.com.ar\/web\/wp-content\/uploads\/2022\/06\/IMG-20220620-WA0006.jpg?resize=1024%2C686 1024w, https:\/\/i0.wp.com\/elterritorialweb.com.ar\/web\/wp-content\/uploads\/2022\/06\/IMG-20220620-WA0006.jpg?resize=300%2C201 300w, https:\/\/i0.wp.com\/elterritorialweb.com.ar\/web\/wp-content\/uploads\/2022\/06\/IMG-20220620-WA0006.jpg?resize=768%2C514 768w, https:\/\/i0.wp.com\/elterritorialweb.com.ar\/web\/wp-content\/uploads\/2022\/06\/IMG-20220620-WA0006.jpg?w=1280 1280w\" data-sizes=\"(max-width: 640px) 100vw, 640px\" src=\"data:image\/svg+xml;base64,PHN2ZyB3aWR0aD0iMSIgaGVpZ2h0PSIxIiB4bWxucz0iaHR0cDovL3d3dy53My5vcmcvMjAwMC9zdmciPjwvc3ZnPg==\" style=\"--smush-placeholder-width: 640px; --smush-placeholder-aspect-ratio: 640\/429;\" \/><\/a><\/figure>\n\n\n\n<p>Durante la actividad estuvieron presentes tambi\u00e9n autoridades del Centro Belgraniano, del centro G\u00fcemesiano \u201cInfernales\u201d, de la Asociaci\u00f3n Civil Sanmartiniana y del Centro Browniano de La Banda.<br>En la oportunidad, el jefe comunal manifest\u00f3: \u00abEstamos un a\u00f1o m\u00e1s realizando la conmemoraci\u00f3n del paso a la Inmortalidad del General Manuel Belgrano el creador de nuestra bandera nacional all\u00e1 por el 27 de febrero de 1812, dej\u00e1ndonos este hermoso legado que junto al escudo y la escarapela nos representan con tanto orgullo como argentinos\u00bb.<\/p>\n\n\n\n<figure class=\"wp-block-image size-large\"><a href=\"https:\/\/i0.wp.com\/elterritorialweb.com.ar\/web\/wp-content\/uploads\/2022\/06\/IMG-20220620-WA0004.jpg\"><img data-recalc-dims=\"1\" decoding=\"async\" width=\"640\" height=\"427\" data-src=\"https:\/\/i0.wp.com\/elterritorialweb.com.ar\/web\/wp-content\/uploads\/2022\/06\/IMG-20220620-WA0004.jpg?resize=640%2C427\" alt=\"\" class=\"wp-image-41390 lazyload\" data-srcset=\"https:\/\/i0.wp.com\/elterritorialweb.com.ar\/web\/wp-content\/uploads\/2022\/06\/IMG-20220620-WA0004.jpg?resize=1024%2C683 1024w, https:\/\/i0.wp.com\/elterritorialweb.com.ar\/web\/wp-content\/uploads\/2022\/06\/IMG-20220620-WA0004.jpg?resize=300%2C200 300w, https:\/\/i0.wp.com\/elterritorialweb.com.ar\/web\/wp-content\/uploads\/2022\/06\/IMG-20220620-WA0004.jpg?resize=768%2C512 768w, https:\/\/i0.wp.com\/elterritorialweb.com.ar\/web\/wp-content\/uploads\/2022\/06\/IMG-20220620-WA0004.jpg?w=1280 1280w\" data-sizes=\"(max-width: 640px) 100vw, 640px\" src=\"data:image\/svg+xml;base64,PHN2ZyB3aWR0aD0iMSIgaGVpZ2h0PSIxIiB4bWxucz0iaHR0cDovL3d3dy53My5vcmcvMjAwMC9zdmciPjwvc3ZnPg==\" style=\"--smush-placeholder-width: 640px; --smush-placeholder-aspect-ratio: 640\/427;\" \/><\/a><\/figure>\n\n\n\n<p>Agreg\u00f3: \u00abLas actividades iniciaron a la ma\u00f1ana y continuar\u00e1n en horas de la siesta en el Club Sarmiento con la promesa de cari\u00f1o a la bandera de los alumnos de los jardines de infantes municipales en donde tambi\u00e9n se realizar\u00e1n presentaciones art\u00edsticas y se compartir\u00e1 una merienda patria\u00bb.<\/p>\n","protected":false},"excerpt":{"rendered":"<p>El intendente Roger Nediani inici\u00f3 las actividades de conmemoraci\u00f3n al \u00abD\u00eda de la bandera\u00bb con una tradicional ceremonia protocolar en la Plaza Belgrano.<\/p>\n","protected":false},"author":2,"featured_media":41389,"comment_status":"open","ping_status":"open","sticky":false,"template":"","format":"standard","meta":{"om_disable_all_campaigns":false,"_monsterinsights_skip_tracking":false,"_monsterinsights_sitenote_active":false,"_monsterinsights_sitenote_note":"","_monsterinsights_sitenote_category":0,"_uf_show_specific_survey":0,"_uf_disable_surveys":false,"jetpack_post_was_ever_published":false,"_jetpack_newsletter_access":"","_jetpack_dont_email_post_to_subs":false,"_jetpack_newsletter_tier_id":0,"_jetpack_memberships_contains_paywalled_content":false,"_jetpack_memberships_contains_paid_content":false,"footnotes":"","jetpack_publicize_message":"","jetpack_publicize_feature_enabled":true,"jetpack_social_post_already_shared":false,"jetpack_social_options":{"image_generator_settings":{"template":"highway","default_image_id":0,"font":"","enabled":false},"version":2}},"categories":[21],"tags":[],"class_list":["post-41388","post","type-post","status-publish","format-standard","has-post-thumbnail","hentry","category-locales"],"aioseo_notices":[],"views":11,"jetpack_publicize_connections":[],"jetpack_featured_media_url":"https:\/\/i0.wp.com\/elterritorialweb.com.ar\/web\/wp-content\/uploads\/2022\/06\/IMG-20220620-WA0005.jpg?fit=1280%2C854","jetpack_sharing_enabled":true,"_links":{"self":[{"href":"http:\/\/elterritorialweb.com.ar\/web\/wp-json\/wp\/v2\/posts\/41388","targetHints":{"allow":["GET"]}}],"collection":[{"href":"http:\/\/elterritorialweb.com.ar\/web\/wp-json\/wp\/v2\/posts"}],"about":[{"href":"http:\/\/elterritorialweb.com.ar\/web\/wp-json\/wp\/v2\/types\/post"}],"author":[{"embeddable":true,"href":"http:\/\/elterritorialweb.com.ar\/web\/wp-json\/wp\/v2\/users\/2"}],"replies":[{"embeddable":true,"href":"http:\/\/elterritorialweb.com.ar\/web\/wp-json\/wp\/v2\/comments?post=41388"}],"version-history":[{"count":1,"href":"http:\/\/elterritorialweb.com.ar\/web\/wp-json\/wp\/v2\/posts\/41388\/revisions"}],"predecessor-version":[{"id":41392,"href":"http:\/\/elterritorialweb.com.ar\/web\/wp-json\/wp\/v2\/posts\/41388\/revisions\/41392"}],"wp:featuredmedia":[{"embeddable":true,"href":"http:\/\/elterritorialweb.com.ar\/web\/wp-json\/wp\/v2\/media\/41389"}],"wp:attachment":[{"href":"http:\/\/elterritorialweb.com.ar\/web\/wp-json\/wp\/v2\/media?parent=41388"}],"wp:term":[{"taxonomy":"category","embeddable":true,"href":"http:\/\/elterritorialweb.com.ar\/web\/wp-json\/wp\/v2\/categories?post=41388"},{"taxonomy":"post_tag","embeddable":true,"href":"http:\/\/elterritorialweb.com.ar\/web\/wp-json\/wp\/v2\/tags?post=41388"}],"curies":[{"name":"wp","href":"https:\/\/api.w.org\/{rel}","templated":true}]}}