{"id":41528,"date":"2022-06-23T20:02:07","date_gmt":"2022-06-23T20:02:07","guid":{"rendered":"http:\/\/elterritorialweb.com.ar\/web\/?p=41528"},"modified":"2022-06-23T20:02:08","modified_gmt":"2022-06-23T20:02:08","slug":"cinco-personas-murieron-y-otras-35-resultaron-heridas-en-un-incendio-en-recoleta","status":"publish","type":"post","link":"http:\/\/elterritorialweb.com.ar\/web\/cinco-personas-murieron-y-otras-35-resultaron-heridas-en-un-incendio-en-recoleta\/","title":{"rendered":"CINCO PERSONAS MURIERON Y OTRAS 35 RESULTARON HERIDAS, EN UN INCENDIO EN RECOLETA"},"content":{"rendered":"\n<p>Cinco personas murieron y otras 35 fueron asistidas por personal m\u00e9dico y derivadas a hospitales de la ciudad de Buenos Aires, como consecuencia del incendio desatado en un edificio del barrio porte\u00f1o de Recoleta, que gener\u00f3 miedo y desesperaci\u00f3n en sus habitantes y oblig\u00f3 a un gran operativo con ocho dotaciones de bomberos y 22 ambulancias del SAME para controlar las llamas y rescatar a los vecinos.<\/p>\n\n\n\n<p>El fuego se desat\u00f3 a las 5.50 de este jueves, por causas que a\u00fan se desconocen, en el departamento del s\u00e9ptimo piso del edificio de Ecuador al 1026, casi avenida C\u00f3rdoba,\u00a0<strong>mientras sus ocupantes dorm\u00edan y r\u00e1pidamente se expandi\u00f3 al piso superior, obligando a la evacuaci\u00f3n y rescate de las personas que habitan en el edificio de 14 pisos<\/strong>\u00a0y al corte del suministro de gas en toda la cuadra, en forma precautoria.<\/p>\n\n\n\n<p>Las cinco v\u00edctimas fatales, tres ni\u00f1os y dos mujeres, viv\u00edan en el departamento donde se inici\u00f3 el incendio y que abarc\u00f3 en forma generalizada un ambiente de 3x10x2,8 metros, una cocina, tres dormitorios y un ba\u00f1o, adem\u00e1s de pasillos de la vivienda, seg\u00fan precisaron fuentes policiales, y eran integrantes de la comunidad jud\u00eda, indic\u00f3 a T\u00e9lam el presidente de la AMIA, Amos Linetzky.<\/p>\n\n\n\n<p><strong>\u201dLas cinco personas fueron rescatadas por personal de Bomberos de la Ciudad con vida e inconscientes, dadas las tareas que se hicieron en primera instancia.<\/strong>&nbsp;Fueron entregadas al personal m\u00e9dico del SAME, pero lamentablemente despu\u00e9s llegaron muertos a los respectivos nosocomios\u201d, inform\u00f3 el subcomandante Pablo Giardina, que encabez\u00f3 el operativo.<\/p>\n\n\n\n<p>El director del SAME, Alberto Crescenti, sostuvo que \u00abse hizo todo lo que se pudo pero fue imposible por la cantidad de humo inhalado\u00bb y agreg\u00f3 que uno de los menores fallecidos tambi\u00e9n fue alcanzado por las llamas.<\/p>\n\n\n\n<figure class=\"wp-block-image\"><img data-recalc-dims=\"1\" decoding=\"async\" data-src=\"https:\/\/i0.wp.com\/media.ambito.com\/p\/17f177e2084ec023c2c46853c4e4dce5\/adjuntos\/239\/imagenes\/039\/951\/0039951068\/incendio-recoletajpg.jpg?w=640&#038;ssl=1\" alt=\"Incendio en Recoleta: Naci\u00f3n envi\u00f3 sus condolencias y se puso a disposici\u00f3n  de Ciudad\" src=\"data:image\/svg+xml;base64,PHN2ZyB3aWR0aD0iMSIgaGVpZ2h0PSIxIiB4bWxucz0iaHR0cDovL3d3dy53My5vcmcvMjAwMC9zdmciPjwvc3ZnPg==\" class=\"lazyload\" \/><\/figure>\n\n\n\n<p>El jefe de Gobierno porte\u00f1o, Horacio Rodr\u00edguez Larreta, expres\u00f3 sus \u00abcondolencias a la familia\u00bb de las personas fallecidas, con quienes convers\u00f3 en las puertas del edificio incendiado, y consider\u00f3 que fue \u00abuna situaci\u00f3n dram\u00e1tica, muy dura y dif\u00edcil\u00bb.<\/p>\n\n\n\n<p>Rodr\u00edguez Larreta y su jefe de Gabinete, Felipe Miguel, tambi\u00e9n dialogaron en el lugar con dirigentes de la comunidad jud\u00eda y saludaron a personal de bomberos e integrantes del SAME sobre quienes resaltaron \u00abel profesionalismo y el compromiso\u00bb con que actuaron en el operativo.<\/p>\n\n\n\n<p>El operativo para apagar el incendio y rescatar a todas las personas afectadas demand\u00f3 m\u00e1s de tres horas y el director del SAME precis\u00f3 poco despu\u00e9s de las 9.30 que en total se asistieron a 35 habitantes del edificio, entre ellas una embarazada, que fueron derivados a seis hospitales porte\u00f1os: Guti\u00e9rrez (en el caso de los ni\u00f1os), Ramos Mej\u00eda, Rivadavia, Fern\u00e1ndez, Elizalde y Durand.<\/p>\n\n\n\n<p>Crescenti indic\u00f3 que\u00a0<strong>un hombre de 52 a\u00f1os, internado en el Hospital Rivadavia, se encuentra \u00aben estado delicado\u00bb y asistido con respiraci\u00f3n mec\u00e1nica<\/strong>.<\/p>\n\n\n\n<p>Tambi\u00e9n se traslad\u00f3 a tres efectivos de la Polic\u00eda de la Ciudad al Hospital Ramos Mej\u00eda por inhalaci\u00f3n de humo y de manera preventiva, ya que fueron los primeros en llegar al lugar y estuvieron a cargo de la evacuaci\u00f3n de los vecinos, inform\u00f3 oficialmente el Gobierno porte\u00f1o.<\/p>\n\n\n\n<p>Poco antes de las 8.30, el jefe de bomberos declar\u00f3 que la situaci\u00f3n del incendio estaba \u00abtotalmente controlado\u00bb y que los peritos se dispon\u00edan a comenzar las tareas de investigaci\u00f3n correspondiente para determinar las causas que originaron el fuego.<\/p>\n\n\n\n<p>El Gobierno porte\u00f1o, en tanto, inform\u00f3 que \u00ab<strong>el edificio contaba con toda la documentaci\u00f3n habilitante al d\u00eda<\/strong>\u00bb y los agentes de Tr\u00e1nsito manten\u00edan cortado la circulaci\u00f3n en la zona, por lo que se realizaba el desv\u00edo vehicular por avenida Pueyrred\u00f3n.<br>Por su parte, el presidente de la Asociaci\u00f3n Mutual Israelita Argentina (AMIA), Amos Linetzky, dijo a T\u00e9lam que&nbsp;<strong>\u00abhay cinco v\u00edctimas que son de la colectividad\u00bb jud\u00eda.<\/strong><\/p>\n\n\n\n<p>\u00abHay cinco v\u00edctimas que son de la colectividad, es lo primero que sabemos\u00bb, afirm\u00f3 Linetzky, quien lleg\u00f3 al lugar junto a otros miembros de la comunidad, quienes conversaron con el jefe de Gobierno porte\u00f1o.<\/p>\n\n\n\n<p>En tanto, la Agencia Jud\u00eda de Noticias (AJN) inform\u00f3 que los fallecidos son miembros de la familia Jabbaz.<\/p>\n\n\n\n<p><strong>\u00abSe trata de la familia Jabbaz, de la que fallecieron cinco miembros: la abuela, la madre y los tres hijos. El padre de la familia, Ioni Jabbaz, se encuentra intubado en terapia intensiva\u00bb, aseguraron.<\/strong><\/p>\n\n\n\n<p>\u201cCon profundo pesar, expresamos nuestras condolencias a los seres queridos de las personas fallecidas en el terrible incendio de esta madrugada, en el edificio de la calle Ecuador. Deseamos la pronta recuperaci\u00f3n de los heridos de esta tragedia que entristece a toda la sociedad\u201d, manifestaron desde la AMIA, indic\u00f3 la AJN.<\/p>\n\n\n\n<figure class=\"wp-block-image is-resized\"><img data-recalc-dims=\"1\" decoding=\"async\" data-src=\"https:\/\/i0.wp.com\/media.lacapital.com.ar\/p\/e57eccf74d32c20f66d21073d772d5f1\/adjuntos\/205\/imagenes\/031\/212\/0031212271\/642x0\/smart\/incendio-recoleta-muertos-4jpg.jpg?resize=640%2C360&#038;ssl=1\" alt=\"Incendio en Recoleta: v\u00edctimas eran de la comunidad jud\u00eda\" width=\"640\" height=\"360\" src=\"data:image\/svg+xml;base64,PHN2ZyB3aWR0aD0iMSIgaGVpZ2h0PSIxIiB4bWxucz0iaHR0cDovL3d3dy53My5vcmcvMjAwMC9zdmciPjwvc3ZnPg==\" class=\"lazyload\" style=\"--smush-placeholder-width: 640px; --smush-placeholder-aspect-ratio: 640\/360;\" \/><\/figure>\n\n\n\n<p>Vecinos de la comunidad jud\u00eda se acercaron al edificio de 14 pisos ubicado en Ecuador al 1.000, casi avenida C\u00f3rdoba, donde ocurri\u00f3 el siniestro y se cort\u00f3 el suministro de gas de manera precautoria en toda la cuadra.<\/p>\n\n\n\n<p>\u00abEl edificio del incendio se encuentra cercano al tradicional barrio jud\u00edo de Once, donde vive la mayor cantidad de familias jud\u00edas ortodoxas de la Argentina, a pocos metros de la yeshiv\u00e1 (escuela de estudios religiosos) Jafez Jaim del rabino Samuel Levin\u00bb, agreg\u00f3 la AJN.<\/p>\n","protected":false},"excerpt":{"rendered":"<p>El fuego comenz\u00f3 esta madrugada, por causas que a\u00fan se desconocen, en el departamento del s\u00e9ptimo piso del edificio de Ecuador al 1026, casi avenida C\u00f3rdoba. Un hombre de 52 a\u00f1os se encuentra internado en el Hospital Rivadavia \u00aben estado delicado\u00bb y asistido con respiraci\u00f3n mec\u00e1nica.<\/p>\n","protected":false},"author":2,"featured_media":41529,"comment_status":"open","ping_status":"open","sticky":false,"template":"","format":"standard","meta":{"om_disable_all_campaigns":false,"_monsterinsights_skip_tracking":false,"_monsterinsights_sitenote_active":false,"_monsterinsights_sitenote_note":"","_monsterinsights_sitenote_category":0,"_uf_show_specific_survey":0,"_uf_disable_surveys":false,"jetpack_post_was_ever_published":false,"_jetpack_newsletter_access":"","_jetpack_dont_email_post_to_subs":false,"_jetpack_newsletter_tier_id":0,"_jetpack_memberships_contains_paywalled_content":false,"_jetpack_memberships_contains_paid_content":false,"footnotes":"","jetpack_publicize_message":"","jetpack_publicize_feature_enabled":true,"jetpack_social_post_already_shared":false,"jetpack_social_options":{"image_generator_settings":{"template":"highway","default_image_id":0,"font":"","enabled":false},"version":2}},"categories":[7],"tags":[],"class_list":["post-41528","post","type-post","status-publish","format-standard","has-post-thumbnail","hentry","category-nacionales"],"aioseo_notices":[],"views":7,"jetpack_publicize_connections":[],"jetpack_featured_media_url":"https:\/\/i0.wp.com\/elterritorialweb.com.ar\/web\/wp-content\/uploads\/2022\/06\/incendio-2.jpg?fit=640%2C428","jetpack_sharing_enabled":true,"_links":{"self":[{"href":"http:\/\/elterritorialweb.com.ar\/web\/wp-json\/wp\/v2\/posts\/41528","targetHints":{"allow":["GET"]}}],"collection":[{"href":"http:\/\/elterritorialweb.com.ar\/web\/wp-json\/wp\/v2\/posts"}],"about":[{"href":"http:\/\/elterritorialweb.com.ar\/web\/wp-json\/wp\/v2\/types\/post"}],"author":[{"embeddable":true,"href":"http:\/\/elterritorialweb.com.ar\/web\/wp-json\/wp\/v2\/users\/2"}],"replies":[{"embeddable":true,"href":"http:\/\/elterritorialweb.com.ar\/web\/wp-json\/wp\/v2\/comments?post=41528"}],"version-history":[{"count":1,"href":"http:\/\/elterritorialweb.com.ar\/web\/wp-json\/wp\/v2\/posts\/41528\/revisions"}],"predecessor-version":[{"id":41530,"href":"http:\/\/elterritorialweb.com.ar\/web\/wp-json\/wp\/v2\/posts\/41528\/revisions\/41530"}],"wp:featuredmedia":[{"embeddable":true,"href":"http:\/\/elterritorialweb.com.ar\/web\/wp-json\/wp\/v2\/media\/41529"}],"wp:attachment":[{"href":"http:\/\/elterritorialweb.com.ar\/web\/wp-json\/wp\/v2\/media?parent=41528"}],"wp:term":[{"taxonomy":"category","embeddable":true,"href":"http:\/\/elterritorialweb.com.ar\/web\/wp-json\/wp\/v2\/categories?post=41528"},{"taxonomy":"post_tag","embeddable":true,"href":"http:\/\/elterritorialweb.com.ar\/web\/wp-json\/wp\/v2\/tags?post=41528"}],"curies":[{"name":"wp","href":"https:\/\/api.w.org\/{rel}","templated":true}]}}