{"id":41531,"date":"2022-06-23T20:27:22","date_gmt":"2022-06-23T20:27:22","guid":{"rendered":"http:\/\/elterritorialweb.com.ar\/web\/?p=41531"},"modified":"2022-06-23T20:30:28","modified_gmt":"2022-06-23T20:30:28","slug":"el-producto-bruto-interno-crecio-un-6-interanual","status":"publish","type":"post","link":"http:\/\/elterritorialweb.com.ar\/web\/el-producto-bruto-interno-crecio-un-6-interanual\/","title":{"rendered":"EL PRODUCTO BRUTO INTERNO CRECI\u00d3 UN 6% INTERANUAL"},"content":{"rendered":"\n<p>El Producto Bruto Interno (PBI) creci\u00f3 6% durante el primer trimestre en relaci\u00f3n a igual per\u00edodo del a\u00f1o anterior y marc\u00f3 un incremento de 0,9% en comparaci\u00f3n al cuarto trimestre de 2021, inform\u00f3 este jueves el Instituto Nacional de Estad\u00edstica y Censos (Indec)<\/p>\n\n\n\n<p>Con estos n\u00fameros \u201ccalculamos que la econom\u00eda terminar\u00e1 el a\u00f1o con un crecimiento de al menos 4,2%\u00bb, estimaron en el Ministerio de Econom\u00eda luego de que el Indec diera a conocer los n\u00fameros del primer trimestre.<\/p>\n\n\n\n<p>El informe dado a conocer hoy por el Indec tambi\u00e9n corrigi\u00f3 la cifra de crecimiento del a\u00f1o pasado, que en lugar del 10,3% pas\u00f3 al 10,4%.<\/p>\n\n\n\n<p>Entre enero y marzo pasado, el Consumo Privado creci\u00f3 9,3% interanual, y alcanz\u00f3 la cuarta suba consecutiva; mientras que el Consumo P\u00fablico avanz\u00f3 6,5%.<\/p>\n\n\n\n<p>El Producto Bruto Interno (PBI) avanz\u00f3 0,9% trimestral en la serie sin estacionalidad (s.e.) en el primer trimestre de 2022, registrando as\u00ed la tercera suba consecutiva (1,9% s.e. en el cuarto trimestre de 2021 y 4,1% s.e. en el tercer trimestre de 2021)<\/p>\n\n\n\n<p>Adem\u00e1s, comparado con el primer trimestre de 2020 (previo a la irrupci\u00f3n de la pandemia de coronavirus), el PBI del per\u00edodo enero-marzo de 2022 fue 9,4% superior, mientras que, frente al primer trimestre de 2019 creci\u00f3 3,9%<\/p>\n\n\n\n<p>En la din\u00e1mica trimestral de la serie sin estacionalidad, crecieron casi todos los componentes de la demanda comparados con el cuarto trimestre de 2021, se\u00f1al\u00f3 el Indec.<\/p>\n\n\n\n<figure class=\"wp-block-embed is-type-rich is-provider-twitter wp-block-embed-twitter\"><div class=\"wp-block-embed__wrapper\">\n<blockquote class=\"twitter-tweet\" data-width=\"550\" data-dnt=\"true\"><p lang=\"ca\" dir=\"ltr\"><a href=\"https:\/\/twitter.com\/hashtag\/DatoINDEC?src=hash&amp;ref_src=twsrc%5Etfw\">#DatoINDEC<\/a><br>El producto interno bruto (<a href=\"https:\/\/twitter.com\/hashtag\/PIB?src=hash&amp;ref_src=twsrc%5Etfw\">#PIB<\/a>) creci\u00f3 6% interanual en el 1\u00b0 trimestre de 2022 <a href=\"https:\/\/t.co\/MPYyaygMts\">https:\/\/t.co\/MPYyaygMts<\/a> <a href=\"https:\/\/t.co\/SGhjvlsFxF\">pic.twitter.com\/SGhjvlsFxF<\/a><\/p>&mdash; INDEC Argentina (@INDECArgentina) <a href=\"https:\/\/twitter.com\/INDECArgentina\/status\/1540049309504344064?ref_src=twsrc%5Etfw\">June 23, 2022<\/a><\/blockquote><script async src=\"https:\/\/platform.twitter.com\/widgets.js\" charset=\"utf-8\"><\/script>\n<\/div><\/figure>\n","protected":false},"excerpt":{"rendered":"<p>Marc\u00f3 un incremento de 0,9% en comparaci\u00f3n al cuarto trimestre de 2021, se\u00f1ala en informe del Indec respecto al primer trimestre de 2022. El Consumo P\u00fablico avanz\u00f3 6,5% interanual.<\/p>\n","protected":false},"author":2,"featured_media":6053,"comment_status":"open","ping_status":"open","sticky":false,"template":"","format":"standard","meta":{"om_disable_all_campaigns":false,"_monsterinsights_skip_tracking":false,"_monsterinsights_sitenote_active":false,"_monsterinsights_sitenote_note":"","_monsterinsights_sitenote_category":0,"_uf_show_specific_survey":0,"_uf_disable_surveys":false,"jetpack_post_was_ever_published":false,"_jetpack_newsletter_access":"","_jetpack_dont_email_post_to_subs":false,"_jetpack_newsletter_tier_id":0,"_jetpack_memberships_contains_paywalled_content":false,"_jetpack_memberships_contains_paid_content":false,"footnotes":"","jetpack_publicize_message":"","jetpack_publicize_feature_enabled":true,"jetpack_social_post_already_shared":false,"jetpack_social_options":{"image_generator_settings":{"template":"highway","default_image_id":0,"font":"","enabled":false},"version":2}},"categories":[4,2],"tags":[],"class_list":["post-41531","post","type-post","status-publish","format-standard","has-post-thumbnail","hentry","category-destacadas","category-economia"],"aioseo_notices":[],"views":12,"jetpack_publicize_connections":[],"jetpack_featured_media_url":"https:\/\/i0.wp.com\/elterritorialweb.com.ar\/web\/wp-content\/uploads\/2020\/06\/frente_indec.jpg?fit=1578%2C937","jetpack_sharing_enabled":true,"_links":{"self":[{"href":"http:\/\/elterritorialweb.com.ar\/web\/wp-json\/wp\/v2\/posts\/41531","targetHints":{"allow":["GET"]}}],"collection":[{"href":"http:\/\/elterritorialweb.com.ar\/web\/wp-json\/wp\/v2\/posts"}],"about":[{"href":"http:\/\/elterritorialweb.com.ar\/web\/wp-json\/wp\/v2\/types\/post"}],"author":[{"embeddable":true,"href":"http:\/\/elterritorialweb.com.ar\/web\/wp-json\/wp\/v2\/users\/2"}],"replies":[{"embeddable":true,"href":"http:\/\/elterritorialweb.com.ar\/web\/wp-json\/wp\/v2\/comments?post=41531"}],"version-history":[{"count":1,"href":"http:\/\/elterritorialweb.com.ar\/web\/wp-json\/wp\/v2\/posts\/41531\/revisions"}],"predecessor-version":[{"id":41532,"href":"http:\/\/elterritorialweb.com.ar\/web\/wp-json\/wp\/v2\/posts\/41531\/revisions\/41532"}],"wp:featuredmedia":[{"embeddable":true,"href":"http:\/\/elterritorialweb.com.ar\/web\/wp-json\/wp\/v2\/media\/6053"}],"wp:attachment":[{"href":"http:\/\/elterritorialweb.com.ar\/web\/wp-json\/wp\/v2\/media?parent=41531"}],"wp:term":[{"taxonomy":"category","embeddable":true,"href":"http:\/\/elterritorialweb.com.ar\/web\/wp-json\/wp\/v2\/categories?post=41531"},{"taxonomy":"post_tag","embeddable":true,"href":"http:\/\/elterritorialweb.com.ar\/web\/wp-json\/wp\/v2\/tags?post=41531"}],"curies":[{"name":"wp","href":"https:\/\/api.w.org\/{rel}","templated":true}]}}