{"id":41540,"date":"2022-06-24T03:23:35","date_gmt":"2022-06-24T03:23:35","guid":{"rendered":"http:\/\/elterritorialweb.com.ar\/web\/?p=41540"},"modified":"2022-06-24T03:44:25","modified_gmt":"2022-06-24T03:44:25","slug":"manana-wado-de-pedro-y-zamora-acompanaran-el-cierre-del-parlanoa","status":"publish","type":"post","link":"http:\/\/elterritorialweb.com.ar\/web\/manana-wado-de-pedro-y-zamora-acompanaran-el-cierre-del-parlanoa\/","title":{"rendered":"WADO DE PEDRO Y ZAMORA ACOMPA\u00d1ARAN EL CIERRE DEL PARLANOA"},"content":{"rendered":"\n<p>Esta \u00faltima jornada de la XLVI Reuni\u00f3n Plenaria del Parlamento del NOA, se realizar\u00e1 en el recinto, desde las 9.30, donde dar\u00e1 inicio la sesi\u00f3n plenaria con el izamiento de las banderas y se pasar\u00e1 a un cuarto intermedio, para luego recibir al ministro De Pedro.<\/p>\n\n\n\n<p>Luego, el vicegobernador Carlos Silva Neder brindar\u00e1 las palabras de bienvenida. Despu\u00e9s, hablar\u00e1 a los presentes la presidenta del Parlamento del NOA, Dra. Mar\u00eda Florencia L\u00f3pez, y finalmente har\u00e1 uso de la palabra el ministro de Pedro.<\/p>\n\n\n\n<p>Posteriormente se reiniciar\u00e1 la sesi\u00f3n del Parlamento del NOA y se proceder\u00e1 a la aprobaci\u00f3n del Acta del Pacto de Ampliaci\u00f3n del Parlamento del NOA a Parlamento del Norte Grande Argentino, se dar\u00e1 tratamiento al Orden del D\u00eda y se realizar\u00e1 el cierre de la XLVI Reuni\u00f3n Plenaria.<\/p>\n\n\n\n<p><strong>PALLAROLS HAR\u00c1 ENTREGA DE LA \u201cROSA DE LA PAZ\u201d<\/strong><\/p>\n\n\n\n<p>En la jornada de cierre de la XLVI Reuni\u00f3n Plenaria, el reconocido orfebre Juan Carlos Pallarols har\u00e1 entrega de la \u201cRosa de la Paz\u201d a la Dra. Mar\u00eda Florencia L\u00f3pez, en representaci\u00f3n del Parlamento del NOA, hecho contextualizado en el 40\u00b0 aniversario de la gesta de Malvinas.<\/p>\n\n\n\n<p>El reconocido artesano, quien fue el encargado de crear el bast\u00f3n de mando que usaron los presidentes Ra\u00fal Alfons\u00edn, N\u00e9stor Kirchner y Cristina Kirchner, entre otros Presidentes de la Naci\u00f3n, decidi\u00f3 confeccionar la \u201cRosa de la Paz\u201d con el metal de las vainas servidas que le acercaron soldados argentinos y brit\u00e1nicos que simbolizan la paz y el renacimiento.<\/p>\n","protected":false},"excerpt":{"rendered":"<p>El ministro del Interior de la Naci\u00f3n, Dr. Wado De Pedro y el gobernador de la provincia, Dr. Gerardo Zamora, asistir\u00e1n este viernes a la jornada de cierre del Parlamento del NOA que se realizar\u00e1 en la C\u00e1mara de Diputados de Santiago del Estero.<\/p>\n","protected":false},"author":2,"featured_media":41543,"comment_status":"open","ping_status":"open","sticky":false,"template":"","format":"standard","meta":{"om_disable_all_campaigns":false,"_monsterinsights_skip_tracking":false,"_monsterinsights_sitenote_active":false,"_monsterinsights_sitenote_note":"","_monsterinsights_sitenote_category":0,"_uf_show_specific_survey":0,"_uf_disable_surveys":false,"jetpack_post_was_ever_published":false,"_jetpack_newsletter_access":"","_jetpack_dont_email_post_to_subs":false,"_jetpack_newsletter_tier_id":0,"_jetpack_memberships_contains_paywalled_content":false,"_jetpack_memberships_contains_paid_content":false,"footnotes":"","jetpack_publicize_message":"","jetpack_publicize_feature_enabled":true,"jetpack_social_post_already_shared":false,"jetpack_social_options":{"image_generator_settings":{"template":"highway","default_image_id":0,"font":"","enabled":false},"version":2}},"categories":[4,21],"tags":[],"class_list":["post-41540","post","type-post","status-publish","format-standard","has-post-thumbnail","hentry","category-destacadas","category-locales"],"aioseo_notices":[],"views":10,"jetpack_publicize_connections":[],"jetpack_featured_media_url":"https:\/\/i0.wp.com\/elterritorialweb.com.ar\/web\/wp-content\/uploads\/2022\/06\/WADO-Y-ZAMORA.jpg?fit=1280%2C853","jetpack_sharing_enabled":true,"_links":{"self":[{"href":"http:\/\/elterritorialweb.com.ar\/web\/wp-json\/wp\/v2\/posts\/41540","targetHints":{"allow":["GET"]}}],"collection":[{"href":"http:\/\/elterritorialweb.com.ar\/web\/wp-json\/wp\/v2\/posts"}],"about":[{"href":"http:\/\/elterritorialweb.com.ar\/web\/wp-json\/wp\/v2\/types\/post"}],"author":[{"embeddable":true,"href":"http:\/\/elterritorialweb.com.ar\/web\/wp-json\/wp\/v2\/users\/2"}],"replies":[{"embeddable":true,"href":"http:\/\/elterritorialweb.com.ar\/web\/wp-json\/wp\/v2\/comments?post=41540"}],"version-history":[{"count":2,"href":"http:\/\/elterritorialweb.com.ar\/web\/wp-json\/wp\/v2\/posts\/41540\/revisions"}],"predecessor-version":[{"id":41546,"href":"http:\/\/elterritorialweb.com.ar\/web\/wp-json\/wp\/v2\/posts\/41540\/revisions\/41546"}],"wp:featuredmedia":[{"embeddable":true,"href":"http:\/\/elterritorialweb.com.ar\/web\/wp-json\/wp\/v2\/media\/41543"}],"wp:attachment":[{"href":"http:\/\/elterritorialweb.com.ar\/web\/wp-json\/wp\/v2\/media?parent=41540"}],"wp:term":[{"taxonomy":"category","embeddable":true,"href":"http:\/\/elterritorialweb.com.ar\/web\/wp-json\/wp\/v2\/categories?post=41540"},{"taxonomy":"post_tag","embeddable":true,"href":"http:\/\/elterritorialweb.com.ar\/web\/wp-json\/wp\/v2\/tags?post=41540"}],"curies":[{"name":"wp","href":"https:\/\/api.w.org\/{rel}","templated":true}]}}