{"id":41567,"date":"2022-06-24T19:17:40","date_gmt":"2022-06-24T19:17:40","guid":{"rendered":"http:\/\/elterritorialweb.com.ar\/web\/?p=41567"},"modified":"2022-06-24T19:17:40","modified_gmt":"2022-06-24T19:17:40","slug":"zamora-estamos-en-el-rumbo-correcto-para-construir-una-patria-mas-justa","status":"publish","type":"post","link":"http:\/\/elterritorialweb.com.ar\/web\/zamora-estamos-en-el-rumbo-correcto-para-construir-una-patria-mas-justa\/","title":{"rendered":"ZAMORA: \u201cESTAMOS EN EL RUMBO CORRECTO\u00a0 PARA CONSTRUIR UNA PATRIA M\u00c1S JUSTA\u201d"},"content":{"rendered":"\n<p><strong>\u00a0<\/strong><\/p>\n\n\n\n<p>\u201cEstamos en el rumbo correcto para construir una patria m\u00e1s justa, equitativa y pujante a trav\u00e9s del federalismo\u201d, dijo en el final de su mensaje, ante los vicegobernadores de las provincias del NOA y del NEA, que a partir de la pr\u00f3xima sesi\u00f3n plenaria conformar\u00e1n el Parlamento del Norte Grande.<\/p>\n\n\n\n<p>En la Legislatura, Zamora y De Pedro fueron recibidos por el vicegobernador de Santiago del Estero, Carlos Silva Neder, y la presidente de Parlamento del NOA, Mar\u00eda Florencia L\u00f3pez, entre otros miembros del cuerpo.<\/p>\n\n\n\n<figure class=\"wp-block-image size-large\"><a href=\"https:\/\/i0.wp.com\/elterritorialweb.com.ar\/web\/wp-content\/uploads\/2022\/06\/parlamento.jpeg\"><img data-recalc-dims=\"1\" decoding=\"async\" width=\"640\" height=\"478\" data-src=\"https:\/\/i0.wp.com\/elterritorialweb.com.ar\/web\/wp-content\/uploads\/2022\/06\/parlamento.jpeg?resize=640%2C478\" alt=\"\" class=\"wp-image-41571 lazyload\" data-srcset=\"https:\/\/i0.wp.com\/elterritorialweb.com.ar\/web\/wp-content\/uploads\/2022\/06\/parlamento.jpeg?resize=1024%2C765 1024w, https:\/\/i0.wp.com\/elterritorialweb.com.ar\/web\/wp-content\/uploads\/2022\/06\/parlamento.jpeg?resize=300%2C224 300w, https:\/\/i0.wp.com\/elterritorialweb.com.ar\/web\/wp-content\/uploads\/2022\/06\/parlamento.jpeg?resize=768%2C574 768w, https:\/\/i0.wp.com\/elterritorialweb.com.ar\/web\/wp-content\/uploads\/2022\/06\/parlamento.jpeg?w=1198 1198w\" data-sizes=\"(max-width: 640px) 100vw, 640px\" src=\"data:image\/svg+xml;base64,PHN2ZyB3aWR0aD0iMSIgaGVpZ2h0PSIxIiB4bWxucz0iaHR0cDovL3d3dy53My5vcmcvMjAwMC9zdmciPjwvc3ZnPg==\" style=\"--smush-placeholder-width: 640px; --smush-placeholder-aspect-ratio: 640\/478;\" \/><\/a><\/figure>\n\n\n\n<p>Ya en el recinto, el gobernador santiague\u00f1o se dirigi\u00f3 a los representantes de la regi\u00f3n, al afirmar que para lograr un cambio profundo es fundamental \u201cganar una batalla cultural que lleva m\u00e1s de 200 a\u00f1os\u201d. \u201cEs un problema que se agrav\u00f3 por culpa del centralismo, no de los porte\u00f1os\u201d, aclar\u00f3.<\/p>\n\n\n\n<p>Remarc\u00f3 que para ganar esta batalla es necesario estar por encima de las bander\u00edas pol\u00edticas, para garantizar la permanencia de espacios como el Parlamento del NOA y el Consejo de Gobernadores del Norte Grande, que trabajan para elaborar estrategias en com\u00fan para desarrollar todo el potencial de la regi\u00f3n y romper definitivamente las desigualdades.<\/p>\n\n\n\n<figure class=\"wp-block-image size-large\"><a href=\"https:\/\/i0.wp.com\/elterritorialweb.com.ar\/web\/wp-content\/uploads\/2022\/06\/parlamento1.jpeg\"><img data-recalc-dims=\"1\" decoding=\"async\" width=\"640\" height=\"411\" data-src=\"https:\/\/i0.wp.com\/elterritorialweb.com.ar\/web\/wp-content\/uploads\/2022\/06\/parlamento1.jpeg?resize=640%2C411\" alt=\"\" class=\"wp-image-41570 lazyload\" data-srcset=\"https:\/\/i0.wp.com\/elterritorialweb.com.ar\/web\/wp-content\/uploads\/2022\/06\/parlamento1.jpeg?resize=1024%2C657 1024w, https:\/\/i0.wp.com\/elterritorialweb.com.ar\/web\/wp-content\/uploads\/2022\/06\/parlamento1.jpeg?resize=300%2C192 300w, https:\/\/i0.wp.com\/elterritorialweb.com.ar\/web\/wp-content\/uploads\/2022\/06\/parlamento1.jpeg?resize=768%2C493 768w, https:\/\/i0.wp.com\/elterritorialweb.com.ar\/web\/wp-content\/uploads\/2022\/06\/parlamento1.jpeg?resize=1115%2C715 1115w, https:\/\/i0.wp.com\/elterritorialweb.com.ar\/web\/wp-content\/uploads\/2022\/06\/parlamento1.jpeg?w=1280 1280w\" data-sizes=\"(max-width: 640px) 100vw, 640px\" src=\"data:image\/svg+xml;base64,PHN2ZyB3aWR0aD0iMSIgaGVpZ2h0PSIxIiB4bWxucz0iaHR0cDovL3d3dy53My5vcmcvMjAwMC9zdmciPjwvc3ZnPg==\" style=\"--smush-placeholder-width: 640px; --smush-placeholder-aspect-ratio: 640\/411;\" \/><\/a><\/figure>\n\n\n\n<p>A su turno, Wado De Pedro ratific\u00f3 su apoyo y del presidente Alberto Fern\u00e1ndez a este movimiento que busca la reivindicaci\u00f3n del interior argentino, y para ello resalt\u00f3 el trabajo conjunto para llevar adelante un plan de obras de infraestructura en todo el pa\u00eds \u201cpara cumplir las metas de una Argentina m\u00e1s federal mediante la concreci\u00f3n de obras que frenen la inercia centralista hacia el puerto de Buenos Aires\u201d.<\/p>\n\n\n\n<p>Tambi\u00e9n llam\u00f3 a todos los sectores a \u201cconstruir un proyecto pol\u00edtico federal, a partir de un consenso genuino que impida que otros gobiernos pongan en riesgo el futuro de los argentinos\u201d.<\/p>\n\n\n\n<figure class=\"wp-block-image size-large\"><a href=\"https:\/\/i0.wp.com\/elterritorialweb.com.ar\/web\/wp-content\/uploads\/2022\/06\/parlamento2.jpeg\"><img data-recalc-dims=\"1\" decoding=\"async\" width=\"640\" height=\"356\" data-src=\"https:\/\/i0.wp.com\/elterritorialweb.com.ar\/web\/wp-content\/uploads\/2022\/06\/parlamento2.jpeg?resize=640%2C356\" alt=\"\" class=\"wp-image-41569 lazyload\" data-srcset=\"https:\/\/i0.wp.com\/elterritorialweb.com.ar\/web\/wp-content\/uploads\/2022\/06\/parlamento2.jpeg?resize=1024%2C570 1024w, https:\/\/i0.wp.com\/elterritorialweb.com.ar\/web\/wp-content\/uploads\/2022\/06\/parlamento2.jpeg?resize=300%2C167 300w, https:\/\/i0.wp.com\/elterritorialweb.com.ar\/web\/wp-content\/uploads\/2022\/06\/parlamento2.jpeg?resize=768%2C427 768w, https:\/\/i0.wp.com\/elterritorialweb.com.ar\/web\/wp-content\/uploads\/2022\/06\/parlamento2.jpeg?w=1280 1280w\" data-sizes=\"(max-width: 640px) 100vw, 640px\" src=\"data:image\/svg+xml;base64,PHN2ZyB3aWR0aD0iMSIgaGVpZ2h0PSIxIiB4bWxucz0iaHR0cDovL3d3dy53My5vcmcvMjAwMC9zdmciPjwvc3ZnPg==\" style=\"--smush-placeholder-width: 640px; --smush-placeholder-aspect-ratio: 640\/356;\" \/><\/a><\/figure>\n\n\n\n<p>En este sentido, destac\u00f3 la transformaci\u00f3n que vive Santiago del Estero, a partir de una planificaci\u00f3n visionaria de su mandatario, con inversiones en infraestructura vial, energ\u00e9tica, conectividad y de servicios. \u201cEsta provincia es un verdadero ejemplo de inversi\u00f3n en continuidad, pero desde la Naci\u00f3n tenemos que seguir invirtiendo en el Norte\u201d, agreg\u00f3.<\/p>\n\n\n\n<p><strong>\u00a0<\/strong><\/p>\n\n\n\n<p><\/p>\n","protected":false},"excerpt":{"rendered":"<p>El gobernador Gerardo Zamora y el ministro del Interior, Wado De Pedro, participaron este viernes de la \u00faltima jornada de la XLVI Reuni\u00f3n Plenaria del Parlamento del NOA, en la C\u00e1mara de Diputados de la provincia, donde celebr\u00f3 la decisi\u00f3n pol\u00edtica de los representantes de todo el Norte Argentino de trabajar en unidad, con el apoyo de la Naci\u00f3n para romper asimetr\u00edas hist\u00f3ricas.<\/p>\n","protected":false},"author":2,"featured_media":41568,"comment_status":"open","ping_status":"open","sticky":false,"template":"","format":"standard","meta":{"om_disable_all_campaigns":false,"_monsterinsights_skip_tracking":false,"_monsterinsights_sitenote_active":false,"_monsterinsights_sitenote_note":"","_monsterinsights_sitenote_category":0,"_uf_show_specific_survey":0,"_uf_disable_surveys":false,"jetpack_post_was_ever_published":false,"_jetpack_newsletter_access":"","_jetpack_dont_email_post_to_subs":false,"_jetpack_newsletter_tier_id":0,"_jetpack_memberships_contains_paywalled_content":false,"_jetpack_memberships_contains_paid_content":false,"footnotes":"","jetpack_publicize_message":"","jetpack_publicize_feature_enabled":true,"jetpack_social_post_already_shared":false,"jetpack_social_options":{"image_generator_settings":{"template":"highway","default_image_id":0,"font":"","enabled":false},"version":2}},"categories":[21],"tags":[],"class_list":["post-41567","post","type-post","status-publish","format-standard","has-post-thumbnail","hentry","category-locales"],"aioseo_notices":[],"views":6,"jetpack_publicize_connections":[],"jetpack_featured_media_url":"https:\/\/i0.wp.com\/elterritorialweb.com.ar\/web\/wp-content\/uploads\/2022\/06\/parlamento3.jpeg?fit=1280%2C822","jetpack_sharing_enabled":true,"_links":{"self":[{"href":"http:\/\/elterritorialweb.com.ar\/web\/wp-json\/wp\/v2\/posts\/41567","targetHints":{"allow":["GET"]}}],"collection":[{"href":"http:\/\/elterritorialweb.com.ar\/web\/wp-json\/wp\/v2\/posts"}],"about":[{"href":"http:\/\/elterritorialweb.com.ar\/web\/wp-json\/wp\/v2\/types\/post"}],"author":[{"embeddable":true,"href":"http:\/\/elterritorialweb.com.ar\/web\/wp-json\/wp\/v2\/users\/2"}],"replies":[{"embeddable":true,"href":"http:\/\/elterritorialweb.com.ar\/web\/wp-json\/wp\/v2\/comments?post=41567"}],"version-history":[{"count":1,"href":"http:\/\/elterritorialweb.com.ar\/web\/wp-json\/wp\/v2\/posts\/41567\/revisions"}],"predecessor-version":[{"id":41572,"href":"http:\/\/elterritorialweb.com.ar\/web\/wp-json\/wp\/v2\/posts\/41567\/revisions\/41572"}],"wp:featuredmedia":[{"embeddable":true,"href":"http:\/\/elterritorialweb.com.ar\/web\/wp-json\/wp\/v2\/media\/41568"}],"wp:attachment":[{"href":"http:\/\/elterritorialweb.com.ar\/web\/wp-json\/wp\/v2\/media?parent=41567"}],"wp:term":[{"taxonomy":"category","embeddable":true,"href":"http:\/\/elterritorialweb.com.ar\/web\/wp-json\/wp\/v2\/categories?post=41567"},{"taxonomy":"post_tag","embeddable":true,"href":"http:\/\/elterritorialweb.com.ar\/web\/wp-json\/wp\/v2\/tags?post=41567"}],"curies":[{"name":"wp","href":"https:\/\/api.w.org\/{rel}","templated":true}]}}