{"id":41573,"date":"2022-06-24T19:23:59","date_gmt":"2022-06-24T19:23:59","guid":{"rendered":"http:\/\/elterritorialweb.com.ar\/web\/?p=41573"},"modified":"2022-06-24T19:23:59","modified_gmt":"2022-06-24T19:23:59","slug":"el-gobernador-recibio-a-la-presidente-de-la-federacion-argentina-de-la-magistratura","status":"publish","type":"post","link":"http:\/\/elterritorialweb.com.ar\/web\/el-gobernador-recibio-a-la-presidente-de-la-federacion-argentina-de-la-magistratura\/","title":{"rendered":"EL GOBERNADOR RECIBI\u00d3 A LA PRESIDENTE DE LA FEDERACI\u00d3N ARGENTINA DE LA MAGISTRATURA"},"content":{"rendered":"\n<p>Luego de la reuni\u00f3n con el mandatario, Marcela Ruiz explic\u00f3: \u201cLa visita se realiz\u00f3 en el marco del lanzamiento del Tercer Encuentro Nacional de Sistemas Acusatorios en Santiago del Estero, que se desarrollar\u00e1 en el Centro de Convenciones F\u00f3rum durante los d\u00edas 18 y 19 de agosto, organizada por la Asociaci\u00f3n de Magistrados y Funcionarios Judiciales de Santiago del Estero junto con la Federaci\u00f3n Argentina de la Magistratura y la Funci\u00f3n Judicial (FAM), donde se observar\u00e1 a todas las provincias que tienen sistemas acusatorios adversaria las reformas y comparar los avances que se ha tenido en los \u00faltimos tiempos\u201d.<\/p>\n\n\n\n<p>La funcionaria aprovech\u00f3 la ocasi\u00f3n para invitar al encuentro \u201ca magistrados del Ministerio P\u00fablico Fiscal de la Defensa, abogados del foro local y abogados y estudiantes avanzados de derecho\u201d.<\/p>\n\n\n\n<p>Por informes e inscripci\u00f3n, los interesados pueden realizar el tr\u00e1mite a trav\u00e9s del correo sistemaacusatorio2022@gmail.com o al tel\u00e9fono: 3853050496.<\/p>\n","protected":false},"excerpt":{"rendered":"<p>El gobernador Gerardo Zamora recibi\u00f3 este viernes por la ma\u00f1ana, en Casa de Gobierno, a la presidente de la Federaci\u00f3n Argentina de la Magistratura, Marcela Ruiz, quien estuvo acompa\u00f1ada por la ministra de Justicia y Derechos Humanos de la provincia, Matilde O&#8217;mill, y el presidente de la Asociaci\u00f3n de Magistrados y Funcionarios Judiciales de Santiago del Estero, Dar\u00edo Alarc\u00f3n.<\/p>\n","protected":false},"author":2,"featured_media":41574,"comment_status":"open","ping_status":"open","sticky":false,"template":"","format":"standard","meta":{"om_disable_all_campaigns":false,"_monsterinsights_skip_tracking":false,"_monsterinsights_sitenote_active":false,"_monsterinsights_sitenote_note":"","_monsterinsights_sitenote_category":0,"_uf_show_specific_survey":0,"_uf_disable_surveys":false,"jetpack_post_was_ever_published":false,"_jetpack_newsletter_access":"","_jetpack_dont_email_post_to_subs":false,"_jetpack_newsletter_tier_id":0,"_jetpack_memberships_contains_paywalled_content":false,"_jetpack_memberships_contains_paid_content":false,"footnotes":"","jetpack_publicize_message":"","jetpack_publicize_feature_enabled":true,"jetpack_social_post_already_shared":false,"jetpack_social_options":{"image_generator_settings":{"template":"highway","default_image_id":0,"font":"","enabled":false},"version":2}},"categories":[21],"tags":[],"class_list":["post-41573","post","type-post","status-publish","format-standard","has-post-thumbnail","hentry","category-locales"],"aioseo_notices":[],"views":8,"jetpack_publicize_connections":[],"jetpack_featured_media_url":"https:\/\/i0.wp.com\/elterritorialweb.com.ar\/web\/wp-content\/uploads\/2022\/06\/magistratura.jpeg?fit=1599%2C1066","jetpack_sharing_enabled":true,"_links":{"self":[{"href":"http:\/\/elterritorialweb.com.ar\/web\/wp-json\/wp\/v2\/posts\/41573","targetHints":{"allow":["GET"]}}],"collection":[{"href":"http:\/\/elterritorialweb.com.ar\/web\/wp-json\/wp\/v2\/posts"}],"about":[{"href":"http:\/\/elterritorialweb.com.ar\/web\/wp-json\/wp\/v2\/types\/post"}],"author":[{"embeddable":true,"href":"http:\/\/elterritorialweb.com.ar\/web\/wp-json\/wp\/v2\/users\/2"}],"replies":[{"embeddable":true,"href":"http:\/\/elterritorialweb.com.ar\/web\/wp-json\/wp\/v2\/comments?post=41573"}],"version-history":[{"count":1,"href":"http:\/\/elterritorialweb.com.ar\/web\/wp-json\/wp\/v2\/posts\/41573\/revisions"}],"predecessor-version":[{"id":41575,"href":"http:\/\/elterritorialweb.com.ar\/web\/wp-json\/wp\/v2\/posts\/41573\/revisions\/41575"}],"wp:featuredmedia":[{"embeddable":true,"href":"http:\/\/elterritorialweb.com.ar\/web\/wp-json\/wp\/v2\/media\/41574"}],"wp:attachment":[{"href":"http:\/\/elterritorialweb.com.ar\/web\/wp-json\/wp\/v2\/media?parent=41573"}],"wp:term":[{"taxonomy":"category","embeddable":true,"href":"http:\/\/elterritorialweb.com.ar\/web\/wp-json\/wp\/v2\/categories?post=41573"},{"taxonomy":"post_tag","embeddable":true,"href":"http:\/\/elterritorialweb.com.ar\/web\/wp-json\/wp\/v2\/tags?post=41573"}],"curies":[{"name":"wp","href":"https:\/\/api.w.org\/{rel}","templated":true}]}}