{"id":41576,"date":"2022-06-24T19:31:33","date_gmt":"2022-06-24T19:31:33","guid":{"rendered":"http:\/\/elterritorialweb.com.ar\/web\/?p=41576"},"modified":"2022-06-24T19:31:33","modified_gmt":"2022-06-24T19:31:33","slug":"presentan-el-plan-estrategico-de-bosques-nativos-2022-2032","status":"publish","type":"post","link":"http:\/\/elterritorialweb.com.ar\/web\/presentan-el-plan-estrategico-de-bosques-nativos-2022-2032\/","title":{"rendered":"PRESENTAN EL PLAN ESTRAT\u00c9GICO DE BOSQUES NATIVOS 2022 \u2013 2032"},"content":{"rendered":"\n<p>Dicho plan estrat\u00e9gico contiene los lineamientos t\u00e9cnicos que le permitir\u00e1n a la provincia acceder al Fondo Nacional para el Enriquecimiento y la Conservaci\u00f3n que prev\u00e9 la Ley 26.331. Adem\u00e1s, mediante un acta constitutiva qued\u00f3 conformado el Consejo Consultivo Local del programa Pago por Resultados REDD + Argentina en Santiago del Estero.<\/p>\n\n\n\n<p>Estuvieron presentes el ministro de Producci\u00f3n, Miguel Mandrille; el director nacional de Bosques, Mart\u00edn M\u00f3naco; la intendente de la ciudad Capital, Norma Fuentes, y la directora general de Bosques y Fauna, Noelia Zanichelli, entre otros.<\/p>\n\n\n\n<p>En la oportunidad, las autoridades realizaron la firma del acta constitutiva del Consejo Consultivo Local del programa Pago por Resultados REDD+ Argentina en Santiago del Estero.<\/p>\n\n\n\n<p>Asimismo, rubricaron el acta los representantes que van a conformar el consejo, que ser\u00e1 un \u00e1mbito participativo que tendr\u00e1 como objetivo apoyar a la autoridad de aplicaci\u00f3n local y a la unidad de gesti\u00f3n del proyecto en la identificaci\u00f3n, el desarrollo de las actividades, la evaluaci\u00f3n, el monitoreo y la implementaci\u00f3n de las salvaguardas sociales y&nbsp; ambientales y del plan de acci\u00f3n de g\u00e9nero.<\/p>\n\n\n\n<p>En este sentido, el ministro Madrille destac\u00f3: \u201cTenemos un valor importante que no lo tienen las otras provincias, el cuidado del medioambiente es el cuidado del futuro de nuestros hijos y nuestros nietos, y en ese camino tiene la mirada como pol\u00edtica fundamental nuestro gobernador Gerardo Zamora\u201d.<\/p>\n\n\n\n<p>A su turno, el director nacional de Bosques subray\u00f3 la importancia de llevar adelante el plan estrat\u00e9gico. \u201cEl salto cualitativo es haber acordado una planificaci\u00f3n, a mediano plazo, como son los planes estrat\u00e9gicos en Santiago del Estero en particular, y espero que todas las provincias logren tener un plan con objetivos, metas y con una estrategia de la implementaci\u00f3n de la ley de bosques basado en la realidad propia de cada una\u201d.<\/p>\n\n\n\n<p>Seguidamente, Noelia Zanichelli detall\u00f3 algunos de los objetivos del Plan Estrat\u00e9gico De Bosques Nativos 2022 \u2013 2032. \u201cEn l\u00edneas generales son contribuir al desarrollo integral de las cuencas forestales, promover la restauraci\u00f3n de los bosques nativos, degradados y en procesos de degradaci\u00f3n y tratar de ir implementando de manera evolutiva el manejo de bosque con ganader\u00eda integrada, contribuir a la conservaci\u00f3n y el uso sostenible de la diversidad biol\u00f3gica. Adem\u00e1s de disminuir la perdida de superficie que se produce por los incendios forestales y promover procesos de urbanizaci\u00f3n en concordancia con los usos sostenibles del bosque nativo\u201d.<\/p>\n","protected":false},"excerpt":{"rendered":"<p>Este viernes por la ma\u00f1ana, en el Centro de Convenciones F\u00f3rum, se llev\u00f3 a cabo la presentaci\u00f3n del Plan Estrat\u00e9gico de Bosques Nativos 2022 \u2013 2032. Tambi\u00e9n fue conformado el Consejo Consultivo Local del proyecto Pago por Resultados REDD + Argentina y se realiz\u00f3 cierre del proyecto Bosques Nativos y Comunidad.<\/p>\n","protected":false},"author":2,"featured_media":41577,"comment_status":"open","ping_status":"open","sticky":false,"template":"","format":"standard","meta":{"om_disable_all_campaigns":false,"_monsterinsights_skip_tracking":false,"_monsterinsights_sitenote_active":false,"_monsterinsights_sitenote_note":"","_monsterinsights_sitenote_category":0,"_uf_show_specific_survey":0,"_uf_disable_surveys":false,"jetpack_post_was_ever_published":false,"_jetpack_newsletter_access":"","_jetpack_dont_email_post_to_subs":false,"_jetpack_newsletter_tier_id":0,"_jetpack_memberships_contains_paywalled_content":false,"_jetpack_memberships_contains_paid_content":false,"footnotes":"","jetpack_publicize_message":"","jetpack_publicize_feature_enabled":true,"jetpack_social_post_already_shared":false,"jetpack_social_options":{"image_generator_settings":{"template":"highway","default_image_id":0,"font":"","enabled":false},"version":2}},"categories":[21],"tags":[],"class_list":["post-41576","post","type-post","status-publish","format-standard","has-post-thumbnail","hentry","category-locales"],"aioseo_notices":[],"views":9,"jetpack_publicize_connections":[],"jetpack_featured_media_url":"https:\/\/i0.wp.com\/elterritorialweb.com.ar\/web\/wp-content\/uploads\/2022\/06\/plan-estrategico.jpeg?fit=1280%2C803","jetpack_sharing_enabled":true,"_links":{"self":[{"href":"http:\/\/elterritorialweb.com.ar\/web\/wp-json\/wp\/v2\/posts\/41576","targetHints":{"allow":["GET"]}}],"collection":[{"href":"http:\/\/elterritorialweb.com.ar\/web\/wp-json\/wp\/v2\/posts"}],"about":[{"href":"http:\/\/elterritorialweb.com.ar\/web\/wp-json\/wp\/v2\/types\/post"}],"author":[{"embeddable":true,"href":"http:\/\/elterritorialweb.com.ar\/web\/wp-json\/wp\/v2\/users\/2"}],"replies":[{"embeddable":true,"href":"http:\/\/elterritorialweb.com.ar\/web\/wp-json\/wp\/v2\/comments?post=41576"}],"version-history":[{"count":1,"href":"http:\/\/elterritorialweb.com.ar\/web\/wp-json\/wp\/v2\/posts\/41576\/revisions"}],"predecessor-version":[{"id":41578,"href":"http:\/\/elterritorialweb.com.ar\/web\/wp-json\/wp\/v2\/posts\/41576\/revisions\/41578"}],"wp:featuredmedia":[{"embeddable":true,"href":"http:\/\/elterritorialweb.com.ar\/web\/wp-json\/wp\/v2\/media\/41577"}],"wp:attachment":[{"href":"http:\/\/elterritorialweb.com.ar\/web\/wp-json\/wp\/v2\/media?parent=41576"}],"wp:term":[{"taxonomy":"category","embeddable":true,"href":"http:\/\/elterritorialweb.com.ar\/web\/wp-json\/wp\/v2\/categories?post=41576"},{"taxonomy":"post_tag","embeddable":true,"href":"http:\/\/elterritorialweb.com.ar\/web\/wp-json\/wp\/v2\/tags?post=41576"}],"curies":[{"name":"wp","href":"https:\/\/api.w.org\/{rel}","templated":true}]}}