{"id":41579,"date":"2022-06-24T19:38:39","date_gmt":"2022-06-24T19:38:39","guid":{"rendered":"http:\/\/elterritorialweb.com.ar\/web\/?p=41579"},"modified":"2022-06-24T19:38:40","modified_gmt":"2022-06-24T19:38:40","slug":"asumieron-nuevos-funcionarios-en-el-ministerio-de-desarrollo-social","status":"publish","type":"post","link":"http:\/\/elterritorialweb.com.ar\/web\/asumieron-nuevos-funcionarios-en-el-ministerio-de-desarrollo-social\/","title":{"rendered":"ASUMIERON NUEVOS FUNCIONARIOS EN EL MINISTERIO DE DESARROLLO SOCIAL"},"content":{"rendered":"\n<p>En primera instancia fue puesto en funciones Ramiro Banco como subsecretario de Desarrollo Social, Promoci\u00f3n Humana y Relaciones Institucionales con la Comunidad.<\/p>\n\n\n\n<p>Luego, el ministro tom\u00f3 los correspondientes juramentos a Luc\u00eda Mercedes Witte como directora general de Adultos Mayores, y a Zaida Elizabeth Witte como flamante directora general de Recursos Humanos.<\/p>\n\n\n\n<p>Acompa\u00f1aron en el acto de asunci\u00f3n el subsecretario de Salud de la provincia, Cesar Monti, y la directora general de Atenci\u00f3n Primaria de la Salud, Martha Tarchini.<\/p>\n\n\n\n<p>Los funcionarios que asumieron expresaron su agradecimiento y compromiso de realizar su mejor esfuerzo para cumplir plenamente con el trabajo asignado en sus respectivas funciones.<\/p>\n","protected":false},"excerpt":{"rendered":"<p>El ministro de Desarrollo Social de la provincia, \u00c1ngel Niccolai, tom\u00f3 juramento este viernes a las nuevas autoridades de tres \u00e1reas importantes dentro de su cartera, en una sencilla ceremonia que se desarroll\u00f3 en el sal\u00f3n de acuerdos del organismo.<\/p>\n","protected":false},"author":2,"featured_media":41580,"comment_status":"open","ping_status":"open","sticky":false,"template":"","format":"standard","meta":{"om_disable_all_campaigns":false,"_monsterinsights_skip_tracking":false,"_monsterinsights_sitenote_active":false,"_monsterinsights_sitenote_note":"","_monsterinsights_sitenote_category":0,"_uf_show_specific_survey":0,"_uf_disable_surveys":false,"jetpack_post_was_ever_published":false,"_jetpack_newsletter_access":"","_jetpack_dont_email_post_to_subs":false,"_jetpack_newsletter_tier_id":0,"_jetpack_memberships_contains_paywalled_content":false,"_jetpack_memberships_contains_paid_content":false,"footnotes":"","jetpack_publicize_message":"","jetpack_publicize_feature_enabled":true,"jetpack_social_post_already_shared":false,"jetpack_social_options":{"image_generator_settings":{"template":"highway","default_image_id":0,"font":"","enabled":false},"version":2}},"categories":[21],"tags":[],"class_list":["post-41579","post","type-post","status-publish","format-standard","has-post-thumbnail","hentry","category-locales"],"aioseo_notices":[],"views":10,"jetpack_publicize_connections":[],"jetpack_featured_media_url":"https:\/\/i0.wp.com\/elterritorialweb.com.ar\/web\/wp-content\/uploads\/2022\/06\/NUEVOS-FUNCIONRIOS-.jpeg?fit=1280%2C900","jetpack_sharing_enabled":true,"_links":{"self":[{"href":"http:\/\/elterritorialweb.com.ar\/web\/wp-json\/wp\/v2\/posts\/41579","targetHints":{"allow":["GET"]}}],"collection":[{"href":"http:\/\/elterritorialweb.com.ar\/web\/wp-json\/wp\/v2\/posts"}],"about":[{"href":"http:\/\/elterritorialweb.com.ar\/web\/wp-json\/wp\/v2\/types\/post"}],"author":[{"embeddable":true,"href":"http:\/\/elterritorialweb.com.ar\/web\/wp-json\/wp\/v2\/users\/2"}],"replies":[{"embeddable":true,"href":"http:\/\/elterritorialweb.com.ar\/web\/wp-json\/wp\/v2\/comments?post=41579"}],"version-history":[{"count":1,"href":"http:\/\/elterritorialweb.com.ar\/web\/wp-json\/wp\/v2\/posts\/41579\/revisions"}],"predecessor-version":[{"id":41581,"href":"http:\/\/elterritorialweb.com.ar\/web\/wp-json\/wp\/v2\/posts\/41579\/revisions\/41581"}],"wp:featuredmedia":[{"embeddable":true,"href":"http:\/\/elterritorialweb.com.ar\/web\/wp-json\/wp\/v2\/media\/41580"}],"wp:attachment":[{"href":"http:\/\/elterritorialweb.com.ar\/web\/wp-json\/wp\/v2\/media?parent=41579"}],"wp:term":[{"taxonomy":"category","embeddable":true,"href":"http:\/\/elterritorialweb.com.ar\/web\/wp-json\/wp\/v2\/categories?post=41579"},{"taxonomy":"post_tag","embeddable":true,"href":"http:\/\/elterritorialweb.com.ar\/web\/wp-json\/wp\/v2\/tags?post=41579"}],"curies":[{"name":"wp","href":"https:\/\/api.w.org\/{rel}","templated":true}]}}