{"id":41582,"date":"2022-06-24T19:42:01","date_gmt":"2022-06-24T19:42:01","guid":{"rendered":"http:\/\/elterritorialweb.com.ar\/web\/?p=41582"},"modified":"2022-06-24T19:43:53","modified_gmt":"2022-06-24T19:43:53","slug":"se-anuncio-la-xx-marcha-de-los-bombos","status":"publish","type":"post","link":"http:\/\/elterritorialweb.com.ar\/web\/se-anuncio-la-xx-marcha-de-los-bombos\/","title":{"rendered":"SE ANUNCI\u00d3 UNA NUEVA EDICI\u00d3N DE LA MARCHA DE LOS BOMBOS"},"content":{"rendered":"\n<p>Los organizadores, Froil\u00e1n Gonz\u00e1lez y Teresa Castronuovo, acompa\u00f1ados por artistas que colaboran en el armado y programaci\u00f3n de este masivo evento cultural, brindaron una conferencia de prensa donde dieron detalles del mismo.<\/p>\n\n\n\n<p>En esta edici\u00f3n&nbsp; se har\u00e1 el reconocimiento a pueblos santiague\u00f1os a lo largo de su recorrido. La primera parada ser\u00e1 en la Escuela Borges en homenaje a la ciudad de Clodomira; la segunda en Belgrano y Cuarto Pasaje por la localidad de Lugones; San Jos\u00e9 de Boquer\u00f3n en El Linyerita; Villa Atamishki frente al Hospital Independencia y Termas de R\u00edo Hondo en Belgrano y Rivadavia.<\/p>\n\n\n\n<p>Partir\u00e1n desde distintos puntos de la capital: la columna sur (Arco) y norte (patio Indio Froil\u00e1n) y de La Banda (Plaza Belgrano). Converger\u00e1n en avenida Belgrano y Libertad y desde all\u00ed se dirigir\u00e1n al parque Aguirre.<\/p>\n\n\n\n<p>El 15 ser\u00e1 la vigilia desde el mediod\u00eda, con m\u00e1s de 70 artistas que actuar\u00e1n en el escenario del Patio del Indio. Tambi\u00e9n habr\u00e1 talleres, el tradicional guiso solidario y comunitario y previo a salida a la marcha se servir\u00e1 mate cocido y tortilla.<\/p>\n\n\n\n<p>\u201cEstamos muy contentos de volver despu\u00e9s de la pandemia; como todos los a\u00f1os haremos paradas en diferentes lugares, queremos poner en valor la cultura y el turismo de esos pueblos de Santiago del Estero. Tenemos un equipo tremendo, nos hemos rodeado de j\u00f3venes que nos acompa\u00f1an y son los que&nbsp; sostienen este patio con su m\u00fasica, canto, danza y poes\u00eda, queremos finalizar&nbsp; la marcha en el escenario con 40 m\u00fasicos y m\u00fasicas que los 365 d\u00edas del a\u00f1o sostienen la cultura santiague\u00f1a\u201d, expres\u00f3 Tere Castronuovo.<\/p>\n\n\n\n<p>Seguidamente el \u00abIndio\u00bb Froil\u00e1n record\u00f3: \u201dPienso en aquella historia de hacer una marcha de los bombos en el aniversario de los 450\u00b0 a\u00f1os de Santiago y ver hoy c\u00f3mo nos acompa\u00f1a tanta gente a la par nuestra es muy importante, nunca me iba a imaginar estar contando 20 a\u00f1os despu\u00e9s esta historia que seguir\u00e1 por siempre porque vamos sembrando con chicos j\u00f3venes para que contin\u00fae\u201d.<\/p>\n","protected":false},"excerpt":{"rendered":"<p>En el tradicional Patio del \u00abIndio\u00bb Froil\u00e1n se anunci\u00f3 este viernes la realizaci\u00f3n de la  XX Marcha de Los Bombos, a desarrollarse el s\u00e1bado 16 de julio a partir de las 10 y la vigilia programada para el viernes 15.<\/p>\n","protected":false},"author":2,"featured_media":41583,"comment_status":"open","ping_status":"open","sticky":false,"template":"","format":"standard","meta":{"om_disable_all_campaigns":false,"_monsterinsights_skip_tracking":false,"_monsterinsights_sitenote_active":false,"_monsterinsights_sitenote_note":"","_monsterinsights_sitenote_category":0,"_uf_show_specific_survey":0,"_uf_disable_surveys":false,"jetpack_post_was_ever_published":false,"_jetpack_newsletter_access":"","_jetpack_dont_email_post_to_subs":false,"_jetpack_newsletter_tier_id":0,"_jetpack_memberships_contains_paywalled_content":false,"_jetpack_memberships_contains_paid_content":false,"footnotes":"","jetpack_publicize_message":"","jetpack_publicize_feature_enabled":true,"jetpack_social_post_already_shared":false,"jetpack_social_options":{"image_generator_settings":{"template":"highway","default_image_id":0,"font":"","enabled":false},"version":2}},"categories":[21],"tags":[],"class_list":["post-41582","post","type-post","status-publish","format-standard","has-post-thumbnail","hentry","category-locales"],"aioseo_notices":[],"views":8,"jetpack_publicize_connections":[],"jetpack_featured_media_url":"https:\/\/i0.wp.com\/elterritorialweb.com.ar\/web\/wp-content\/uploads\/2022\/06\/marcha.jpg?fit=2248%2C1500","jetpack_sharing_enabled":true,"_links":{"self":[{"href":"http:\/\/elterritorialweb.com.ar\/web\/wp-json\/wp\/v2\/posts\/41582","targetHints":{"allow":["GET"]}}],"collection":[{"href":"http:\/\/elterritorialweb.com.ar\/web\/wp-json\/wp\/v2\/posts"}],"about":[{"href":"http:\/\/elterritorialweb.com.ar\/web\/wp-json\/wp\/v2\/types\/post"}],"author":[{"embeddable":true,"href":"http:\/\/elterritorialweb.com.ar\/web\/wp-json\/wp\/v2\/users\/2"}],"replies":[{"embeddable":true,"href":"http:\/\/elterritorialweb.com.ar\/web\/wp-json\/wp\/v2\/comments?post=41582"}],"version-history":[{"count":2,"href":"http:\/\/elterritorialweb.com.ar\/web\/wp-json\/wp\/v2\/posts\/41582\/revisions"}],"predecessor-version":[{"id":41585,"href":"http:\/\/elterritorialweb.com.ar\/web\/wp-json\/wp\/v2\/posts\/41582\/revisions\/41585"}],"wp:featuredmedia":[{"embeddable":true,"href":"http:\/\/elterritorialweb.com.ar\/web\/wp-json\/wp\/v2\/media\/41583"}],"wp:attachment":[{"href":"http:\/\/elterritorialweb.com.ar\/web\/wp-json\/wp\/v2\/media?parent=41582"}],"wp:term":[{"taxonomy":"category","embeddable":true,"href":"http:\/\/elterritorialweb.com.ar\/web\/wp-json\/wp\/v2\/categories?post=41582"},{"taxonomy":"post_tag","embeddable":true,"href":"http:\/\/elterritorialweb.com.ar\/web\/wp-json\/wp\/v2\/tags?post=41582"}],"curies":[{"name":"wp","href":"https:\/\/api.w.org\/{rel}","templated":true}]}}