{"id":41586,"date":"2022-06-24T20:50:07","date_gmt":"2022-06-24T20:50:07","guid":{"rendered":"http:\/\/elterritorialweb.com.ar\/web\/?p=41586"},"modified":"2022-06-24T20:51:19","modified_gmt":"2022-06-24T20:51:19","slug":"nediani-camino-el-barrio-banfield-y-dialogo-con-los-vecinos-sobres-obras-en-progreso","status":"publish","type":"post","link":"http:\/\/elterritorialweb.com.ar\/web\/nediani-camino-el-barrio-banfield-y-dialogo-con-los-vecinos-sobres-obras-en-progreso\/","title":{"rendered":"NEDIANI CAMIN\u00d3 EL BARRIO BANFIELD Y DIALOG\u00d3 CON LOS VECINOS SOBRES OBRAS EN PROGRESO"},"content":{"rendered":"\n<p>De puerta en puerta, el jefe comunal se interioriz\u00f3 no solo de la situaci\u00f3n del lugar sino tambi\u00e9n de la situaci\u00f3n personal de cada vecino y de esta manera diagramar acciones conjuntas para una pronta soluci\u00f3n.<\/p>\n\n\n\n<p>En la oportunidad, Nediani manifest\u00f3: \u201cCaminamos con Karina, Estela del barrio Banfield, con los vecinos, teniendo ese contacto directo con cada uno de los vecinos del barrio y comprometi\u00e9ndome con cada uno de ellos para trabajar y a mejorar el barrio\u201d.<\/p>\n\n\n\n<p>\u201cHablamos de que el barrio necesita pavimento, mejoras en el sistema lum\u00ednico y en ese sentido vamos a seguir trabajando por lo que le pido a los vecinos que tengan un poquito de paciencia porque estamos trabajando en diferentes sectores de la ciudad y para ello necesitamos terminar en ciertos lugares para comenzar otros\u201d.<\/p>\n\n\n\n<p>Y anticip\u00f3 que pr\u00f3ximamente se realizar\u00e1n trabajos de arreglo de calles, pavimentaci\u00f3n y dem\u00e1s en calles del barrio Banfield.<\/p>\n\n\n\n<figure class=\"wp-block-image size-large\"><a href=\"https:\/\/i0.wp.com\/elterritorialweb.com.ar\/web\/wp-content\/uploads\/2022\/06\/WhatsApp-Image-2022-06-24-at-7.13.53-PM.jpeg\"><img data-recalc-dims=\"1\" decoding=\"async\" width=\"640\" height=\"373\" data-src=\"https:\/\/i0.wp.com\/elterritorialweb.com.ar\/web\/wp-content\/uploads\/2022\/06\/WhatsApp-Image-2022-06-24-at-7.13.53-PM.jpeg?resize=640%2C373\" alt=\"\" class=\"wp-image-41587 lazyload\" data-srcset=\"https:\/\/i0.wp.com\/elterritorialweb.com.ar\/web\/wp-content\/uploads\/2022\/06\/WhatsApp-Image-2022-06-24-at-7.13.53-PM.jpeg?resize=1024%2C597 1024w, https:\/\/i0.wp.com\/elterritorialweb.com.ar\/web\/wp-content\/uploads\/2022\/06\/WhatsApp-Image-2022-06-24-at-7.13.53-PM.jpeg?resize=300%2C175 300w, https:\/\/i0.wp.com\/elterritorialweb.com.ar\/web\/wp-content\/uploads\/2022\/06\/WhatsApp-Image-2022-06-24-at-7.13.53-PM.jpeg?resize=768%2C448 768w, https:\/\/i0.wp.com\/elterritorialweb.com.ar\/web\/wp-content\/uploads\/2022\/06\/WhatsApp-Image-2022-06-24-at-7.13.53-PM.jpeg?resize=1536%2C895 1536w, https:\/\/i0.wp.com\/elterritorialweb.com.ar\/web\/wp-content\/uploads\/2022\/06\/WhatsApp-Image-2022-06-24-at-7.13.53-PM.jpeg?w=1589 1589w, https:\/\/i0.wp.com\/elterritorialweb.com.ar\/web\/wp-content\/uploads\/2022\/06\/WhatsApp-Image-2022-06-24-at-7.13.53-PM.jpeg?w=1280 1280w\" data-sizes=\"(max-width: 640px) 100vw, 640px\" src=\"data:image\/svg+xml;base64,PHN2ZyB3aWR0aD0iMSIgaGVpZ2h0PSIxIiB4bWxucz0iaHR0cDovL3d3dy53My5vcmcvMjAwMC9zdmciPjwvc3ZnPg==\" style=\"--smush-placeholder-width: 640px; --smush-placeholder-aspect-ratio: 640\/373;\" \/><\/a><\/figure>\n\n\n\n<p><strong>RECIBIMIENTO EN EL CLUB BANFIELD<\/strong><\/p>\n\n\n\n<p>El jefe comunal fue recibido a dem\u00e1s en las instalaciones del Club Atl\u00e9tico Banfield por el cuerpo t\u00e9cnico, jugadores e integrantes de la Comisi\u00f3n Directiva en donde se dialog\u00f3 sobre toda la actividad que se realiza en la entidad y sobre mejoras que se requieren para seguir trabajando en el club.<\/p>\n","protected":false},"excerpt":{"rendered":"<p>Acompa\u00f1ado por una importante cantidad de vecinos y su equipo de trabajo, el intendente Roger Nediani recorri\u00f3 las calles del barrio Banfield para conocer las necesidades del sector.<\/p>\n","protected":false},"author":2,"featured_media":41590,"comment_status":"open","ping_status":"open","sticky":false,"template":"","format":"standard","meta":{"om_disable_all_campaigns":false,"_monsterinsights_skip_tracking":false,"_monsterinsights_sitenote_active":false,"_monsterinsights_sitenote_note":"","_monsterinsights_sitenote_category":0,"_uf_show_specific_survey":0,"_uf_disable_surveys":false,"jetpack_post_was_ever_published":false,"_jetpack_newsletter_access":"","_jetpack_dont_email_post_to_subs":false,"_jetpack_newsletter_tier_id":0,"_jetpack_memberships_contains_paywalled_content":false,"_jetpack_memberships_contains_paid_content":false,"footnotes":"","jetpack_publicize_message":"","jetpack_publicize_feature_enabled":true,"jetpack_social_post_already_shared":false,"jetpack_social_options":{"image_generator_settings":{"template":"highway","default_image_id":0,"font":"","enabled":false},"version":2}},"categories":[21],"tags":[],"class_list":["post-41586","post","type-post","status-publish","format-standard","has-post-thumbnail","hentry","category-locales"],"aioseo_notices":[],"views":12,"jetpack_publicize_connections":[],"jetpack_featured_media_url":"https:\/\/i0.wp.com\/elterritorialweb.com.ar\/web\/wp-content\/uploads\/2022\/06\/WhatsApp-Image-2022-06-24-at-7.13.54-PM-1.jpeg?fit=1599%2C822","jetpack_sharing_enabled":true,"_links":{"self":[{"href":"http:\/\/elterritorialweb.com.ar\/web\/wp-json\/wp\/v2\/posts\/41586","targetHints":{"allow":["GET"]}}],"collection":[{"href":"http:\/\/elterritorialweb.com.ar\/web\/wp-json\/wp\/v2\/posts"}],"about":[{"href":"http:\/\/elterritorialweb.com.ar\/web\/wp-json\/wp\/v2\/types\/post"}],"author":[{"embeddable":true,"href":"http:\/\/elterritorialweb.com.ar\/web\/wp-json\/wp\/v2\/users\/2"}],"replies":[{"embeddable":true,"href":"http:\/\/elterritorialweb.com.ar\/web\/wp-json\/wp\/v2\/comments?post=41586"}],"version-history":[{"count":1,"href":"http:\/\/elterritorialweb.com.ar\/web\/wp-json\/wp\/v2\/posts\/41586\/revisions"}],"predecessor-version":[{"id":41589,"href":"http:\/\/elterritorialweb.com.ar\/web\/wp-json\/wp\/v2\/posts\/41586\/revisions\/41589"}],"wp:featuredmedia":[{"embeddable":true,"href":"http:\/\/elterritorialweb.com.ar\/web\/wp-json\/wp\/v2\/media\/41590"}],"wp:attachment":[{"href":"http:\/\/elterritorialweb.com.ar\/web\/wp-json\/wp\/v2\/media?parent=41586"}],"wp:term":[{"taxonomy":"category","embeddable":true,"href":"http:\/\/elterritorialweb.com.ar\/web\/wp-json\/wp\/v2\/categories?post=41586"},{"taxonomy":"post_tag","embeddable":true,"href":"http:\/\/elterritorialweb.com.ar\/web\/wp-json\/wp\/v2\/tags?post=41586"}],"curies":[{"name":"wp","href":"https:\/\/api.w.org\/{rel}","templated":true}]}}