{"id":41593,"date":"2022-06-26T15:17:32","date_gmt":"2022-06-26T15:17:32","guid":{"rendered":"http:\/\/elterritorialweb.com.ar\/web\/?p=41593"},"modified":"2022-06-26T15:17:32","modified_gmt":"2022-06-26T15:17:32","slug":"importante-encuentro-para-abrir-penas-en-frankfurt","status":"publish","type":"post","link":"http:\/\/elterritorialweb.com.ar\/web\/importante-encuentro-para-abrir-penas-en-frankfurt\/","title":{"rendered":"IMPORTANTE ENCUENTRO PARA ABRIR PE\u00d1AS EN FRANKFURT"},"content":{"rendered":"\n<p><em>\u00abJunto a Rodrigo, tenemos la intenci\u00f3n de fortalecer la presencia de la m\u00fasica argentina y l\u00f3gicamente en especial la de Santiago del Estero en la zona centro de este pa\u00eds\u00bb<\/em>, explic\u00f3 Sosa.<\/p>\n\n\n\n<p>Reinoso es oriundo del barrio C\u00e1ceres de la ciudad de Santiago del Estero y desde hace 5 a\u00f1os vive en W\u00fcrzburg (a 40 minutos de Frankfurt) donde es asistente t\u00e9cnico en S. Oliver W\u00fcrzburg que juega la Bundesliga (Primera liga Alemana) y entrenador de la U16.<\/p>\n\n\n\n<p>Su hermano es m\u00fasico y ya se organizaron dos ediciones de la pe\u00f1a El Santiague\u00f1azo, la segunda se har\u00e1 este s\u00e1bado en Hamburgo, con la participaci\u00f3n del d\u00fao Coplanacu.<\/p>\n","protected":false},"excerpt":{"rendered":"<p>El Secretario Ejecutivo del Inprotur, Ricardo Sosa, se reuni\u00f3 en Frankfurt con el santiague\u00f1o Rodrigo Reinoso, quien est\u00e1 colaborando en la organizaci\u00f3n de pe\u00f1as folcloricas en esa zona de Alemania.<\/p>\n","protected":false},"author":2,"featured_media":41594,"comment_status":"open","ping_status":"open","sticky":false,"template":"","format":"standard","meta":{"om_disable_all_campaigns":false,"_monsterinsights_skip_tracking":false,"_monsterinsights_sitenote_active":false,"_monsterinsights_sitenote_note":"","_monsterinsights_sitenote_category":0,"_uf_show_specific_survey":0,"_uf_disable_surveys":false,"jetpack_post_was_ever_published":false,"_jetpack_newsletter_access":"","_jetpack_dont_email_post_to_subs":false,"_jetpack_newsletter_tier_id":0,"_jetpack_memberships_contains_paywalled_content":false,"_jetpack_memberships_contains_paid_content":false,"footnotes":"","jetpack_publicize_message":"","jetpack_publicize_feature_enabled":true,"jetpack_social_post_already_shared":false,"jetpack_social_options":{"image_generator_settings":{"template":"highway","default_image_id":0,"font":"","enabled":false},"version":2}},"categories":[29],"tags":[],"class_list":["post-41593","post","type-post","status-publish","format-standard","has-post-thumbnail","hentry","category-turismo"],"aioseo_notices":[],"views":7,"jetpack_publicize_connections":[],"jetpack_featured_media_url":"https:\/\/i0.wp.com\/elterritorialweb.com.ar\/web\/wp-content\/uploads\/2022\/06\/PENAS-FRANKFURT-2022.jpeg?fit=1280%2C740","jetpack_sharing_enabled":true,"_links":{"self":[{"href":"http:\/\/elterritorialweb.com.ar\/web\/wp-json\/wp\/v2\/posts\/41593","targetHints":{"allow":["GET"]}}],"collection":[{"href":"http:\/\/elterritorialweb.com.ar\/web\/wp-json\/wp\/v2\/posts"}],"about":[{"href":"http:\/\/elterritorialweb.com.ar\/web\/wp-json\/wp\/v2\/types\/post"}],"author":[{"embeddable":true,"href":"http:\/\/elterritorialweb.com.ar\/web\/wp-json\/wp\/v2\/users\/2"}],"replies":[{"embeddable":true,"href":"http:\/\/elterritorialweb.com.ar\/web\/wp-json\/wp\/v2\/comments?post=41593"}],"version-history":[{"count":1,"href":"http:\/\/elterritorialweb.com.ar\/web\/wp-json\/wp\/v2\/posts\/41593\/revisions"}],"predecessor-version":[{"id":41595,"href":"http:\/\/elterritorialweb.com.ar\/web\/wp-json\/wp\/v2\/posts\/41593\/revisions\/41595"}],"wp:featuredmedia":[{"embeddable":true,"href":"http:\/\/elterritorialweb.com.ar\/web\/wp-json\/wp\/v2\/media\/41594"}],"wp:attachment":[{"href":"http:\/\/elterritorialweb.com.ar\/web\/wp-json\/wp\/v2\/media?parent=41593"}],"wp:term":[{"taxonomy":"category","embeddable":true,"href":"http:\/\/elterritorialweb.com.ar\/web\/wp-json\/wp\/v2\/categories?post=41593"},{"taxonomy":"post_tag","embeddable":true,"href":"http:\/\/elterritorialweb.com.ar\/web\/wp-json\/wp\/v2\/tags?post=41593"}],"curies":[{"name":"wp","href":"https:\/\/api.w.org\/{rel}","templated":true}]}}