{"id":41599,"date":"2022-06-27T01:39:33","date_gmt":"2022-06-27T01:39:33","guid":{"rendered":"http:\/\/elterritorialweb.com.ar\/web\/?p=41599"},"modified":"2022-06-27T01:39:33","modified_gmt":"2022-06-27T01:39:33","slug":"avanzan-los-preparativos-para-la-reapertura-del-predio-de-upianita","status":"publish","type":"post","link":"http:\/\/elterritorialweb.com.ar\/web\/avanzan-los-preparativos-para-la-reapertura-del-predio-de-upianita\/","title":{"rendered":"AVANZAN LOS PREPARATIVOS PARA LA REAPERTURA DEL PREDIO DE UPIANITA"},"content":{"rendered":"\n<p>En la oportunidad les inform\u00f3 que de no mediar inconvenientes la Feria se podr\u00eda reabrir en poco tiempo, posiblemente los primeros d\u00edas de julio.<\/p>\n\n\n\n<p>Este anuncio era muy esperado por la comunidad de la zona, teniendo en cuenta que una de las principales funciones de la feria es justamente brindar una herramienta para el desarrollo econ\u00f3mico gracias al turismo, lo cual funcion\u00f3 de manera excelente hasta la llegada de la pandemia. <\/p>\n\n\n\n<figure class=\"wp-block-image size-full\"><a href=\"https:\/\/i0.wp.com\/elterritorialweb.com.ar\/web\/wp-content\/uploads\/2022\/06\/upianita-1.jpg\"><img data-recalc-dims=\"1\" decoding=\"async\" width=\"640\" height=\"640\" data-src=\"https:\/\/i0.wp.com\/elterritorialweb.com.ar\/web\/wp-content\/uploads\/2022\/06\/upianita-1.jpg?resize=640%2C640\" alt=\"\" class=\"wp-image-41601 lazyload\" data-srcset=\"https:\/\/i0.wp.com\/elterritorialweb.com.ar\/web\/wp-content\/uploads\/2022\/06\/upianita-1.jpg?w=853 853w, https:\/\/i0.wp.com\/elterritorialweb.com.ar\/web\/wp-content\/uploads\/2022\/06\/upianita-1.jpg?resize=300%2C300 300w, https:\/\/i0.wp.com\/elterritorialweb.com.ar\/web\/wp-content\/uploads\/2022\/06\/upianita-1.jpg?resize=150%2C150 150w, https:\/\/i0.wp.com\/elterritorialweb.com.ar\/web\/wp-content\/uploads\/2022\/06\/upianita-1.jpg?resize=768%2C768 768w\" data-sizes=\"(max-width: 640px) 100vw, 640px\" src=\"data:image\/svg+xml;base64,PHN2ZyB3aWR0aD0iMSIgaGVpZ2h0PSIxIiB4bWxucz0iaHR0cDovL3d3dy53My5vcmcvMjAwMC9zdmciPjwvc3ZnPg==\" style=\"--smush-placeholder-width: 640px; --smush-placeholder-aspect-ratio: 640\/640;\" \/><\/a><\/figure>\n\n\n\n<p>Es por eso que la noticia fue tomada con mucha alegr\u00eda por la comunidad de Manogasta y todo el departamento Silipica. Durante la reuni\u00f3n tambi\u00e9n estuvo presente, la coordinadora de la feria perteneciente a la Subsecretaria de Turismo, Lorena Anchaba, y los feriantes del lugar.<\/p>\n\n\n\n<p>Cabe destacar que el patio santiague\u00f1o que funciona los s\u00e1bados en la Feria Artesanal y Productiva de Up\u00edanita, es uno de los m\u00e1s convocantes de la provincia por su autenticidad, la calidad de sus productos gastron\u00f3micos y el gran contacto con la naturaleza que se puede vivir en el predio.<\/p>\n","protected":false},"excerpt":{"rendered":"<p>En el marco de los preparativos, para la reapertura plena de las actividades tur\u00edsticas, el Subsecretario de Turismo de Santiago del Estero prof. Nelson Bravo, se reuni\u00f3 est\u00e1 tarde con los feriantes de la Feria Artesanal y Productiva de Upianita \u2013El Camino Real- .<\/p>\n","protected":false},"author":2,"featured_media":41600,"comment_status":"open","ping_status":"open","sticky":false,"template":"","format":"standard","meta":{"om_disable_all_campaigns":false,"_monsterinsights_skip_tracking":false,"_monsterinsights_sitenote_active":false,"_monsterinsights_sitenote_note":"","_monsterinsights_sitenote_category":0,"_uf_show_specific_survey":0,"_uf_disable_surveys":false,"jetpack_post_was_ever_published":false,"_jetpack_newsletter_access":"","_jetpack_dont_email_post_to_subs":false,"_jetpack_newsletter_tier_id":0,"_jetpack_memberships_contains_paywalled_content":false,"_jetpack_memberships_contains_paid_content":false,"footnotes":"","jetpack_publicize_message":"","jetpack_publicize_feature_enabled":true,"jetpack_social_post_already_shared":false,"jetpack_social_options":{"image_generator_settings":{"template":"highway","default_image_id":0,"font":"","enabled":false},"version":2}},"categories":[21],"tags":[],"class_list":["post-41599","post","type-post","status-publish","format-standard","has-post-thumbnail","hentry","category-locales"],"aioseo_notices":[],"views":8,"jetpack_publicize_connections":[],"jetpack_featured_media_url":"https:\/\/i0.wp.com\/elterritorialweb.com.ar\/web\/wp-content\/uploads\/2022\/06\/upianita.jpg?fit=1080%2C1080","jetpack_sharing_enabled":true,"_links":{"self":[{"href":"http:\/\/elterritorialweb.com.ar\/web\/wp-json\/wp\/v2\/posts\/41599","targetHints":{"allow":["GET"]}}],"collection":[{"href":"http:\/\/elterritorialweb.com.ar\/web\/wp-json\/wp\/v2\/posts"}],"about":[{"href":"http:\/\/elterritorialweb.com.ar\/web\/wp-json\/wp\/v2\/types\/post"}],"author":[{"embeddable":true,"href":"http:\/\/elterritorialweb.com.ar\/web\/wp-json\/wp\/v2\/users\/2"}],"replies":[{"embeddable":true,"href":"http:\/\/elterritorialweb.com.ar\/web\/wp-json\/wp\/v2\/comments?post=41599"}],"version-history":[{"count":1,"href":"http:\/\/elterritorialweb.com.ar\/web\/wp-json\/wp\/v2\/posts\/41599\/revisions"}],"predecessor-version":[{"id":41602,"href":"http:\/\/elterritorialweb.com.ar\/web\/wp-json\/wp\/v2\/posts\/41599\/revisions\/41602"}],"wp:featuredmedia":[{"embeddable":true,"href":"http:\/\/elterritorialweb.com.ar\/web\/wp-json\/wp\/v2\/media\/41600"}],"wp:attachment":[{"href":"http:\/\/elterritorialweb.com.ar\/web\/wp-json\/wp\/v2\/media?parent=41599"}],"wp:term":[{"taxonomy":"category","embeddable":true,"href":"http:\/\/elterritorialweb.com.ar\/web\/wp-json\/wp\/v2\/categories?post=41599"},{"taxonomy":"post_tag","embeddable":true,"href":"http:\/\/elterritorialweb.com.ar\/web\/wp-json\/wp\/v2\/tags?post=41599"}],"curies":[{"name":"wp","href":"https:\/\/api.w.org\/{rel}","templated":true}]}}