{"id":41603,"date":"2022-06-27T01:51:19","date_gmt":"2022-06-27T01:51:19","guid":{"rendered":"http:\/\/elterritorialweb.com.ar\/web\/?p=41603"},"modified":"2022-06-27T01:55:29","modified_gmt":"2022-06-27T01:55:29","slug":"se-reportaron-25-680-casos-positivos-en-la-ultima-semana-en-argentina","status":"publish","type":"post","link":"http:\/\/elterritorialweb.com.ar\/web\/se-reportaron-25-680-casos-positivos-en-la-ultima-semana-en-argentina\/","title":{"rendered":"SE REPORTARON 25.680 CASOS POSITIVOS EN LA \u00daLTIMA SEMANA EN ARGENTINA"},"content":{"rendered":"\n<p>El Ministerio de Salud report\u00f3 este domingo&nbsp;<strong>54 muertes por coronavirus y 25.680 contagios en la \u00faltima semana<\/strong>&nbsp;en la Argentina, lo que representa un 8,4% menos de casos que el domingo pasado (28.039).<\/p>\n\n\n\n<p>De esta manera, suman 129.070 los fallecidos registrados oficialmente a nivel nacional y 9.367.172 los contagiados desde el inicio de la pandemia.<\/p>\n\n\n\n<p>La cartera sanitaria indic\u00f3 que son&nbsp;<strong>386 los internados con coronavirus en unidades de terapia intensiva<\/strong>, con un porcentaje de ocupaci\u00f3n de camas de adultos en el sector p\u00fablico y privado, para todas las patolog\u00edas, de 43,2% en el pa\u00eds.<\/p>\n\n\n\n<p>Durante la \u00faltima semana murieron 23 personas en Buenos Aires, 1 en la Ciudad de Buenos Aires, 2 en Catamarca, 1 en Chubut, 5 en C\u00f3rdoba, 4 en Entre R\u00edos, 1 en Jujuy, 4 en La Pampa, 1 en La Rioja, 5 en Mendoza, 1 en Neuqu\u00e9n, 2 en R\u00edo Negro, y 4 en San Juan.<\/p>\n\n\n\n<p>Seg\u00fan el Monitor P\u00fablico de Vacunaci\u00f3n, el total de dosis aplicadas asciende a 105.481.211, de los cuales 40.835.277 recibieron una dosis, 37.584.941 las dos, 3.092.780 una adicional y 23.968.213 una de refuerzo, mientras que las vacunas distribuidas a las jurisdicciones llegan a 112.369.242 y las donadas a 5.083.000.<\/p>\n\n\n\n<figure class=\"wp-block-embed is-type-rich is-provider-twitter wp-block-embed-twitter\"><div class=\"wp-block-embed__wrapper\">\n<div class=\"embed-twitter\"><blockquote class=\"twitter-tweet\" data-width=\"550\" data-dnt=\"true\"><p lang=\"es\" dir=\"ltr\">Situaci\u00f3n <a href=\"https:\/\/twitter.com\/hashtag\/COVID19?src=hash&amp;ref_src=twsrc%5Etfw\">#COVID19<\/a> en Argentina<br><br>Confirmados en la semana: 25.680<br>Total: 9.367.172 casos          <br><br>Fallecidos en la semana: 54<br>Total:129.070<br><br>Ocupaci\u00f3n camas UTI: 386<br><br>Porcentaje ocupaci\u00f3n total camas UTI adulto: <br> <br>&#8211; Naci\u00f3n: 43,2%<br><br>Reporte completo\ud83d\udd3b<a href=\"https:\/\/t.co\/be4GiHOwpj\">https:\/\/t.co\/be4GiHOwpj<\/a><\/p>&mdash; Ministerio de Salud de la Naci\u00f3n (@MinSalud_Ar) <a href=\"https:\/\/twitter.com\/MinSalud_Ar\/status\/1541155739309412353?ref_src=twsrc%5Etfw\">June 26, 2022<\/a><\/blockquote><script async src=\"https:\/\/platform.twitter.com\/widgets.js\" charset=\"utf-8\"><\/script><\/div>\n<\/div><\/figure>\n","protected":false},"excerpt":{"rendered":"<p>De acuerdo a los datos difundidos, con 54 decesos la cantidad de muertes aument\u00f3 145% en relaci\u00f3n a la semana pasada cuando se hab\u00edan informado 22 fallecimientos.<\/p>\n","protected":false},"author":2,"featured_media":41606,"comment_status":"open","ping_status":"open","sticky":false,"template":"","format":"standard","meta":{"om_disable_all_campaigns":false,"_monsterinsights_skip_tracking":false,"_monsterinsights_sitenote_active":false,"_monsterinsights_sitenote_note":"","_monsterinsights_sitenote_category":0,"_uf_show_specific_survey":0,"_uf_disable_surveys":false,"jetpack_post_was_ever_published":false,"_jetpack_newsletter_access":"","_jetpack_dont_email_post_to_subs":false,"_jetpack_newsletter_tier_id":0,"_jetpack_memberships_contains_paywalled_content":false,"_jetpack_memberships_contains_paid_content":false,"footnotes":"","jetpack_publicize_message":"","jetpack_publicize_feature_enabled":true,"jetpack_social_post_already_shared":false,"jetpack_social_options":{"image_generator_settings":{"template":"highway","default_image_id":0,"font":"","enabled":false},"version":2}},"categories":[4,3],"tags":[],"class_list":["post-41603","post","type-post","status-publish","format-standard","has-post-thumbnail","hentry","category-destacadas","category-salud"],"aioseo_notices":[],"views":12,"jetpack_publicize_connections":[],"jetpack_featured_media_url":"https:\/\/i0.wp.com\/elterritorialweb.com.ar\/web\/wp-content\/uploads\/2022\/06\/ISOPADOS.jpeg?fit=700%2C466","jetpack_sharing_enabled":true,"_links":{"self":[{"href":"http:\/\/elterritorialweb.com.ar\/web\/wp-json\/wp\/v2\/posts\/41603","targetHints":{"allow":["GET"]}}],"collection":[{"href":"http:\/\/elterritorialweb.com.ar\/web\/wp-json\/wp\/v2\/posts"}],"about":[{"href":"http:\/\/elterritorialweb.com.ar\/web\/wp-json\/wp\/v2\/types\/post"}],"author":[{"embeddable":true,"href":"http:\/\/elterritorialweb.com.ar\/web\/wp-json\/wp\/v2\/users\/2"}],"replies":[{"embeddable":true,"href":"http:\/\/elterritorialweb.com.ar\/web\/wp-json\/wp\/v2\/comments?post=41603"}],"version-history":[{"count":1,"href":"http:\/\/elterritorialweb.com.ar\/web\/wp-json\/wp\/v2\/posts\/41603\/revisions"}],"predecessor-version":[{"id":41605,"href":"http:\/\/elterritorialweb.com.ar\/web\/wp-json\/wp\/v2\/posts\/41603\/revisions\/41605"}],"wp:featuredmedia":[{"embeddable":true,"href":"http:\/\/elterritorialweb.com.ar\/web\/wp-json\/wp\/v2\/media\/41606"}],"wp:attachment":[{"href":"http:\/\/elterritorialweb.com.ar\/web\/wp-json\/wp\/v2\/media?parent=41603"}],"wp:term":[{"taxonomy":"category","embeddable":true,"href":"http:\/\/elterritorialweb.com.ar\/web\/wp-json\/wp\/v2\/categories?post=41603"},{"taxonomy":"post_tag","embeddable":true,"href":"http:\/\/elterritorialweb.com.ar\/web\/wp-json\/wp\/v2\/tags?post=41603"}],"curies":[{"name":"wp","href":"https:\/\/api.w.org\/{rel}","templated":true}]}}