{"id":41616,"date":"2022-06-27T02:54:58","date_gmt":"2022-06-27T02:54:58","guid":{"rendered":"http:\/\/elterritorialweb.com.ar\/web\/?p=41616"},"modified":"2022-06-27T03:09:13","modified_gmt":"2022-06-27T03:09:13","slug":"continua-el-dictado-del-postitulo-educacion-ambiental-para-la-sustentabilidad","status":"publish","type":"post","link":"http:\/\/elterritorialweb.com.ar\/web\/continua-el-dictado-del-postitulo-educacion-ambiental-para-la-sustentabilidad\/","title":{"rendered":"CONTIN\u00daA EL DICTADO DEL POST\u00cdTULO \u00abEDUCACI\u00d3N AMBIENTAL PARA LA SUSTENTABILIDAD\u00bb"},"content":{"rendered":"\n<p>Esta experiencia formativa se desarrolla de manera conjunta con la Universidad Nacional de Santiago del Estero. El m\u00f3dulo \u00faltimo estuvo a cargo del Lic. Enrique Milanesi, director de Articulaci\u00f3n Institucional del Instituto de Hidrobiolog\u00eda de Termas de R\u00edo Hondo.<\/p>\n\n\n\n<p>El disertante destac\u00f3 que La agenda XXI acordada en R\u00edo de Janeiro define a la Educaci\u00f3n Ambiental como la herramienta insustituible para repensar y cambiar un modelo de conocimiento mutilante, que tiene como objeto constituir un paradigma que revalorice a los saberes tradicionales y se abra hacia el di\u00e1logo de saberes.<\/p>\n\n\n\n<p>El post\u00edtulo que impacta sobre los docentes permite adquirir herramientas pedag\u00f3gicas para abordar la tem\u00e1tica ambiental en las aulas.<\/p>\n","protected":false},"excerpt":{"rendered":"<p>En la continuidad del post\u00edtulo de Educaci\u00f3n Ambiental para la Sustentabilidad, que lleva adelante la Municipalidad de la Capital para los docentes de sus jardines de infantes, se dict\u00f3 el m\u00f3dulo sobre Historia y estado actual de la educaci\u00f3n ambiental.<\/p>\n","protected":false},"author":2,"featured_media":41617,"comment_status":"open","ping_status":"open","sticky":false,"template":"","format":"standard","meta":{"om_disable_all_campaigns":false,"_monsterinsights_skip_tracking":false,"_monsterinsights_sitenote_active":false,"_monsterinsights_sitenote_note":"","_monsterinsights_sitenote_category":0,"_uf_show_specific_survey":0,"_uf_disable_surveys":false,"jetpack_post_was_ever_published":false,"_jetpack_newsletter_access":"","_jetpack_dont_email_post_to_subs":false,"_jetpack_newsletter_tier_id":0,"_jetpack_memberships_contains_paywalled_content":false,"_jetpack_memberships_contains_paid_content":false,"footnotes":"","jetpack_publicize_message":"","jetpack_publicize_feature_enabled":true,"jetpack_social_post_already_shared":false,"jetpack_social_options":{"image_generator_settings":{"template":"highway","default_image_id":0,"font":"","enabled":false},"version":2}},"categories":[19],"tags":[],"class_list":["post-41616","post","type-post","status-publish","format-standard","has-post-thumbnail","hentry","category-educacion"],"aioseo_notices":[],"views":12,"jetpack_publicize_connections":[],"jetpack_featured_media_url":"https:\/\/i0.wp.com\/elterritorialweb.com.ar\/web\/wp-content\/uploads\/2022\/06\/postitulo-ambiente.jpeg?fit=1600%2C721","jetpack_sharing_enabled":true,"_links":{"self":[{"href":"http:\/\/elterritorialweb.com.ar\/web\/wp-json\/wp\/v2\/posts\/41616","targetHints":{"allow":["GET"]}}],"collection":[{"href":"http:\/\/elterritorialweb.com.ar\/web\/wp-json\/wp\/v2\/posts"}],"about":[{"href":"http:\/\/elterritorialweb.com.ar\/web\/wp-json\/wp\/v2\/types\/post"}],"author":[{"embeddable":true,"href":"http:\/\/elterritorialweb.com.ar\/web\/wp-json\/wp\/v2\/users\/2"}],"replies":[{"embeddable":true,"href":"http:\/\/elterritorialweb.com.ar\/web\/wp-json\/wp\/v2\/comments?post=41616"}],"version-history":[{"count":2,"href":"http:\/\/elterritorialweb.com.ar\/web\/wp-json\/wp\/v2\/posts\/41616\/revisions"}],"predecessor-version":[{"id":41620,"href":"http:\/\/elterritorialweb.com.ar\/web\/wp-json\/wp\/v2\/posts\/41616\/revisions\/41620"}],"wp:featuredmedia":[{"embeddable":true,"href":"http:\/\/elterritorialweb.com.ar\/web\/wp-json\/wp\/v2\/media\/41617"}],"wp:attachment":[{"href":"http:\/\/elterritorialweb.com.ar\/web\/wp-json\/wp\/v2\/media?parent=41616"}],"wp:term":[{"taxonomy":"category","embeddable":true,"href":"http:\/\/elterritorialweb.com.ar\/web\/wp-json\/wp\/v2\/categories?post=41616"},{"taxonomy":"post_tag","embeddable":true,"href":"http:\/\/elterritorialweb.com.ar\/web\/wp-json\/wp\/v2\/tags?post=41616"}],"curies":[{"name":"wp","href":"https:\/\/api.w.org\/{rel}","templated":true}]}}