{"id":41629,"date":"2022-06-27T03:28:50","date_gmt":"2022-06-27T03:28:50","guid":{"rendered":"http:\/\/elterritorialweb.com.ar\/web\/?p=41629"},"modified":"2022-06-27T03:28:50","modified_gmt":"2022-06-27T03:28:50","slug":"nediani-visito-la-obra-de-readecuacion-de-red-de-agua-de-los-barrios-finca-de-ramos-y-la-paloma","status":"publish","type":"post","link":"http:\/\/elterritorialweb.com.ar\/web\/nediani-visito-la-obra-de-readecuacion-de-red-de-agua-de-los-barrios-finca-de-ramos-y-la-paloma\/","title":{"rendered":"NEDIANI VISIT\u00d3 LA OBRA DE READECUACI\u00d3N DE RED DE AGUA DE LOS BARRIOS FINCA DE RAMOS Y LA PALOMA"},"content":{"rendered":"\n<p>El jefe comunal junto al secretario de Obras P\u00fablicas, Planificaci\u00f3n y Desarrollo Urbano, Cristian Alzamora, supervisaron el comienzo de la instalaci\u00f3n de un ca\u00f1o de 75 mil\u00edmetros de una extensi\u00f3n de 500 metros lineales ubicado en un sector que se vio afectado en el \u00faltimo verano debido a la precariedad de la extensi\u00f3n de red de agua potable.<br>En este sentido, desde el municipio se indic\u00f3 que estas acciones son impulsadas con el objetivo de mejorar la calidad de vida de los vecinos de este sector quienes solicitaron meses atr\u00e1s el apoyo de la comuna para acceder de una forma m\u00e1s afectiva al servicio de agua potable.<\/p>\n\n\n\n<figure class=\"wp-block-image size-large\"><a href=\"https:\/\/i0.wp.com\/elterritorialweb.com.ar\/web\/wp-content\/uploads\/2022\/06\/WhatsApp-Image-2022-06-26-at-8.35.30-PM.jpeg\"><img data-recalc-dims=\"1\" decoding=\"async\" width=\"640\" height=\"420\" data-src=\"https:\/\/i0.wp.com\/elterritorialweb.com.ar\/web\/wp-content\/uploads\/2022\/06\/WhatsApp-Image-2022-06-26-at-8.35.30-PM.jpeg?resize=640%2C420\" alt=\"\" class=\"wp-image-41631 lazyload\" data-srcset=\"https:\/\/i0.wp.com\/elterritorialweb.com.ar\/web\/wp-content\/uploads\/2022\/06\/WhatsApp-Image-2022-06-26-at-8.35.30-PM.jpeg?resize=1024%2C672 1024w, https:\/\/i0.wp.com\/elterritorialweb.com.ar\/web\/wp-content\/uploads\/2022\/06\/WhatsApp-Image-2022-06-26-at-8.35.30-PM.jpeg?resize=300%2C197 300w, https:\/\/i0.wp.com\/elterritorialweb.com.ar\/web\/wp-content\/uploads\/2022\/06\/WhatsApp-Image-2022-06-26-at-8.35.30-PM.jpeg?resize=768%2C504 768w, https:\/\/i0.wp.com\/elterritorialweb.com.ar\/web\/wp-content\/uploads\/2022\/06\/WhatsApp-Image-2022-06-26-at-8.35.30-PM.jpeg?w=1380 1380w, https:\/\/i0.wp.com\/elterritorialweb.com.ar\/web\/wp-content\/uploads\/2022\/06\/WhatsApp-Image-2022-06-26-at-8.35.30-PM.jpeg?w=1280 1280w\" data-sizes=\"(max-width: 640px) 100vw, 640px\" src=\"data:image\/svg+xml;base64,PHN2ZyB3aWR0aD0iMSIgaGVpZ2h0PSIxIiB4bWxucz0iaHR0cDovL3d3dy53My5vcmcvMjAwMC9zdmciPjwvc3ZnPg==\" style=\"--smush-placeholder-width: 640px; --smush-placeholder-aspect-ratio: 640\/420;\" \/><\/a><\/figure>\n\n\n\n<p>\u00abVisitamos el barrio donde se est\u00e1n realizando estas importantes acciones que eran tan esperadas por los vecinos ya que durante el verano sufrieron la faltante de agua, es un sector que est\u00e1 en crecimiento, se ha ido poblando a pasos acelerados y de a poco estamos prestando los servicios y obras necesarias para brindarles las mayores comodidades posibles\u00bb, destac\u00f3 Nediani.<\/p>\n","protected":false},"excerpt":{"rendered":"<p>El intendente Roger Nediani visit\u00f3 la obra de readecuaci\u00f3n de la red de agua potable de los barrios Finca de Ramos y La Paloma para efectivizar el servicio de las conexiones ubicadas sobre calle Gobernador Taboada.<\/p>\n","protected":false},"author":2,"featured_media":41630,"comment_status":"open","ping_status":"open","sticky":false,"template":"","format":"standard","meta":{"om_disable_all_campaigns":false,"_monsterinsights_skip_tracking":false,"_monsterinsights_sitenote_active":false,"_monsterinsights_sitenote_note":"","_monsterinsights_sitenote_category":0,"_uf_show_specific_survey":0,"_uf_disable_surveys":false,"jetpack_post_was_ever_published":false,"_jetpack_newsletter_access":"","_jetpack_dont_email_post_to_subs":false,"_jetpack_newsletter_tier_id":0,"_jetpack_memberships_contains_paywalled_content":false,"_jetpack_memberships_contains_paid_content":false,"footnotes":"","jetpack_publicize_message":"","jetpack_publicize_feature_enabled":true,"jetpack_social_post_already_shared":false,"jetpack_social_options":{"image_generator_settings":{"template":"highway","default_image_id":0,"font":"","enabled":false},"version":2}},"categories":[21],"tags":[],"class_list":["post-41629","post","type-post","status-publish","format-standard","has-post-thumbnail","hentry","category-locales"],"aioseo_notices":[],"views":8,"jetpack_publicize_connections":[],"jetpack_featured_media_url":"https:\/\/i0.wp.com\/elterritorialweb.com.ar\/web\/wp-content\/uploads\/2022\/06\/WhatsApp-Image-2022-06-26-at-8.35.29-PM.jpeg?fit=1380%2C906","jetpack_sharing_enabled":true,"_links":{"self":[{"href":"http:\/\/elterritorialweb.com.ar\/web\/wp-json\/wp\/v2\/posts\/41629","targetHints":{"allow":["GET"]}}],"collection":[{"href":"http:\/\/elterritorialweb.com.ar\/web\/wp-json\/wp\/v2\/posts"}],"about":[{"href":"http:\/\/elterritorialweb.com.ar\/web\/wp-json\/wp\/v2\/types\/post"}],"author":[{"embeddable":true,"href":"http:\/\/elterritorialweb.com.ar\/web\/wp-json\/wp\/v2\/users\/2"}],"replies":[{"embeddable":true,"href":"http:\/\/elterritorialweb.com.ar\/web\/wp-json\/wp\/v2\/comments?post=41629"}],"version-history":[{"count":1,"href":"http:\/\/elterritorialweb.com.ar\/web\/wp-json\/wp\/v2\/posts\/41629\/revisions"}],"predecessor-version":[{"id":41632,"href":"http:\/\/elterritorialweb.com.ar\/web\/wp-json\/wp\/v2\/posts\/41629\/revisions\/41632"}],"wp:featuredmedia":[{"embeddable":true,"href":"http:\/\/elterritorialweb.com.ar\/web\/wp-json\/wp\/v2\/media\/41630"}],"wp:attachment":[{"href":"http:\/\/elterritorialweb.com.ar\/web\/wp-json\/wp\/v2\/media?parent=41629"}],"wp:term":[{"taxonomy":"category","embeddable":true,"href":"http:\/\/elterritorialweb.com.ar\/web\/wp-json\/wp\/v2\/categories?post=41629"},{"taxonomy":"post_tag","embeddable":true,"href":"http:\/\/elterritorialweb.com.ar\/web\/wp-json\/wp\/v2\/tags?post=41629"}],"curies":[{"name":"wp","href":"https:\/\/api.w.org\/{rel}","templated":true}]}}