{"id":41633,"date":"2022-06-27T19:12:01","date_gmt":"2022-06-27T19:12:01","guid":{"rendered":"http:\/\/elterritorialweb.com.ar\/web\/?p=41633"},"modified":"2022-06-27T19:12:01","modified_gmt":"2022-06-27T19:12:01","slug":"mas-familias-se-benefician-con-soluciones-habitacionales","status":"publish","type":"post","link":"http:\/\/elterritorialweb.com.ar\/web\/mas-familias-se-benefician-con-soluciones-habitacionales\/","title":{"rendered":"M\u00c1S FAMILIAS SE BENEFICIAN CON SOLUCIONES HABITACIONALES"},"content":{"rendered":"\n<p>Las mismas benefician a familias que residen en los barrios capitalinos Los Lagos Sector Borges, Villa del Carmen, La Cat\u00f3lica, Tradici\u00f3n, Reconquista, Campo Contreras Viejo y John Kennedy. Mientras que en La Banda, se encuentran en los barrios Ramos Taboada, Matadero y 17 de Octubre.<br>La entrega simb\u00f3lica se hizo en el domicilio de Cesar Daniel Pieroni y Cristina Toloza, en El De\u00e1n, departamento Capital, donde fue recibido el subsecretario de Obras P\u00fablicas de la provincia, Jorge Zua\u00edn, quien hizo entrega de las viviendas en nombre del gobernador Gerardo Zamora. Tambi\u00e9n particip\u00f3 del acto la intendenta de la Capital, Norma Fuentes.<br>En este caso las unidades habitacionales fueron construidas con fondos provinciales a trav\u00e9s de las asociaciones civiles \u201cGestionando en Comunidad\u201d; \u201cMadre de Ciudades\u201d; \u201c18 de Enero\u201d; \u201cMaco en Crecimiento\u201d; \u201cHombres y Mujeres por Santiago\u201d; \u201cNuestra Se\u00f1ora de Lujan\u201d y \u201cLa Juventud Somos el Presente y Futuro\u201d, y la Asociaci\u00f3n de Fomento Vecinal Huaico Hondo\u201d.<br>Luego del corte de cinta Cristina Toloza, expres\u00f3: \u201cEstamos muy agradecidos al Gobierno de la provincia por contar con una vivienda propia, a partir de ahora marca un antes y un despu\u00e9s en nuestras vidas\u201d.<br>Por su parte la intendenta Norma Fuentes dijo: \u201cEstamos inaugurando de manera simult\u00e1nea nueve m\u00f3dulos y dos adaptaciones para personas con discapacidad, siguiendo la pol\u00edtica de estado donde se busca mejorar y consolidar la vivienda para todos los vecinos de la ciudad\u201d.<\/p>\n","protected":false},"excerpt":{"rendered":"<p>El Gobierno de la provincia realiz\u00f3 este lunes por la ma\u00f1ana la entrega de nueve soluciones habitacionales a familias de las ciudades Capital y La Banda, y tambi\u00e9n de la localidad de El De\u00e1n, entre las que se encuentran dos viviendas que fueron adaptadas especialmente para personas con discapacidad.<\/p>\n","protected":false},"author":2,"featured_media":41634,"comment_status":"open","ping_status":"open","sticky":false,"template":"","format":"standard","meta":{"om_disable_all_campaigns":false,"_monsterinsights_skip_tracking":false,"_monsterinsights_sitenote_active":false,"_monsterinsights_sitenote_note":"","_monsterinsights_sitenote_category":0,"_uf_show_specific_survey":0,"_uf_disable_surveys":false,"jetpack_post_was_ever_published":false,"_jetpack_newsletter_access":"","_jetpack_dont_email_post_to_subs":false,"_jetpack_newsletter_tier_id":0,"_jetpack_memberships_contains_paywalled_content":false,"_jetpack_memberships_contains_paid_content":false,"footnotes":"","jetpack_publicize_message":"","jetpack_publicize_feature_enabled":true,"jetpack_social_post_already_shared":false,"jetpack_social_options":{"image_generator_settings":{"template":"highway","default_image_id":0,"font":"","enabled":false},"version":2}},"categories":[21],"tags":[],"class_list":["post-41633","post","type-post","status-publish","format-standard","has-post-thumbnail","hentry","category-locales"],"aioseo_notices":[],"views":5,"jetpack_publicize_connections":[],"jetpack_featured_media_url":"https:\/\/i0.wp.com\/elterritorialweb.com.ar\/web\/wp-content\/uploads\/2022\/06\/soluciones.jpg?fit=1748%2C1490","jetpack_sharing_enabled":true,"_links":{"self":[{"href":"http:\/\/elterritorialweb.com.ar\/web\/wp-json\/wp\/v2\/posts\/41633","targetHints":{"allow":["GET"]}}],"collection":[{"href":"http:\/\/elterritorialweb.com.ar\/web\/wp-json\/wp\/v2\/posts"}],"about":[{"href":"http:\/\/elterritorialweb.com.ar\/web\/wp-json\/wp\/v2\/types\/post"}],"author":[{"embeddable":true,"href":"http:\/\/elterritorialweb.com.ar\/web\/wp-json\/wp\/v2\/users\/2"}],"replies":[{"embeddable":true,"href":"http:\/\/elterritorialweb.com.ar\/web\/wp-json\/wp\/v2\/comments?post=41633"}],"version-history":[{"count":1,"href":"http:\/\/elterritorialweb.com.ar\/web\/wp-json\/wp\/v2\/posts\/41633\/revisions"}],"predecessor-version":[{"id":41635,"href":"http:\/\/elterritorialweb.com.ar\/web\/wp-json\/wp\/v2\/posts\/41633\/revisions\/41635"}],"wp:featuredmedia":[{"embeddable":true,"href":"http:\/\/elterritorialweb.com.ar\/web\/wp-json\/wp\/v2\/media\/41634"}],"wp:attachment":[{"href":"http:\/\/elterritorialweb.com.ar\/web\/wp-json\/wp\/v2\/media?parent=41633"}],"wp:term":[{"taxonomy":"category","embeddable":true,"href":"http:\/\/elterritorialweb.com.ar\/web\/wp-json\/wp\/v2\/categories?post=41633"},{"taxonomy":"post_tag","embeddable":true,"href":"http:\/\/elterritorialweb.com.ar\/web\/wp-json\/wp\/v2\/tags?post=41633"}],"curies":[{"name":"wp","href":"https:\/\/api.w.org\/{rel}","templated":true}]}}