{"id":41637,"date":"2022-06-27T19:41:24","date_gmt":"2022-06-27T19:41:24","guid":{"rendered":"http:\/\/elterritorialweb.com.ar\/web\/?p=41637"},"modified":"2022-06-27T19:41:25","modified_gmt":"2022-06-27T19:41:25","slug":"8-marcha-de-las-cuerdas-y-fuelles-santiaguenos","status":"publish","type":"post","link":"http:\/\/elterritorialweb.com.ar\/web\/8-marcha-de-las-cuerdas-y-fuelles-santiaguenos\/","title":{"rendered":"8\u00b0 MARCHA DE LAS CUERDAS Y FUELLES SANTIAGUE\u00d1OS"},"content":{"rendered":"\n<p>Los presentes podr\u00e1n disfrutar del caracter\u00edstico sonido de los instrumentos de cuerda, Stands de Artesanos, Espect\u00e1culos folcl\u00f3ricos, presentaciones de artistas y academias y de los sabores aut\u00f3ctonos de nuestra provincia.<\/p>\n\n\n\n<p>Desde la organizaci\u00f3n invitan a ser parte de una fiesta bien santiague\u00f1a para disfrutar en familia y con amigos, los esperamos.<\/p>\n\n\n\n<figure class=\"wp-block-video\"><video height=\"234\" style=\"aspect-ratio: 426 \/ 234;\" width=\"426\" controls src=\"http:\/\/elterritorialweb.com.ar\/web\/wp-content\/uploads\/2022\/06\/1656335538185_1656335538186.mp4\"><\/video><\/figure>\n","protected":false},"excerpt":{"rendered":"<p>En el marco de los festejos por el 469\u00b0 Aniversario de la Madre de Ciudades, invitamos a participar de la 8va Marcha de las Cuerdas y Fuelles Santiague\u00f1os a realizarse este 15 y 16 de Julio frente a la chimenea San Germain.<\/p>\n","protected":false},"author":2,"featured_media":41639,"comment_status":"open","ping_status":"open","sticky":false,"template":"","format":"standard","meta":{"om_disable_all_campaigns":false,"_monsterinsights_skip_tracking":false,"_monsterinsights_sitenote_active":false,"_monsterinsights_sitenote_note":"","_monsterinsights_sitenote_category":0,"_uf_show_specific_survey":0,"_uf_disable_surveys":false,"jetpack_post_was_ever_published":false,"_jetpack_newsletter_access":"","_jetpack_dont_email_post_to_subs":false,"_jetpack_newsletter_tier_id":0,"_jetpack_memberships_contains_paywalled_content":false,"_jetpack_memberships_contains_paid_content":false,"footnotes":"","jetpack_publicize_message":"","jetpack_publicize_feature_enabled":true,"jetpack_social_post_already_shared":false,"jetpack_social_options":{"image_generator_settings":{"template":"highway","default_image_id":0,"font":"","enabled":false},"version":2}},"categories":[20],"tags":[],"class_list":["post-41637","post","type-post","status-publish","format-standard","has-post-thumbnail","hentry","category-especysociales"],"aioseo_notices":[],"views":9,"jetpack_publicize_connections":[],"jetpack_featured_media_url":"https:\/\/i0.wp.com\/elterritorialweb.com.ar\/web\/wp-content\/uploads\/2022\/06\/marcha-cuerdas.jpg?fit=1496%2C1000","jetpack_sharing_enabled":true,"_links":{"self":[{"href":"http:\/\/elterritorialweb.com.ar\/web\/wp-json\/wp\/v2\/posts\/41637","targetHints":{"allow":["GET"]}}],"collection":[{"href":"http:\/\/elterritorialweb.com.ar\/web\/wp-json\/wp\/v2\/posts"}],"about":[{"href":"http:\/\/elterritorialweb.com.ar\/web\/wp-json\/wp\/v2\/types\/post"}],"author":[{"embeddable":true,"href":"http:\/\/elterritorialweb.com.ar\/web\/wp-json\/wp\/v2\/users\/2"}],"replies":[{"embeddable":true,"href":"http:\/\/elterritorialweb.com.ar\/web\/wp-json\/wp\/v2\/comments?post=41637"}],"version-history":[{"count":1,"href":"http:\/\/elterritorialweb.com.ar\/web\/wp-json\/wp\/v2\/posts\/41637\/revisions"}],"predecessor-version":[{"id":41640,"href":"http:\/\/elterritorialweb.com.ar\/web\/wp-json\/wp\/v2\/posts\/41637\/revisions\/41640"}],"wp:featuredmedia":[{"embeddable":true,"href":"http:\/\/elterritorialweb.com.ar\/web\/wp-json\/wp\/v2\/media\/41639"}],"wp:attachment":[{"href":"http:\/\/elterritorialweb.com.ar\/web\/wp-json\/wp\/v2\/media?parent=41637"}],"wp:term":[{"taxonomy":"category","embeddable":true,"href":"http:\/\/elterritorialweb.com.ar\/web\/wp-json\/wp\/v2\/categories?post=41637"},{"taxonomy":"post_tag","embeddable":true,"href":"http:\/\/elterritorialweb.com.ar\/web\/wp-json\/wp\/v2\/tags?post=41637"}],"curies":[{"name":"wp","href":"https:\/\/api.w.org\/{rel}","templated":true}]}}