{"id":41641,"date":"2022-06-27T22:48:42","date_gmt":"2022-06-27T22:48:42","guid":{"rendered":"http:\/\/elterritorialweb.com.ar\/web\/?p=41641"},"modified":"2022-06-27T22:48:43","modified_gmt":"2022-06-27T22:48:43","slug":"la-unse-y-el-inadi-firmaron-acuerdo-de-cooperacion-mutua","status":"publish","type":"post","link":"http:\/\/elterritorialweb.com.ar\/web\/la-unse-y-el-inadi-firmaron-acuerdo-de-cooperacion-mutua\/","title":{"rendered":"LA UNSE Y EL INADI FIRMARON ACUERDO DE COOPERACI\u00d3N MUTUA"},"content":{"rendered":"\n<p>A trav\u00e9s de este convenio, la UNSE brindar\u00e1 al organismo nacional servicios de investigaci\u00f3n cient\u00edfica y t\u00e9cnica que sirvan para el dise\u00f1o de pol\u00edticas. Mientras que el INADI permitir\u00e1 incorporar a estudiantes que puedan completar su formaci\u00f3n a trav\u00e9s de pasant\u00edas y pr\u00e1cticas profesionales.<br>Durante la reuni\u00f3n, el rector inform\u00f3 que tambi\u00e9n se buscar\u00e1 \u201cpromover proyectos de extensi\u00f3n con voluntariados y equipos de docentes, estudiantes, graduados y no docentes que se dediquen a trabajar en temas que desde la delegaci\u00f3n local del Inadi nos puedan marcar como urgentes\u201d.<br>La UNSE tiene una larga trayectoria en investigaci\u00f3n sobre derechos humanos, pueblos originarios, movimientos campesinos y afrodescendencia.<\/p>\n\n\n\n<figure class=\"wp-block-image size-full\"><a href=\"https:\/\/i0.wp.com\/elterritorialweb.com.ar\/web\/wp-content\/uploads\/2022\/06\/IMG-20220627-WA0005.jpg\"><img data-recalc-dims=\"1\" decoding=\"async\" width=\"640\" height=\"412\" data-src=\"https:\/\/i0.wp.com\/elterritorialweb.com.ar\/web\/wp-content\/uploads\/2022\/06\/IMG-20220627-WA0005.jpg?resize=640%2C412\" alt=\"\" class=\"wp-image-41642 lazyload\" data-srcset=\"https:\/\/i0.wp.com\/elterritorialweb.com.ar\/web\/wp-content\/uploads\/2022\/06\/IMG-20220627-WA0005.jpg?w=960 960w, https:\/\/i0.wp.com\/elterritorialweb.com.ar\/web\/wp-content\/uploads\/2022\/06\/IMG-20220627-WA0005.jpg?resize=300%2C193 300w, https:\/\/i0.wp.com\/elterritorialweb.com.ar\/web\/wp-content\/uploads\/2022\/06\/IMG-20220627-WA0005.jpg?resize=768%2C494 768w\" data-sizes=\"(max-width: 640px) 100vw, 640px\" src=\"data:image\/svg+xml;base64,PHN2ZyB3aWR0aD0iMSIgaGVpZ2h0PSIxIiB4bWxucz0iaHR0cDovL3d3dy53My5vcmcvMjAwMC9zdmciPjwvc3ZnPg==\" style=\"--smush-placeholder-width: 640px; --smush-placeholder-aspect-ratio: 640\/412;\" \/><\/a><\/figure>\n\n\n\n<p>Por su parte, Donda destac\u00f3 la importancia del trabajo colaborativo con la Universidad \u201cporque conoce el territorio y nos permite llegar a otros lugares a los que desde la gesti\u00f3n y el Estado nos cuesta\u201d.<br>Durante el encuentro se record\u00f3 que recientemente el INADI public\u00f3 el Mapa de la Discriminaci\u00f3n en Argentina, en el que se estableci\u00f3 que la principal causa de discriminaci\u00f3n en el pa\u00eds es el racismo asociado a la pobreza. \u201cY en este sentido tambi\u00e9n sabemos que la forma de garantizar derechos tiene que ver con la forma de definir los presupuestos\u201d, afirm\u00f3 Victoria Donda.<br>Del acto de firma de convenio participaron tambi\u00e9n, la vicerrectora Marcela Ju\u00e1rez, el director de la EIE, Francisco Muratore, los secretarios de Bienestar Estudiantil, Gustavo Dur\u00e1n, y de Extensi\u00f3n, Sergio Zamora, la subsecretaria de Comunicaciones, Gabriela Moyano, y el responsable de Extensi\u00f3n de la EIE, Edgardo Argibay.<br>Por el Inadi, estuvieron presentes la delegada local, Luisa Paz, y el delegado de Tucum\u00e1n, Pablo Guti\u00e9rrez, entre otros.<\/p>\n","protected":false},"excerpt":{"rendered":"<p>En la sala de Consejo Superior se firm\u00f3 el viernes pasado un convenio de cooperaci\u00f3n acad\u00e9mica, cient\u00edfica y t\u00e9cnica entre la Universidad Nacional de Santiago del Estero y el Instituto Nacional Contra la Discriminaci\u00f3n, la Xenofobia y el Racismo (Inadi), rubricado por el rector H\u00e9ctor Paz y la titular del organismo nacional, Victoria Donda P\u00e9rez.<\/p>\n","protected":false},"author":2,"featured_media":41643,"comment_status":"open","ping_status":"open","sticky":false,"template":"","format":"standard","meta":{"om_disable_all_campaigns":false,"_monsterinsights_skip_tracking":false,"_monsterinsights_sitenote_active":false,"_monsterinsights_sitenote_note":"","_monsterinsights_sitenote_category":0,"_uf_show_specific_survey":0,"_uf_disable_surveys":false,"jetpack_post_was_ever_published":false,"_jetpack_newsletter_access":"","_jetpack_dont_email_post_to_subs":false,"_jetpack_newsletter_tier_id":0,"_jetpack_memberships_contains_paywalled_content":false,"_jetpack_memberships_contains_paid_content":false,"footnotes":"","jetpack_publicize_message":"","jetpack_publicize_feature_enabled":true,"jetpack_social_post_already_shared":false,"jetpack_social_options":{"image_generator_settings":{"template":"highway","default_image_id":0,"font":"","enabled":false},"version":2}},"categories":[19],"tags":[],"class_list":["post-41641","post","type-post","status-publish","format-standard","has-post-thumbnail","hentry","category-educacion"],"aioseo_notices":[],"views":10,"jetpack_publicize_connections":[],"jetpack_featured_media_url":"https:\/\/i0.wp.com\/elterritorialweb.com.ar\/web\/wp-content\/uploads\/2022\/06\/IMG-20220627-WA0006.jpg?fit=1280%2C699","jetpack_sharing_enabled":true,"_links":{"self":[{"href":"http:\/\/elterritorialweb.com.ar\/web\/wp-json\/wp\/v2\/posts\/41641","targetHints":{"allow":["GET"]}}],"collection":[{"href":"http:\/\/elterritorialweb.com.ar\/web\/wp-json\/wp\/v2\/posts"}],"about":[{"href":"http:\/\/elterritorialweb.com.ar\/web\/wp-json\/wp\/v2\/types\/post"}],"author":[{"embeddable":true,"href":"http:\/\/elterritorialweb.com.ar\/web\/wp-json\/wp\/v2\/users\/2"}],"replies":[{"embeddable":true,"href":"http:\/\/elterritorialweb.com.ar\/web\/wp-json\/wp\/v2\/comments?post=41641"}],"version-history":[{"count":1,"href":"http:\/\/elterritorialweb.com.ar\/web\/wp-json\/wp\/v2\/posts\/41641\/revisions"}],"predecessor-version":[{"id":41644,"href":"http:\/\/elterritorialweb.com.ar\/web\/wp-json\/wp\/v2\/posts\/41641\/revisions\/41644"}],"wp:featuredmedia":[{"embeddable":true,"href":"http:\/\/elterritorialweb.com.ar\/web\/wp-json\/wp\/v2\/media\/41643"}],"wp:attachment":[{"href":"http:\/\/elterritorialweb.com.ar\/web\/wp-json\/wp\/v2\/media?parent=41641"}],"wp:term":[{"taxonomy":"category","embeddable":true,"href":"http:\/\/elterritorialweb.com.ar\/web\/wp-json\/wp\/v2\/categories?post=41641"},{"taxonomy":"post_tag","embeddable":true,"href":"http:\/\/elterritorialweb.com.ar\/web\/wp-json\/wp\/v2\/tags?post=41641"}],"curies":[{"name":"wp","href":"https:\/\/api.w.org\/{rel}","templated":true}]}}