{"id":41652,"date":"2022-06-28T17:25:12","date_gmt":"2022-06-28T17:25:12","guid":{"rendered":"http:\/\/elterritorialweb.com.ar\/web\/?p=41652"},"modified":"2022-06-28T17:34:29","modified_gmt":"2022-06-28T17:34:29","slug":"jornada-de-despatologizacion-de-las-orientaciones-sexualesy-expresiones-de-genero","status":"publish","type":"post","link":"http:\/\/elterritorialweb.com.ar\/web\/jornada-de-despatologizacion-de-las-orientaciones-sexualesy-expresiones-de-genero\/","title":{"rendered":"JORNADA DE DESPATOLOGIZACI\u00d3N DE LAS ORIENTACIONES SEXUALES Y EXPRESIONES DE G\u00c9NERO"},"content":{"rendered":"\n<p>En el marco de las actividades organizadas por el D\u00eda Internacional del Orgullo LGBT+, se llev\u00f3 a cabo una jornada sobre Despatologizaci\u00f3n de las Orientaciones Sexuales y Expresiones de G\u00e9nero. <\/p>\n\n\n\n<p>El objetivo es visibilizar la orientaci\u00f3n sexual e informar, desde una mirada cient\u00edfica para erradicar prejuicios en cuanto a la patologizaci\u00f3n de la misma en los diferentes \u00e1mbitos sociales, e incluso profesionales que hasta hoy persisten.<\/p>\n\n\n\n<p>Estuvieron presentes la secretaria de Derechos Humanos, Daniela \u00c1guila; la directora de G\u00e9nero, Cecilia Sampaolesi; la coordinadora de Pol\u00edticas de Salud Inclusiva perteneciente al Ministerio de las Mujeres, G\u00e9neros y Diversidad, Valeria Pav\u00e1n; la jueza de G\u00e9nero, Norma Mor\u00e1n, y la delegada del Inadi en Santiago del Estero, Luisa Paz, entre otras autoridades y representantes de instituciones.<\/p>\n","protected":false},"excerpt":{"rendered":"<p>Se realiz\u00f3 esta ma\u00f1ana en el sal\u00f3n Audit\u00f3rium del CCB.<\/p>\n","protected":false},"author":2,"featured_media":41653,"comment_status":"open","ping_status":"open","sticky":false,"template":"","format":"standard","meta":{"om_disable_all_campaigns":false,"_monsterinsights_skip_tracking":false,"_monsterinsights_sitenote_active":false,"_monsterinsights_sitenote_note":"","_monsterinsights_sitenote_category":0,"_uf_show_specific_survey":0,"_uf_disable_surveys":false,"jetpack_post_was_ever_published":false,"_jetpack_newsletter_access":"","_jetpack_dont_email_post_to_subs":false,"_jetpack_newsletter_tier_id":0,"_jetpack_memberships_contains_paywalled_content":false,"_jetpack_memberships_contains_paid_content":false,"footnotes":"","jetpack_publicize_message":"","jetpack_publicize_feature_enabled":true,"jetpack_social_post_already_shared":false,"jetpack_social_options":{"image_generator_settings":{"template":"highway","default_image_id":0,"font":"","enabled":false},"version":2}},"categories":[21],"tags":[],"class_list":["post-41652","post","type-post","status-publish","format-standard","has-post-thumbnail","hentry","category-locales"],"aioseo_notices":[],"views":9,"jetpack_publicize_connections":[],"jetpack_featured_media_url":"https:\/\/i0.wp.com\/elterritorialweb.com.ar\/web\/wp-content\/uploads\/2022\/06\/jornada-en-CCB.jpg?fit=871%2C593","jetpack_sharing_enabled":true,"_links":{"self":[{"href":"http:\/\/elterritorialweb.com.ar\/web\/wp-json\/wp\/v2\/posts\/41652","targetHints":{"allow":["GET"]}}],"collection":[{"href":"http:\/\/elterritorialweb.com.ar\/web\/wp-json\/wp\/v2\/posts"}],"about":[{"href":"http:\/\/elterritorialweb.com.ar\/web\/wp-json\/wp\/v2\/types\/post"}],"author":[{"embeddable":true,"href":"http:\/\/elterritorialweb.com.ar\/web\/wp-json\/wp\/v2\/users\/2"}],"replies":[{"embeddable":true,"href":"http:\/\/elterritorialweb.com.ar\/web\/wp-json\/wp\/v2\/comments?post=41652"}],"version-history":[{"count":2,"href":"http:\/\/elterritorialweb.com.ar\/web\/wp-json\/wp\/v2\/posts\/41652\/revisions"}],"predecessor-version":[{"id":41655,"href":"http:\/\/elterritorialweb.com.ar\/web\/wp-json\/wp\/v2\/posts\/41652\/revisions\/41655"}],"wp:featuredmedia":[{"embeddable":true,"href":"http:\/\/elterritorialweb.com.ar\/web\/wp-json\/wp\/v2\/media\/41653"}],"wp:attachment":[{"href":"http:\/\/elterritorialweb.com.ar\/web\/wp-json\/wp\/v2\/media?parent=41652"}],"wp:term":[{"taxonomy":"category","embeddable":true,"href":"http:\/\/elterritorialweb.com.ar\/web\/wp-json\/wp\/v2\/categories?post=41652"},{"taxonomy":"post_tag","embeddable":true,"href":"http:\/\/elterritorialweb.com.ar\/web\/wp-json\/wp\/v2\/tags?post=41652"}],"curies":[{"name":"wp","href":"https:\/\/api.w.org\/{rel}","templated":true}]}}